{"id":667541,"date":"2026-01-16T11:12:12","date_gmt":"2026-01-16T11:12:12","guid":{"rendered":"https:\/\/www.europesays.com\/fr\/667541\/"},"modified":"2026-01-16T11:12:12","modified_gmt":"2026-01-16T11:12:12","slug":"dans-le-13e-la-fresque-inflammable-dador","status":"publish","type":"post","link":"https:\/\/www.europesays.com\/fr\/667541\/","title":{"rendered":"dans le 13e, la fresque inflammable d\u2019Ador"},"content":{"rendered":"\n<p class=\"article__chapeau\">Chaque semaine, \u201cT\u00e9l\u00e9rama\u201d arpente les murs de Paris \u00e0 la recherche des plus belles cr\u00e9ations de street-artistes en acc\u00e8s libre. Aujourd\u2019hui, direction le 13\u1d49 arrondissement avec une peinture \u00e0 teneur politique du Nantais Ador.<\/p>\n<p>              <a href=\"https:\/\/www.europesays.com\/fr\/wp-content\/uploads\/2026\/01\/326c040_upload-1-bwnzrpht2vwv-img-9081.jpg\" data-pswp-width=\"\" data-pswp-height=\"\" class=\"media__hd\" target=\"_blank\">      <img decoding=\"async\" fetchpriority=\"high\" src=\"https:\/\/www.europesays.com\/fr\/wp-content\/uploads\/2026\/01\/326c040_upload-1-bwnzrpht2vwv-img-9081.jpg\" class=\"media__picture js-media-zoom-main \" alt=\"Fresque du street-artiste Ador, Paris, d\u00e9cembre 2025.&#10;\" title=\"Photo Olivier Granoux pour T\u00e9l\u00e9rama\"\/>      <\/p>\n<p class=\"media__legend\"> Fresque du street-artiste Ador, Paris, d\u00e9cembre 2025.<br \/>\n  Photo Olivier Granoux pour T\u00e9l\u00e9rama  <\/p>\n<p>     <\/a>                    <\/p>\n<p class=\"author author--simple\">Par  <a class=\"author author--link\" href=\"https:\/\/www.telerama.fr\/recherche\/articles?q=Olivier+Granoux\" target=\"_blank\" rel=\"noopener\"> Olivier Granoux <\/a>    <\/p>\n<p class=\"publication__date\">Publi\u00e9 le 16 janvier 2026 \u00e0 12h02<\/p>\n<p>   Partager   <\/p>\n<ul class=\"sharing-popin--results\">\n<li class=\"sharing-popin--item sharing-popin--item-container\"> Partage  <\/li>\n<li data-share=\"linkedin\" class=\"sharing-popin--item\">  LinkedIn <\/li>\n<li data-share=\"facebook\" class=\"sharing-popin--item\">  Facebook <\/li>\n<li data-share=\"mail\" data-social=\"mail\" class=\"sharing-popin--item\">  Envoyer par email <\/li>\n<li data-share=\"copy\" class=\"sharing-popin--item\">  Copier le lien <\/li>\n<\/ul>\n<p>        Favoris       <\/p>\n<p>                <a class=\"openapp__link\" data-event=\"click-open-app\" data-deep-link=\"tlrm:\/\/element?id=\/restos-loisirs\/le-meilleur-de-l-art-urbain-a-paris-dans-le-13e-la-fresque-inflammable-d-ador-7029219.php&amp;source=deeplink_site\">  Lire dans l&rsquo;application<br \/>\n  <\/a>                               <\/p>\n<p class=\"paragraph\">Le Nantais Ador est pass\u00e9 par Paris mi-d\u00e9cembre pour d\u00e9dicacer son dernier livre, L\u2019Aversion des vainqueurs, \u00e0 la librairie-galerie Le Lavomatik, dans le 13\u1d49. Il en a profit\u00e9 pour peindre une fresque sur le mur ext\u00e9rieur de la boutique.<\/p>\n<p class=\"paragraph\">On y retrouve le style caract\u00e9ristique du peintre, n\u00e9 en\u00a01985, qui s\u2019est lanc\u00e9 dans le street art au d\u00e9but des ann\u00e9es\u00a02000\u00a0: un trait proche du dessin et de la caricature, avec des personnages color\u00e9s, au long nez et court sur pattes. Mais, comme souvent chez lui, si au premier abord la repr\u00e9sentation pleine de bonhomie attire l\u2019\u0153il pour faire stopper le passant, une lecture plus approfondie de la fresque r\u00e9v\u00e8le des d\u00e9tails qui viennent parasiter la bonne humeur de d\u00e9part.<\/p>\n<p class=\"paragraph\">Exemple ici, o\u00f9 le doux dingue cartoonesque qui sort du g\u00e2teau d\u2019anniversaire fait un peu flipper, avec son troisi\u00e8me \u0153il. C\u2019est un clin d\u2019\u0153il \u00e0 l\u2019actualit\u00e9 directe d\u2019Ador, puisque l\u2019homme aux trois yeux renvoie aux personnages de son dernier livre. Mais, outre le personnage, ce sont les autres \u00e9l\u00e9ments de la fresque qui indiquent que l\u2019ambiance n\u2019est pas vraiment \u00e0 la f\u00eate\u00a0: le g\u00e2teau en pierre ressemble plus \u00e0 une barricade qu\u2019\u00e0 un entremets gourmand, et les bougies indiquent un \u00e2ge mystique, 1312, chiffre connu des manifestants comme \u00e9tant l\u2019acronyme cod\u00e9 de l\u2019injure anti-flics ACAB (\u00ab\u00a0All Cops Are Bastards\u00a0\u00bb). Sans parler des cocktails Molotov que le personnage tient dans chaque main\u2026<\/p>\n<p class=\"paragraph\">Sous ses faux airs enjou\u00e9s et simplistes, la fresque incarne ainsi plus un hymne \u00e0 la r\u00e9bellion, un appel \u00e0 ne pas se laisser faire\u00a0; \u00e0 se d\u00e9fendre contre l\u2019injustice et l\u2019ordre \u00e9tabli. L\u2019art urbain est loin d\u2019\u00eatre toujours sage, et Ador en est la preuve\u2026<\/p>\n<p class=\"paragraph\"><strong>O\u00f9\u00a0?<\/strong> Au Lavomatik, 20, boulevard du G\u00e9n\u00e9ral-d\u2019Arm\u00e9e-Jean-Simon, Paris 13\u1d49. Et <a target=\"_blank\" href=\"https:\/\/www.instagram.com\/ador_2049\/\" rel=\"noopener\">sur Instagram<\/a><\/p>\n<p>Retrouvez chaque semaine une fresque urbaine rep\u00e9r\u00e9e dans les rues de Paris.<\/p>\n<p class=\"edito__prefixe\">   \u00c0 lire aussi :   <\/p>\n<p class=\"edito__text-container\">   <a alt=\"Lire aussi\" href=\"https:\/\/www.telerama.fr\/arts-expositions\/on-a-visite-le-mausolee-temple-longtemps-secret-du-graffiti-pres-de-la-villette-a-paris-7028787.php\" class=\"article__title--edito\" target=\"_blank\" rel=\"noopener\">On a visit\u00e9 le \u201cMausol\u00e9e\u201d, temple longtemps secret du graffiti pr\u00e8s de La Villette \u00e0 Paris<\/a>  <\/p>\n<p>               <script async src=\"\/\/www.instagram.com\/embed.js\"><\/script><\/p>\n","protected":false},"excerpt":{"rendered":"Chaque semaine, \u201cT\u00e9l\u00e9rama\u201d arpente les murs de Paris \u00e0 la recherche des plus belles cr\u00e9ations de street-artistes en&hellip;\n","protected":false},"author":2,"featured_media":667542,"comment_status":"","ping_status":"","sticky":false,"template":"","format":"standard","meta":{"footnotes":""},"categories":[1888],"tags":[11,1777,674,1011,27,12,626,25],"class_list":{"0":"post-667541","1":"post","2":"type-post","3":"status-publish","4":"format-standard","5":"has-post-thumbnail","7":"category-paris","8":"tag-actualites","9":"tag-eu","10":"tag-europe","11":"tag-fr","12":"tag-france","13":"tag-news","14":"tag-paris","15":"tag-republique-francaise"},"share_on_mastodon":{"url":"https:\/\/pubeurope.com\/@fr\/115904482182874666","error":""},"_links":{"self":[{"href":"https:\/\/www.europesays.com\/fr\/wp-json\/wp\/v2\/posts\/667541","targetHints":{"allow":["GET"]}}],"collection":[{"href":"https:\/\/www.europesays.com\/fr\/wp-json\/wp\/v2\/posts"}],"about":[{"href":"https:\/\/www.europesays.com\/fr\/wp-json\/wp\/v2\/types\/post"}],"author":[{"embeddable":true,"href":"https:\/\/www.europesays.com\/fr\/wp-json\/wp\/v2\/users\/2"}],"replies":[{"embeddable":true,"href":"https:\/\/www.europesays.com\/fr\/wp-json\/wp\/v2\/comments?post=667541"}],"version-history":[{"count":0,"href":"https:\/\/www.europesays.com\/fr\/wp-json\/wp\/v2\/posts\/667541\/revisions"}],"wp:featuredmedia":[{"embeddable":true,"href":"https:\/\/www.europesays.com\/fr\/wp-json\/wp\/v2\/media\/667542"}],"wp:attachment":[{"href":"https:\/\/www.europesays.com\/fr\/wp-json\/wp\/v2\/media?parent=667541"}],"wp:term":[{"taxonomy":"category","embeddable":true,"href":"https:\/\/www.europesays.com\/fr\/wp-json\/wp\/v2\/categories?post=667541"},{"taxonomy":"post_tag","embeddable":true,"href":"https:\/\/www.europesays.com\/fr\/wp-json\/wp\/v2\/tags?post=667541"}],"curies":[{"name":"wp","href":"https:\/\/api.w.org\/{rel}","templated":true}]}}