{"id":667555,"date":"2026-01-16T11:19:11","date_gmt":"2026-01-16T11:19:11","guid":{"rendered":"https:\/\/www.europesays.com\/fr\/667555\/"},"modified":"2026-01-16T11:19:11","modified_gmt":"2026-01-16T11:19:11","slug":"cest-quoi-cet-accord-dassociation-ue-israel-dont-une-petition-portee-par-lfi-exige-la-suppression","status":"publish","type":"post","link":"https:\/\/www.europesays.com\/fr\/667555\/","title":{"rendered":"C\u2019est quoi cet accord d\u2019association UE-Isra\u00ebl dont une p\u00e9tition port\u00e9e par LFI exige la suppression\u00a0?"},"content":{"rendered":"<p class=\"paragraph text_align_left lp-f-body-02\"><a href=\"https:\/\/www.leparisien.fr\/international\/guerre-a-gaza-cinq-minutes-pour-comprendre-le-reexamen-de-laccord-dassociation-entre-lue-et-israel-21-05-2025-OQRWGE7XJ5FK5KM3QKKOZSIHF4.php\" target=\"_blank\" rel=\"noreferrer noopener\">L\u2019accord d\u2019association UE-Isra\u00ebl<\/a> dans le viseur d\u2019une partie des eurod\u00e9put\u00e9es. L\u2019Alliance de la gauche europ\u00e9enne, compos\u00e9e notamment de La France insoumise, a lanc\u00e9 mardi <a href=\"https:\/\/www.leparisien.fr\/politique\/plus-de-100-000-personnes-signent-la-petition-lfi-pour-exiger-la-suspension-de-laccord-dassociation-eu-israel-14-01-2026-FXWHUAXGH5EYDF6FLUFE3IWWVM.php\" target=\"_blank\" rel=\"noreferrer noopener\">une p\u00e9tition<\/a> pour exiger \u00ab la suspension totale \u00bb de cet accord, peut-on lire sur <a href=\"https:\/\/eci.ec.europa.eu\/055\/public\/#\/screen\/home\" rel=\"noopener\" target=\"_blank\">le site des initiatives citoyennes europ\u00e9ennes<\/a> (ICE).<\/p>\n<p class=\"\">Ce vendredi, elle a d\u00e9j\u00e0 r\u00e9colt\u00e9 pr\u00e8s de 200 000 signatures. Invoquant la guerre men\u00e9e par Isra\u00ebl <a href=\"https:\/\/www.leparisien.fr\/international\/israel\/\" target=\"_blank\" rel=\"noreferrer noopener\">dans la bande de Gaza<\/a> depuis plus de deux ans, l\u2019Alliance de la gauche europ\u00e9enne d\u00e9nonce un accord \u00ab qui contribue \u00e0 l\u00e9gitimer et \u00e0 financer un \u00c9tat commettant des crimes contre l\u2019humanit\u00e9 \u00bb. Le Parisien fait le point sur cet accord qui fait d\u00e9bat.<\/p>\n<p>En quoi consiste-t-il ?<\/p>\n<p class=\"\">Cet accord d\u2019association UE-Isra\u00ebl \u00ab constitue la pierre angulaire de la coop\u00e9ration bilat\u00e9rale entre l\u2019UE et Isra\u00ebl en mati\u00e8re de commerce, d\u2019\u00e9conomie et de politique \u00bb, peut-on lire dans l\u2019ICE.<\/p>\n<p class=\"\"><a href=\"https:\/\/eeas.europa.eu\/archives\/delegations\/israel\/documents\/eu_israel\/asso_agree_en.pdf\" target=\"_blank\" rel=\"noreferrer noopener\">Le texte<\/a>, sign\u00e9 en 1995 mais en vigueur depuis 2000, fournit en effet un cadre juridique et institutionnel pour \u00ab le dialogue politique et la coop\u00e9ration \u00e9conomique \u00bb entre l\u2019UE et Isra\u00ebl, explique la <a href=\"https:\/\/trade.ec.europa.eu\/access-to-markets\/fr\/content\/accord-dassociation-ue-israel\" rel=\"noopener\" target=\"_blank\">Commission europ\u00e9enne<\/a>. Il permet de faciliter les \u00e9changes commerciaux dans un cadre de libre-\u00e9change dans plusieurs secteurs, comme l\u2019industrie ou l\u2019agriculture.<\/p>\n<p class=\"\">L\u2019Union europ\u00e9enne est le premier partenaire commercial d\u2019Isra\u00ebl, rappelle la Commission europ\u00e9enne sur <a href=\"https:\/\/policy.trade.ec.europa.eu\/eu-trade-relationships-country-and-region\/countries-and-regions\/israel_en\" target=\"_blank\" rel=\"noreferrer noopener\">son site<\/a>. En 2024, 28,8 % des exportations isra\u00e9liennes \u00e9taient destin\u00e9es \u00e0 l\u2019UE, tandis que 34,2 % des importations du pays provenaient des Vingt-Sept, d\u00e9taille-t-elle. L\u2019an dernier, les \u00e9changes commerciaux de marchandises entre l\u2019UE et l\u2019\u00c9tat h\u00e9breu ont atteint 42,6 milliards d\u2019euros.<\/p>\n<p class=\"\">Par ailleurs, selon son article 2, l\u2019accord s\u2019appuie sur le \u00ab respect des droits de l\u2019Homme et des principes d\u00e9mocratiques dans la politique int\u00e9rieure et ext\u00e9rieure \u00bb.<\/p>\n<p class=\"\">Depuis son entr\u00e9e en vigueur, le texte a progressivement \u00e9volu\u00e9, permettant \u00e0 Isra\u00ebl d\u2019int\u00e9grer plusieurs politiques communautaires europ\u00e9ennes. Ainsi, rappelle <a href=\"https:\/\/www.touteleurope.eu\/l-ue-dans-le-monde\/qu-est-ce-que-l-accord-d-association-entre-l-ue-et-israel\/\" target=\"_blank\" rel=\"noreferrer noopener\">le site Toute l\u2019Europe<\/a>, l\u2019\u00c9tat h\u00e9breu a \u00e9t\u00e9 int\u00e9gr\u00e9 \u00e0 \u00ab la politique de voisinage de l\u2019UE \u00bb, au partenariat Euromed ou encore au programme Erasmus. Isra\u00ebl participe aussi au programme Horizon Europe pour l\u2019innovation et la recherche.<\/p>\n<p>Pourquoi sa suppression est r\u00e9clam\u00e9e ?<\/p>\n<p class=\"\">Les citoyens europ\u00e9ens \u00ab ne peuvent tol\u00e9rer \u00bb que cet accord \u00ab contribue \u00e0 l\u00e9gitimer et \u00e0 financer un \u00c9tat qui commet des crimes contre l\u2019humanit\u00e9 et des crimes de guerre \u00bb, est-il \u00e9crit dans la p\u00e9tition, en r\u00e9f\u00e9rence \u00e0 la guerre men\u00e9e par Isra\u00ebl \u00e0 Gaza depuis plus de deux ans, en riposte \u00e0 l\u2019attaque du Hamas sur le territoire isra\u00e9lien le 7 octobre 2023.<\/p>\n<p class=\"\">Plus largement, c\u2019est une p\u00e9tition pour la \u00ab fin de la complicit\u00e9 de l\u2019Union europ\u00e9enne avec le g\u00e9nocide en Palestine \u00bb, a expliqu\u00e9 la vice-pr\u00e9sidente du groupe Insoumis \u00e0 l\u2019Assembl\u00e9e nationale Cl\u00e9mence Guett\u00e9 sur X.<\/p>\n<p class=\"\">Dans <a href=\"https:\/\/lafranceinsoumise.fr\/2026\/01\/13\/pour-la-suspension-de-laccord-dassociation-ue-israel-et-la-fin-de-la-complicite-de-leurope-dans-le-genocide-en-palestine\/\" target=\"_blank\" rel=\"noreferrer noopener\">un communiqu\u00e9<\/a>, La France insoumise fustige que \u00ab l\u2019UE et la France n\u2019ont d\u00e9ploy\u00e9 <a href=\"https:\/\/www.leparisien.fr\/international\/israel\/gaza-une-association-dexperts-en-droit-international-intente-une-action-en-justice-face-a-l-inaction-grave-de-lue-16-07-2025-KTIPJF3MOJE2RGWPOVYLSHOMWQ.php\" target=\"_blank\" rel=\"noreferrer noopener\">aucune sanction<\/a> contre Isra\u00ebl et continuent de traiter le pays comme un partenaire privil\u00e9gi\u00e9 \u00bb alors que \u00ab les crimes de guerre et crimes contre l\u2019humanit\u00e9 commis par le gouvernement Netanyahou <a href=\"https:\/\/www.leparisien.fr\/international\/une-punition-collective-cruelle-israel-accuse-de-faire-du-controle-de-laide-humanitaire-a-gaza-une-arme-de-guerre-05-05-2025-KZ7REHFECBG67GQDVD5XLCO4CI.php\" target=\"_blank\" rel=\"noreferrer noopener\">sont parfaitement document\u00e9s<\/a> et connus de tous \u00bb.<\/p>\n<p class=\"\">Pour appuyer leur demande, les porteurs de l\u2019ICE citent <a href=\"https:\/\/euobserver.com\/eu-and-the-world\/ar0246a0da\" target=\"_blank\" rel=\"noreferrer noopener\">une note du Service europ\u00e9en d\u2019action ext\u00e9rieure<\/a> datant de juin 2025, \u00e9voquant des violations r\u00e9p\u00e9t\u00e9es du droit international humanitaire \u00e0 Gaza et en Cisjordanie, et <a href=\"https:\/\/www.icj-cij.org\/fr\/node\/203447\" target=\"_blank\" rel=\"noreferrer noopener\">une ordonnance de la Cour internationale de justice<\/a> datant de janvier 2024 qui appelle Isra\u00ebl \u00e0 pr\u00e9venir tout risque de g\u00e9nocide.<\/p>\n<p class=\"\">Ce n\u2019est pas la premi\u00e8re fois que la suspension, ou au moins la r\u00e9vision, de cet accord est demand\u00e9e. En f\u00e9vrier 2025, plus de <a href=\"https:\/\/www.france-palestine.org\/Lettre-commune-de-la-societe-civile-en-vue-du-Conseil-d-association-Union\" target=\"_blank\" rel=\"noreferrer noopener\">120 organisations de la soci\u00e9t\u00e9 civile<\/a> avaient envoy\u00e9 \u00e0 l\u2019ex\u00e9cutif europ\u00e9en et aux \u00c9tats membres une lettre exhortant l\u2019UE \u00e0 discuter de la suspension du texte. En mai, les Pays-Bas avaient demand\u00e9 \u00ab un examen du respect par Isra\u00ebl de l\u2019article 2 \u00bb de l\u2019accord. Le chef de la diplomatie fran\u00e7aise, Jean-No\u00ebl Barrot, avait \u00e0 l\u2019\u00e9poque jug\u00e9 <a href=\"https:\/\/www.leparisien.fr\/international\/israel\/la-demande-de-revision-de-laccord-ue-israel-est-legitime-estime-le-chef-de-la-diplomatie-francaise-11-05-2025-IRDTEDMIX5BGXLMAKUYN32EWAA.php\" target=\"_blank\" rel=\"noreferrer noopener\">\u00ab l\u00e9gitime \u00bb<\/a> cette demande.<\/p>\n<p class=\"\">En septembre 2025, la pr\u00e9sidente de la Commission europ\u00e9enne, Ursula von der Leyen, avait propos\u00e9 une suspension partielle face \u00e0 une situation \u00ab inacceptable \u00bb dans l\u2019enclave palestinienne. Mais, devant les eurod\u00e9put\u00e9s, elle avait reconnu qu\u2019il serait toutefois \u00ab difficile \u00bb de trouver une majorit\u00e9 d\u2019\u00c9tats membres pour adopter ces mesures, tant les Vingt-Sept sont divis\u00e9s sur le sujet.<\/p>\n<p>Peut-il \u00eatre suspendu ?<\/p>\n<p class=\"\">Pour qu\u2019une initiative citoyenne europ\u00e9enne soit valable, elle doit recueillir au moins un million de signatures valides et obtenir les seuils minimums dans au moins sept pays, est-il rappel\u00e9 sur le site des initiatives citoyennes europ\u00e9ennes.<\/p>\n<p class=\"\">Ce dispositif n\u2019a toutefois pas d\u2019effet contraignant. Si le million de signatures est r\u00e9ellement atteint, la Commission est tenue d\u2019y r\u00e9pondre mais elle peut estimer \u00ab qu\u2019un acte l\u00e9gislatif constitue une r\u00e9ponse appropri\u00e9e \u00bb, <a href=\"https:\/\/citizens-initiative.europa.eu\/how-it-works_fr#Etape-5-Presenter-son-initiative\" rel=\"noopener\" target=\"_blank\">explique le site officiel de l\u2019UE<\/a>, sachant qu\u2019elle \u00ab n\u2019est pas tenue \u00bb d\u2019en proposer un.<\/p>\n<p class=\"\">La suspension de l\u2019accord n\u2019emp\u00eacherait pas les \u00e9changes entre l\u2019UE et l\u2019Isra\u00ebl, mais suspendrait les droits de douane pr\u00e9f\u00e9rentiels ou leurs exemptions.<\/p>\n","protected":false},"excerpt":{"rendered":"L\u2019accord d\u2019association UE-Isra\u00ebl dans le viseur d\u2019une partie des eurod\u00e9put\u00e9es. L\u2019Alliance de la gauche europ\u00e9enne, compos\u00e9e notamment de&hellip;\n","protected":false},"author":2,"featured_media":667556,"comment_status":"","ping_status":"","sticky":false,"template":"","format":"standard","meta":{"footnotes":""},"categories":[1586],"tags":[11,1777,674,1779,1011,27,12,316,25,1778,364],"class_list":{"0":"post-667555","1":"post","2":"type-post","3":"status-publish","4":"format-standard","5":"has-post-thumbnail","7":"category-europe","8":"tag-actualites","9":"tag-eu","10":"tag-europe","11":"tag-european-union","12":"tag-fr","13":"tag-france","14":"tag-news","15":"tag-politique","16":"tag-republique-francaise","17":"tag-ue","18":"tag-union-europeenne"},"share_on_mastodon":{"url":"https:\/\/pubeurope.com\/@fr\/115904509771444139","error":""},"_links":{"self":[{"href":"https:\/\/www.europesays.com\/fr\/wp-json\/wp\/v2\/posts\/667555","targetHints":{"allow":["GET"]}}],"collection":[{"href":"https:\/\/www.europesays.com\/fr\/wp-json\/wp\/v2\/posts"}],"about":[{"href":"https:\/\/www.europesays.com\/fr\/wp-json\/wp\/v2\/types\/post"}],"author":[{"embeddable":true,"href":"https:\/\/www.europesays.com\/fr\/wp-json\/wp\/v2\/users\/2"}],"replies":[{"embeddable":true,"href":"https:\/\/www.europesays.com\/fr\/wp-json\/wp\/v2\/comments?post=667555"}],"version-history":[{"count":0,"href":"https:\/\/www.europesays.com\/fr\/wp-json\/wp\/v2\/posts\/667555\/revisions"}],"wp:featuredmedia":[{"embeddable":true,"href":"https:\/\/www.europesays.com\/fr\/wp-json\/wp\/v2\/media\/667556"}],"wp:attachment":[{"href":"https:\/\/www.europesays.com\/fr\/wp-json\/wp\/v2\/media?parent=667555"}],"wp:term":[{"taxonomy":"category","embeddable":true,"href":"https:\/\/www.europesays.com\/fr\/wp-json\/wp\/v2\/categories?post=667555"},{"taxonomy":"post_tag","embeddable":true,"href":"https:\/\/www.europesays.com\/fr\/wp-json\/wp\/v2\/tags?post=667555"}],"curies":[{"name":"wp","href":"https:\/\/api.w.org\/{rel}","templated":true}]}}