{"id":667565,"date":"2026-01-16T11:25:17","date_gmt":"2026-01-16T11:25:17","guid":{"rendered":"https:\/\/www.europesays.com\/fr\/667565\/"},"modified":"2026-01-16T11:25:17","modified_gmt":"2026-01-16T11:25:17","slug":"rc-vannes-brive-les-infos-davant-match","status":"publish","type":"post","link":"https:\/\/www.europesays.com\/fr\/667565\/","title":{"rendered":"RC Vannes &#8211; Brive : les infos d&rsquo;avant-match"},"content":{"rendered":"<p>    <a class=\"gofollow\" data-track=\"NSwxLDEsNjA=\" href=\"https:\/\/agence.axa.fr\/distributeur\/0004602404\" target=\"_blank\" rel=\"noopener\"><img decoding=\"async\" src=\"data:image\/svg+xml,%3Csvg%20xmlns=\" http:=\"\" data-lazy-src=\"https:\/\/www.europesays.com\/fr\/wp-content\/uploads\/2025\/04\/axa-baniere-hd.jpg\" data-lazy-src-webp=\"https:\/\/www.europesays.com\/fr\/wp-content\/uploads\/2025\/04\/axa-baniere-hd.jpg.webp\" class=\"ewww_webp_lazy_load\"\/><\/a><\/p>\n<p><img fetchpriority=\"high\" decoding=\"async\" width=\"1024\" height=\"576\" src=\"data:image\/svg+xml,%3Csvg%20xmlns=\" http:=\"\" alt=\"\" class=\"wp-image-34472 ewww_webp_lazy_load\" data-lazy- data-lazy- data-lazy-src=\"https:\/\/www.europesays.com\/fr\/wp-content\/uploads\/2026\/01\/brive-1024x576.jpg\" data-lazy-src-webp=\"https:\/\/www.europesays.com\/fr\/wp-content\/uploads\/2026\/01\/brive-1024x576.jpg.webp\" data-lazy-srcset-webp=\"https:\/\/www.europesays.com\/fr\/wp-content\/uploads\/2026\/01\/brive-1024x576.jpg.webp 1024w, https:\/\/www.rugbyclubvannes.bzh\/voy_content\/uploads\/2026\/01\/brive-300x169.jpg.webp 300w, https:\/\/www.rugbyclubvannes.bzh\/voy_content\/uploads\/2026\/01\/brive-768x432.jpg.webp 768w, https:\/\/www.rugbyclubvannes.bzh\/voy_content\/uploads\/2026\/01\/brive-1536x864.jpg.webp 1536w, https:\/\/www.rugbyclubvannes.bzh\/voy_content\/uploads\/2026\/01\/brive-75x42.jpg.webp 75w, https:\/\/www.rugbyclubvannes.bzh\/voy_content\/uploads\/2026\/01\/brive-150x84.jpg.webp 150w, https:\/\/www.rugbyclubvannes.bzh\/voy_content\/uploads\/2026\/01\/brive.jpg.webp 1920w\"\/><\/p>\n<p>Voici toutes les<strong>\u00a0informations pratiques d\u2019avant-match<\/strong>\u00a0pour la r\u00e9ception de<strong>\u00a0Brive,<\/strong>\u00a0ce\u00a0<strong>samedi 17 janvier\u00a0<\/strong>au Stade de la Rabine, dans le cadre de la 17\u00e8me journ\u00e9e de\u00a0<strong>Pro D2<\/strong>.<\/p>\n<p>Notre partenaire historique <strong>d\u2019aucy<\/strong> nous accompagnera comme parrain de ce match.<\/p>\n<ul class=\"wp-block-list\">\n<li><strong>18h30 : Ouverture du guichet billetterie.<\/strong><\/li>\n<li><strong>19h : Ouverture des portes du stade.<\/strong><\/li>\n<li><strong>19h30 : Arriv\u00e9e des joueurs au stade \u00e0 l\u2019arri\u00e8re de la tribune Honneur.<\/strong><\/li>\n<li><strong>20h55 : Bro Gozh ma Zado\u00f9<\/strong>\u00a0<strong>avec Philippe Le Ray<\/strong> <strong>en duo avec le Bagad de Quimper.<\/strong><\/li>\n<li><strong>21h : Coup d\u2019envoi du match.<\/strong><\/li>\n<\/ul>\n<p>Le Rugby Club Vannes insiste vraiment aupr\u00e8s de ses supporters sur le fait de<strong>\u00a0se rendre le plus t\u00f4t possible dans l\u2019enceinte sportive<\/strong>, d\u2019autant plus un samedi soir, afin de profiter de l\u2019avant-match dans l\u2019enceinte sportive.<\/p>\n<p>Nous aurons le plaisir d\u2019accueillir le<strong>\u00a0Bagad de Quimper<\/strong>\u00a0pour cette belle soir\u00e9e rugby \u00e0 la Rabine, qui jouera notamment le Bro Gozh ma Zado\u00f9 avec Philippe Le Ray.<\/p>\n<p><img loading=\"lazy\" decoding=\"async\" width=\"792\" height=\"1024\" src=\"data:image\/svg+xml,%3Csvg%20xmlns=\" http:=\"\" alt=\"\" class=\"wp-image-34473 ewww_webp_lazy_load\" style=\"width:488px;height:auto\" data-lazy- data-lazy- data-lazy-src=\"https:\/\/www.europesays.com\/fr\/wp-content\/uploads\/2026\/01\/Bagad-Kemper-792x1024.jpg\" data-lazy-src-webp=\"https:\/\/www.europesays.com\/fr\/wp-content\/uploads\/2026\/01\/Bagad-Kemper-792x1024.jpg.webp\" data-lazy-srcset-webp=\"https:\/\/www.europesays.com\/fr\/wp-content\/uploads\/2026\/01\/Bagad-Kemper-792x1024.jpg.webp 792w, https:\/\/www.rugbyclubvannes.bzh\/voy_content\/uploads\/2026\/01\/Bagad-Kemper-232x300.jpg.webp 232w, https:\/\/www.rugbyclubvannes.bzh\/voy_content\/uploads\/2026\/01\/Bagad-Kemper-768x994.jpg.webp 768w, https:\/\/www.rugbyclubvannes.bzh\/voy_content\/uploads\/2026\/01\/Bagad-Kemper-1187x1536.jpg.webp 1187w, https:\/\/www.rugbyclubvannes.bzh\/voy_content\/uploads\/2026\/01\/Bagad-Kemper-70x90.jpg.webp 70w, https:\/\/www.rugbyclubvannes.bzh\/voy_content\/uploads\/2026\/01\/Bagad-Kemper-116x150.jpg.webp 116w, https:\/\/www.rugbyclubvannes.bzh\/voy_content\/uploads\/2026\/01\/Bagad-Kemper.jpg.webp 1546w\"\/><\/p>\n<p>Suite \u00e0 la publication, le 27 juin 2025, du d\u00e9cret n\u00b02025-582, relatifs aux espaces sans tabac et \u00e0 la lutte contre la vente aux mineurs des produits du tabac et du vapotage,\u00a0<strong>le Rugby Club Vannes est tenu de vous informer de la mise en application et du respect de ce d\u00e9cret.<\/strong><\/p>\n<p>Ce d\u00e9cret \u00e9tend l\u2019interdiction de fumer \u00e0 de nombreux espaces, dont les \u00e9quipements sportifs \u00ab\u00a0dans un p\u00e9rim\u00e8tre d\u00e9termin\u00e9 autour de leurs acc\u00e8s publics pendant leurs heures d\u2019ouverture\u00a0\u00bb.<\/p>\n<p>Dans un souci de s\u00e9curit\u00e9, de confort pour tous, et conform\u00e9ment \u00e0 la l\u00e9gislation en vigueur, nous vous informons donc qu\u2019il est strictement interdit de fumer dans l\u2019ensemble de l\u2019enceinte du stade, y compris dans les tribunes, les espaces communs, les sanitaires et les zones de circulation.<\/p>\n<p><strong>Cette interdiction concerne la cigarette classique, les cigarettes \u00e9lectroniques et tout autre dispositif de vapotage.<\/strong><\/p>\n<p>Le RC Vannes compte sur la bonne tenue de ses supporters dans l\u2019enceinte du stade.<\/p>\n<p><img loading=\"lazy\" decoding=\"async\" width=\"819\" height=\"1024\" src=\"data:image\/svg+xml,%3Csvg%20xmlns=\" http:=\"\" alt=\"\" class=\"wp-image-33260 ewww_webp_lazy_load\" style=\"width:420px;height:auto\" data-lazy- data-lazy- data-lazy-src=\"https:\/\/www.europesays.com\/fr\/wp-content\/uploads\/2026\/01\/interdit_vf-819x1024.jpg\" data-lazy-src-webp=\"https:\/\/www.europesays.com\/fr\/wp-content\/uploads\/2026\/01\/interdit_vf-819x1024.jpg.webp\" data-lazy-srcset-webp=\"https:\/\/www.europesays.com\/fr\/wp-content\/uploads\/2026\/01\/interdit_vf-819x1024.jpg.webp 819w, https:\/\/www.rugbyclubvannes.bzh\/voy_content\/uploads\/2025\/09\/interdit_vf-240x300.jpg.webp 240w, https:\/\/www.rugbyclubvannes.bzh\/voy_content\/uploads\/2025\/09\/interdit_vf-768x960.jpg.webp 768w, https:\/\/www.rugbyclubvannes.bzh\/voy_content\/uploads\/2025\/09\/interdit_vf-1229x1536.jpg.webp 1229w, https:\/\/www.rugbyclubvannes.bzh\/voy_content\/uploads\/2025\/09\/interdit_vf-72x90.jpg.webp 72w, https:\/\/www.rugbyclubvannes.bzh\/voy_content\/uploads\/2025\/09\/interdit_vf-120x150.jpg.webp 120w, https:\/\/www.rugbyclubvannes.bzh\/voy_content\/uploads\/2025\/09\/interdit_vf.jpg.webp 1600w\"\/><\/p>\n<ul class=\"wp-block-list\">\n<li><strong>Concert en buvette Taverne :<\/strong><\/li>\n<\/ul>\n<p>En partenariat avec le festival\u00a0<strong>Roue Waroch\u00a0de Plescop\u00a0<\/strong>nous aurons le plaisir d\u2019accueillir le groupe\u00a0<strong>Badadrao <\/strong>et\u00a0<strong>Job<\/strong>, ce samedi soir, dans notre buvette Taverne et dans notre fan zone devant la tribune Intermarch\u00e9.<\/p>\n<p><strong>Badadrao<\/strong> c\u2019est trois musiciens qui jouent pour les pieds autant que pour les oreilles. Camille Robert au chant, Antoine P\u00e9ran \u00e0 la fl\u00fbte traversi\u00e8re et Martin Chapron au bouzouki vous proposent un r\u00e9pertoire de musique bretonne vivante et rythm\u00e9e, pens\u00e9e pour le fest-noz et nourrie du plaisir de faire danser.<\/p>\n<p><img loading=\"lazy\" decoding=\"async\" width=\"1024\" height=\"585\" src=\"data:image\/svg+xml,%3Csvg%20xmlns=\" http:=\"\" alt=\"\" class=\"wp-image-34474 ewww_webp_lazy_load\" style=\"width:676px;height:auto\" data-lazy- data-lazy- data-lazy-src=\"https:\/\/www.europesays.com\/fr\/wp-content\/uploads\/2026\/01\/Photo-Badadrao-1024x585.jpg\" data-lazy-srcset-webp=\"https:\/\/www.europesays.com\/fr\/wp-content\/uploads\/2026\/01\/Photo-Badadrao-1024x585.jpg 1024w, https:\/\/www.rugbyclubvannes.bzh\/voy_content\/uploads\/2026\/01\/Photo-Badadrao-300x171.jpg 300w, https:\/\/www.rugbyclubvannes.bzh\/voy_content\/uploads\/2026\/01\/Photo-Badadrao-768x439.jpg 768w, https:\/\/www.rugbyclubvannes.bzh\/voy_content\/uploads\/2026\/01\/Photo-Badadrao-1536x878.jpg 1536w, https:\/\/www.rugbyclubvannes.bzh\/voy_content\/uploads\/2026\/01\/Photo-Badadrao-75x43.jpg.webp 75w, https:\/\/www.rugbyclubvannes.bzh\/voy_content\/uploads\/2026\/01\/Photo-Badadrao-150x86.jpg 150w, https:\/\/www.rugbyclubvannes.bzh\/voy_content\/uploads\/2026\/01\/Photo-Badadrao.jpg.webp 2000w\"\/><\/p>\n<p>Deux banques cashless seront mises \u00e0 votre disposition en Tribune Nord et Honneur.<\/p>\n<p>Notre Boutik officielle, rue Thiers, sera ouverte de\u00a0<strong>10h<\/strong>\u00a0<strong>\u00e0\u00a012h30<\/strong>\u00a0et de\u00a0<strong>14h30 \u00e0 21h.<\/strong>\u00a0Vous pourrez \u00e9galement retrouver notre camion boutique, place Th\u00e9odore Decker, proche du guichet billetterie.<\/p>\n<p><img loading=\"lazy\" decoding=\"async\" width=\"819\" height=\"1024\" src=\"data:image\/svg+xml,%3Csvg%20xmlns=\" http:=\"\" alt=\"\" class=\"wp-image-34475 ewww_webp_lazy_load\" style=\"width:550px;height:auto\" data-lazy- data-lazy- data-lazy-src=\"https:\/\/www.europesays.com\/fr\/wp-content\/uploads\/2026\/01\/Boutik-819x1024.jpg\" data-lazy-src-webp=\"https:\/\/www.europesays.com\/fr\/wp-content\/uploads\/2026\/01\/Boutik-819x1024.jpg.webp\" data-lazy-srcset-webp=\"https:\/\/www.europesays.com\/fr\/wp-content\/uploads\/2026\/01\/Boutik-819x1024.jpg.webp 819w, https:\/\/www.rugbyclubvannes.bzh\/voy_content\/uploads\/2026\/01\/Boutik-240x300.jpg.webp 240w, https:\/\/www.rugbyclubvannes.bzh\/voy_content\/uploads\/2026\/01\/Boutik-768x960.jpg.webp 768w, https:\/\/www.rugbyclubvannes.bzh\/voy_content\/uploads\/2026\/01\/Boutik-1229x1536.jpg.webp 1229w, https:\/\/www.rugbyclubvannes.bzh\/voy_content\/uploads\/2026\/01\/Boutik-72x90.jpg.webp 72w, https:\/\/www.rugbyclubvannes.bzh\/voy_content\/uploads\/2026\/01\/Boutik-120x150.jpg.webp 120w, https:\/\/www.rugbyclubvannes.bzh\/voy_content\/uploads\/2026\/01\/Boutik.jpg.webp 1440w\"\/><\/p>\n<p>Des navettes bus\u00a0<strong><a href=\"https:\/\/www.kiceo.fr\/soiree-rugby-rcv\/\" target=\"_blank\" rel=\"noopener\">Kic\u00e9o 100% d\u00e9di\u00e9es<\/a><\/strong>\u00a0sont propos\u00e9es gratuitement \u00e0 nos supporters pour les acheminer vers le stade de la Rabine les jours de matchs.<br \/>Tout supporter pourra b\u00e9n\u00e9ficier d\u2019un titre de transport dans une des navettes Kic\u00e9o du dispositif, sur pr\u00e9sentation de sa place de match ou de sa carte abonn\u00e9, pour se rendre au Stade de la Rabine.<\/p>\n<ul class=\"wp-block-list\">\n<li><strong>Premier d\u00e9part des parking<\/strong>s 2 heures avant le match.<\/li>\n<li><strong>Dernier retour du Port<\/strong>\u00a01h30 apr\u00e8s la fin du match.<\/li>\n<li>Sur pr\u00e9sentation de votre abonnement RCV ou de votre ticket du match, l\u2019<strong>acc\u00e8s est gratuit<\/strong>.<\/li>\n<\/ul>\n<ul class=\"wp-block-list\">\n<li><strong>A \u2013 Navette P+R ouest\u00a0<\/strong>:<br \/>1er\u00a0d\u00e9part\u00a0<strong>19h<\/strong>\u00a0vers le Port \/ Dernier retour\u00a0<strong>0h30<\/strong>\u00a0du Port<\/li>\n<li><strong>B \u2013 Navette Bilaire<\/strong>\u00a0:<br \/>1er d\u00e9part\u00a0<strong>18h58<\/strong>\u00a0vers Le Port \/ Dernier retour\u00a0<strong>0h30<\/strong>\u00a0du Port<\/li>\n<li><strong>C \u2013 Navette UBS (arr\u00eat Universit\u00e9)<\/strong>\u00a0:<br \/>1er d\u00e9part\u00a0<strong>19h10<\/strong>\u00a0vers le Port \/ Dernier retour\u00a0<strong>0h05<\/strong>\u00a0du Port<\/li>\n<li><strong>D \u2013 Navette Parc du Golfe<\/strong>\u00a0:<br \/>1er d\u00e9part\u00a0<strong>19h\u00a0<\/strong>vers le Port \/ Dernier retour\u00a0<strong>0h15\u00a0<\/strong>du Port<\/li>\n<\/ul>\n<p><img loading=\"lazy\" decoding=\"async\" width=\"1024\" height=\"753\" src=\"data:image\/svg+xml,%3Csvg%20xmlns=\" http:=\"\" alt=\"\" class=\"wp-image-34231 ewww_webp_lazy_load\" data-lazy- data-lazy- data-lazy-src=\"https:\/\/www.europesays.com\/fr\/wp-content\/uploads\/2026\/01\/Kiceo-21h-1024x753.jpg\" data-lazy-src-webp=\"https:\/\/www.europesays.com\/fr\/wp-content\/uploads\/2026\/01\/Kiceo-21h-1024x753.jpg.webp\" data-lazy-srcset-webp=\"https:\/\/www.europesays.com\/fr\/wp-content\/uploads\/2026\/01\/Kiceo-21h-1024x753.jpg.webp 1024w, https:\/\/www.rugbyclubvannes.bzh\/voy_content\/uploads\/2025\/11\/Kiceo-21h-300x221.jpg.webp 300w, https:\/\/www.rugbyclubvannes.bzh\/voy_content\/uploads\/2025\/11\/Kiceo-21h-768x565.jpg.webp 768w, https:\/\/www.rugbyclubvannes.bzh\/voy_content\/uploads\/2025\/11\/Kiceo-21h-1536x1130.jpg.webp 1536w, https:\/\/www.rugbyclubvannes.bzh\/voy_content\/uploads\/2025\/11\/Kiceo-21h-75x55.jpg.webp 75w, https:\/\/www.rugbyclubvannes.bzh\/voy_content\/uploads\/2025\/11\/Kiceo-21h-150x110.jpg.webp 150w, https:\/\/www.rugbyclubvannes.bzh\/voy_content\/uploads\/2025\/11\/Kiceo-21h.jpg.webp 1557w\"\/><\/p>\n","protected":false},"excerpt":{"rendered":"Voici toutes les\u00a0informations pratiques d\u2019avant-match\u00a0pour la r\u00e9ception de\u00a0Brive,\u00a0ce\u00a0samedi 17 janvier\u00a0au Stade de la Rabine, dans le cadre de&hellip;\n","protected":false},"author":2,"featured_media":667566,"comment_status":"","ping_status":"","sticky":false,"template":"","format":"standard","meta":{"footnotes":""},"categories":[1416],"tags":[1011,27,479,1468,60],"class_list":{"0":"post-667565","1":"post","2":"type-post","3":"status-publish","4":"format-standard","5":"has-post-thumbnail","7":"category-rugby","8":"tag-fr","9":"tag-france","10":"tag-rugby","11":"tag-rugby-football","12":"tag-sports"},"share_on_mastodon":{"url":"https:\/\/pubeurope.com\/@fr\/115904533242905220","error":""},"_links":{"self":[{"href":"https:\/\/www.europesays.com\/fr\/wp-json\/wp\/v2\/posts\/667565","targetHints":{"allow":["GET"]}}],"collection":[{"href":"https:\/\/www.europesays.com\/fr\/wp-json\/wp\/v2\/posts"}],"about":[{"href":"https:\/\/www.europesays.com\/fr\/wp-json\/wp\/v2\/types\/post"}],"author":[{"embeddable":true,"href":"https:\/\/www.europesays.com\/fr\/wp-json\/wp\/v2\/users\/2"}],"replies":[{"embeddable":true,"href":"https:\/\/www.europesays.com\/fr\/wp-json\/wp\/v2\/comments?post=667565"}],"version-history":[{"count":0,"href":"https:\/\/www.europesays.com\/fr\/wp-json\/wp\/v2\/posts\/667565\/revisions"}],"wp:featuredmedia":[{"embeddable":true,"href":"https:\/\/www.europesays.com\/fr\/wp-json\/wp\/v2\/media\/667566"}],"wp:attachment":[{"href":"https:\/\/www.europesays.com\/fr\/wp-json\/wp\/v2\/media?parent=667565"}],"wp:term":[{"taxonomy":"category","embeddable":true,"href":"https:\/\/www.europesays.com\/fr\/wp-json\/wp\/v2\/categories?post=667565"},{"taxonomy":"post_tag","embeddable":true,"href":"https:\/\/www.europesays.com\/fr\/wp-json\/wp\/v2\/tags?post=667565"}],"curies":[{"name":"wp","href":"https:\/\/api.w.org\/{rel}","templated":true}]}}