{"id":667568,"date":"2026-01-16T11:30:11","date_gmt":"2026-01-16T11:30:11","guid":{"rendered":"https:\/\/www.europesays.com\/fr\/667568\/"},"modified":"2026-01-16T11:30:11","modified_gmt":"2026-01-16T11:30:11","slug":"solution-tech-nippo-rali-leffectif-2026-actualite","status":"publish","type":"post","link":"https:\/\/www.europesays.com\/fr\/667568\/","title":{"rendered":"Solution Tech NIPPO Rali : L&rsquo;effectif 2026 &#8211; Actualit\u00e9"},"content":{"rendered":"<p style=\"text-align: justify;\">En 2026, Solution Tech NIPPO Rali &#8211; le nouveau nom de l&rsquo;\u00e9quipe Solution Tech-Vini Fantini &#8211; aura un groupe compos\u00e9 de 21 coureurs, parmi lesquels sept\u00a0recrues. La ProTeam italienne pourra toujours compter sur son capitaine de route <strong><a href=\"https:\/\/www.directvelo.com\/coureur\/2038\/yukiya-arashiro\" target=\"_blank\" rel=\"noopener\">Yukiya Arashiro<\/a><\/strong>. Le Japonais de 41 ans a d\u00e9cid\u00e9 de repartir pour une saison suppl\u00e9mentaire chez les pros. Parmi les arriv\u00e9es, \u00e0 noter celle de l&rsquo;italien <strong><a href=\"https:\/\/www.directvelo.com\/coureur\/16413\/michele-gazzoli\" target=\"_blank\" rel=\"noopener\">Michele Gazzoli<\/a><\/strong>, en provenance d&rsquo;XDS Astana.\u00a0<\/p>\n<p style=\"text-align: justify;\"><strong>L&rsquo;effectif 2026 de Solution Tech-NIPPO Rali :<\/strong><br \/>Yukiya Arashiro, 41 ans<br \/>Franklin Archibold, 28 ans (Natural Greatness-Rali-Al\u00e9)<br \/>Alexandre Balmer, 25 ans\u00a0\u00a0<br \/>Kamiel Bonneu, 26 ans (Intermarch\u00e9-Wanty)\u00a0<br \/>Valerio Conti, 32 ans\u00a0<br \/>Djordje Djuric, 25 ans \u00a0<br \/>Matteo Fabbro, 30 ans\u00a0<br \/>Tilen Finkst, 28 ans (Adria Mobil)\u00a0<br \/>Michele Gazzoli, 26 ans (XDS Astana)\u00a0<br \/>Roberto Carlos Gonzalez, 31 ans\u00a0<br \/>Ben Granger, 25 ans (Mg.K Vis Costruzioni e Ambiente)\u00a0<br \/>Alessandro Iacchi, 26 ans <br \/>Felix James Meo, 28 ans\u00a0<br \/>Tommaso Nencini, 25 ans\u00a0<br \/>Andrea Piras, 23 ans\u00a0<br \/>Dusan Rajovic, 28 ans\u00a0<br \/>Matteo Regnanti, 24 ans (Team Hoppla)\u00a0<br \/>Carlos Samudio, 28 ans\u00a0<br \/>Santiago Umba, 23 ans (XDS Astana)\u00a0<br \/>Luca Verrando, 21 ans\u00a0<br \/>Attilio Viviani, 29 ans<br \/>Les d\u00e9parts : Davide Baldaccini (arr\u00eat), Filippo Fortin (Hrinkow Advarics), Lorenzo Quartucci (Burgos Burpellet BH), Joann Rolando (Toscana Factory Devo Team), Kristian Sbaragli (arr\u00eat), Mark Stewart (Modern Adventure), Arnaud Tissi\u00e8res (Elites Fondations) et Kyrylo Tsarenko (?).<\/p>\n","protected":false},"excerpt":{"rendered":"En 2026, Solution Tech NIPPO Rali &#8211; le nouveau nom de l&rsquo;\u00e9quipe Solution Tech-Vini Fantini &#8211; aura un&hellip;\n","protected":false},"author":2,"featured_media":667569,"comment_status":"","ping_status":"","sticky":false,"template":"","format":"standard","meta":{"footnotes":""},"categories":[1411],"tags":[834,828,836,829,837,827,83,826,824,823,1154,207,814,817,815,816,822,821,832,211,839,1011,27,820,818,819,835,831,830,833,838,60,212,208,825],"class_list":{"0":"post-667568","1":"post","2":"type-post","3":"status-publish","4":"format-standard","5":"has-post-thumbnail","7":"category-cyclisme","8":"tag-attaque","9":"tag-belgique","10":"tag-braquet","11":"tag-bretagne","12":"tag-chute","13":"tag-competition","14":"tag-coupe-de-france","15":"tag-coureur","16":"tag-course-cyclisme","17":"tag-course-cycliste","18":"tag-cycling","19":"tag-cyclisme","20":"tag-direct","21":"tag-direct-velo","22":"tag-directvelo","23":"tag-directvelo-com","24":"tag-epreuve","25":"tag-epreuve-cycliste","26":"tag-federation-francaise-de-cyclisme","27":"tag-ffc","28":"tag-flandres","29":"tag-fr","30":"tag-france","31":"tag-live","32":"tag-live-course","33":"tag-live-epreuve","34":"tag-peloton","35":"tag-radio-peloton","36":"tag-radio-tour","37":"tag-ravitaillement","38":"tag-relance","39":"tag-sports","40":"tag-uci","41":"tag-velo","42":"tag-velos"},"share_on_mastodon":{"url":"https:\/\/pubeurope.com\/@fr\/115904552947704912","error":""},"_links":{"self":[{"href":"https:\/\/www.europesays.com\/fr\/wp-json\/wp\/v2\/posts\/667568","targetHints":{"allow":["GET"]}}],"collection":[{"href":"https:\/\/www.europesays.com\/fr\/wp-json\/wp\/v2\/posts"}],"about":[{"href":"https:\/\/www.europesays.com\/fr\/wp-json\/wp\/v2\/types\/post"}],"author":[{"embeddable":true,"href":"https:\/\/www.europesays.com\/fr\/wp-json\/wp\/v2\/users\/2"}],"replies":[{"embeddable":true,"href":"https:\/\/www.europesays.com\/fr\/wp-json\/wp\/v2\/comments?post=667568"}],"version-history":[{"count":0,"href":"https:\/\/www.europesays.com\/fr\/wp-json\/wp\/v2\/posts\/667568\/revisions"}],"wp:featuredmedia":[{"embeddable":true,"href":"https:\/\/www.europesays.com\/fr\/wp-json\/wp\/v2\/media\/667569"}],"wp:attachment":[{"href":"https:\/\/www.europesays.com\/fr\/wp-json\/wp\/v2\/media?parent=667568"}],"wp:term":[{"taxonomy":"category","embeddable":true,"href":"https:\/\/www.europesays.com\/fr\/wp-json\/wp\/v2\/categories?post=667568"},{"taxonomy":"post_tag","embeddable":true,"href":"https:\/\/www.europesays.com\/fr\/wp-json\/wp\/v2\/tags?post=667568"}],"curies":[{"name":"wp","href":"https:\/\/api.w.org\/{rel}","templated":true}]}}