{"id":667570,"date":"2026-01-16T11:31:10","date_gmt":"2026-01-16T11:31:10","guid":{"rendered":"https:\/\/www.europesays.com\/fr\/667570\/"},"modified":"2026-01-16T11:31:10","modified_gmt":"2026-01-16T11:31:10","slug":"lom-a-degaine-une-premiere-offre-pour-himad-abdelli","status":"publish","type":"post","link":"https:\/\/www.europesays.com\/fr\/667570\/","title":{"rendered":"L\u2019OM a d\u00e9gain\u00e9 une premi\u00e8re offre pour Himad Abdelli"},"content":{"rendered":"<p>L\u2019OM acc\u00e9l\u00e8re sur le dossier <a href=\"https:\/\/www.footmercato.net\/joueur\/himad-abdelli\/\" target=\"_blank\" rel=\"noopener\">Himad Abdelli<\/a>. En fin de contrat avec <a href=\"https:\/\/www.footmercato.net\/club\/angers-sco\/\" target=\"_blank\" rel=\"noopener\">Angers<\/a> en juin prochain, le milieu offensif de 26 ans a tout de la belle affaire, qui plus est dans un contexte \u00e9conomique o\u00f9 les clubs fran\u00e7ais scrutent plus que jamais les opportunit\u00e9s \u00e0 faible co\u00fbt. Dans cette optique, nous vous r\u00e9v\u00e9lions ces derniers jours que l\u2019OL et l\u2019OM s\u2019\u00e9taient positionn\u00e9s sur l\u2019international alg\u00e9rien. <a href=\"https:\/\/www.footmercato.net\/a5222953776880234726-angers-himad-abdelli-veut-rejoindre-lom\" target=\"_blank\" rel=\"noopener\">Toujours d\u2019apr\u00e8s nos indiscr\u00e9tions<\/a>, celui qui a r\u00e9cemment particip\u00e9 \u00e0 la CAN a finalement rapidement opt\u00e9 pour le projet marseillais. Reste d\u00e9sormais \u00e0 trouver un terrain d\u2019entente entre les deux directions. <\/p>\n<p>            La suite apr\u00e8s cette publicit\u00e9<\/p>\n<p>\u00abDans un transfert, il faut que le club vendeur soit d\u2019accord, le club acheteur et le joueur. Et si l\u2019\u00e9quation se fait \u00e0 3, c\u2019est un super truc. Et s\u2019il n\u2019y en a que 2 qui sont contents, malheureusement \u00e7a ne va pas se faire. Donc, aujourd\u2019hui, oui, trouver un \u00e9quilibre, bien entendu. Himad est sollicit\u00e9 par l\u2019Olympique de Marseille. Ce n\u2019est pas un secret de polichinelle. Malheureusement, \u00e7a ne se fait pas dans le tempo qu\u2019on aimerait que \u00e7a se fasse. Ils ne sont pas dans les conditions non plus. On fera en sorte de prot\u00e9ger le plus possible l\u2019institution, le SCO. Que l\u2019on soit respect\u00e9. D\u00e9j\u00e0, c\u2019est la premi\u00e8re des choses\u00bb, rappelait, \u00e0 ce titre, le directeur sportif du SCO Laurent Boissier.<\/p>\n<p>            La suite apr\u00e8s cette publicit\u00e9<\/p>\n<p>        L\u2019OM a propos\u00e9 2 millions + des bonus<\/p>\n<p>Et il semblerait que les hautes sph\u00e8res marseillaises ont bien l\u2019intention de r\u00e9soudre cette \u00e9quation. Comme indiqu\u00e9 ce jeudi soir par <a href=\"https:\/\/www.lequipe.fr\/Football\/Actualites\/Mercato-l-om-a-fait-une-premiere-offre-pour-le-milieu-d-angers-himad-abdelli\/1633850\" target=\"_blank\" rel=\"noopener\">L\u2019\u00c9quipe<\/a>, une premi\u00e8re offre de deux millions d\u2019euros, de base fixe, a \u00e9t\u00e9 propos\u00e9e \u00e0 Angers. Une proposition agr\u00e9ment\u00e9e de quelques bonus et d\u2019un \u00e9ventuel pourcentage \u00e0 la revente. Si Angers esp\u00e8re 4M \u20ac, l\u2019OM a donc d\u00e9cid\u00e9 de passer la vitesse sup\u00e9rieure pour boucler une premi\u00e8re arriv\u00e9e cet hiver et ainsi offrir une option suppl\u00e9mentaire \u00e0 son coach, Roberto De Zerbi. <\/p>\n<p>Performant, r\u00e9gulier et d\u00e9sormais install\u00e9 comme un cadre de l\u2019\u00e9quipe angevine, Himad Abdelli (13 rencontres toutes comp\u00e9titions confondues cette saison, 2 buts) est, quoi qu\u2019il en soit, d\u00e9termin\u00e9 \u00e0 l\u2019id\u00e9e de rejoindre la cit\u00e9 phoc\u00e9enne. Il faudra pour cela le feu vert de la direction du SCO, alors que les deux clubs concern\u00e9s se retrouveront, d\u00e8s samedi, lors de la 18e journ\u00e9e de <a href=\"https:\/\/www.footmercato.net\/france\/ligue-1\/\" target=\"_blank\" rel=\"noopener\">Ligue 1<\/a>. Une rencontre qui pourrait, l\u00e0 aussi, permettre aux diff\u00e9rentes parties de faire progresser les n\u00e9gociations\u2026<\/p>\n<p>\n    Pub. le 15\/01\/2026 22:21<br \/>\n            &#8211; MAJ le 16\/01\/2026 10:01\n    <\/p>\n","protected":false},"excerpt":{"rendered":"L\u2019OM acc\u00e9l\u00e8re sur le dossier Himad Abdelli. En fin de contrat avec Angers en juin prochain, le milieu&hellip;\n","protected":false},"author":2,"featured_media":667571,"comment_status":"","ping_status":"","sticky":false,"template":"","format":"standard","meta":{"footnotes":""},"categories":[1410],"tags":[63,1011,27,60],"class_list":{"0":"post-667570","1":"post","2":"type-post","3":"status-publish","4":"format-standard","5":"has-post-thumbnail","7":"category-football","8":"tag-football","9":"tag-fr","10":"tag-france","11":"tag-sports"},"share_on_mastodon":{"url":"https:\/\/pubeurope.com\/@fr\/115904556882868886","error":""},"_links":{"self":[{"href":"https:\/\/www.europesays.com\/fr\/wp-json\/wp\/v2\/posts\/667570","targetHints":{"allow":["GET"]}}],"collection":[{"href":"https:\/\/www.europesays.com\/fr\/wp-json\/wp\/v2\/posts"}],"about":[{"href":"https:\/\/www.europesays.com\/fr\/wp-json\/wp\/v2\/types\/post"}],"author":[{"embeddable":true,"href":"https:\/\/www.europesays.com\/fr\/wp-json\/wp\/v2\/users\/2"}],"replies":[{"embeddable":true,"href":"https:\/\/www.europesays.com\/fr\/wp-json\/wp\/v2\/comments?post=667570"}],"version-history":[{"count":0,"href":"https:\/\/www.europesays.com\/fr\/wp-json\/wp\/v2\/posts\/667570\/revisions"}],"wp:featuredmedia":[{"embeddable":true,"href":"https:\/\/www.europesays.com\/fr\/wp-json\/wp\/v2\/media\/667571"}],"wp:attachment":[{"href":"https:\/\/www.europesays.com\/fr\/wp-json\/wp\/v2\/media?parent=667570"}],"wp:term":[{"taxonomy":"category","embeddable":true,"href":"https:\/\/www.europesays.com\/fr\/wp-json\/wp\/v2\/categories?post=667570"},{"taxonomy":"post_tag","embeddable":true,"href":"https:\/\/www.europesays.com\/fr\/wp-json\/wp\/v2\/tags?post=667570"}],"curies":[{"name":"wp","href":"https:\/\/api.w.org\/{rel}","templated":true}]}}