{"id":667578,"date":"2026-01-16T11:36:10","date_gmt":"2026-01-16T11:36:10","guid":{"rendered":"https:\/\/www.europesays.com\/fr\/667578\/"},"modified":"2026-01-16T11:36:10","modified_gmt":"2026-01-16T11:36:10","slug":"joyce-jonathan-sans-detour-sur-michael-goldman-directeur-de-la-star-academy","status":"publish","type":"post","link":"https:\/\/www.europesays.com\/fr\/667578\/","title":{"rendered":"Joyce Jonathan sans d\u00e9tour sur Michael Goldman, directeur de la Star Academy"},"content":{"rendered":"<p><strong>Joyce Jonathan<\/strong> a d\u00e9but\u00e9 sa carri\u00e8re<br \/>\nprofessionnelle dans les ann\u00e9es 2010. <strong>La chanteuse,<br \/>\nbiberonn\u00e9e \u00e0 la musique depuis sa plus tendre enfance, a connu le<br \/>\nsucc\u00e8s tr\u00e8s t\u00f4t.<\/strong> Mais, surtout, elle a attir\u00e9 l\u2019attention<br \/>\nde <strong>Michael Goldman<\/strong> lorsqu\u2019elle \u00e9tait \u00e0 peine<br \/>\nmajeure. Le fils de <strong>Jean-Jacques Goldman<\/strong>, taulier<br \/>\nde la chanson fran\u00e7aise, mais surtout cofondateur de <strong>My<br \/>\nMajor Company<\/strong>. Un label fonctionnant sur le financement<br \/>\nparticipatif, et donc l\u2019implication des auditeurs, qui a frapp\u00e9 un<br \/>\ngrand coup il y a une quinzaine d\u2019ann\u00e9es sur le march\u00e9 du disque.<br \/>\nD\u00e8s lors, Michael Goldman est devenu tr\u00e8s proche de Joyce Jonathan.<br \/>\nUne relation solide qui dure.<\/p>\n<p>Joyce Jonathan : ses d\u00e9buts en catimini sur MySpace<\/p>\n<p>Joyce Jonathan, seulement 5 ans, s\u2019initie au piano. Elle est<br \/>\nd\u00e9j\u00e0 tr\u00e8s dou\u00e9e pour la musique \u00e0 cet \u00e2ge pr\u00e9coce. <strong>Plus<br \/>\ntard, elle opte pour la guitare, son instrument de coeur, qui va la<br \/>\nsuivre par la suite.<\/strong> C\u2019est avec ceci qu\u2019elle compose ses<br \/>\npremi\u00e8res m\u00e9lodies. D\u00e8s l\u00a0\u00bbadolescence, elle a d\u00e9j\u00e0 plusieurs<br \/>\nchansons de c\u00f4t\u00e9. Elle en publie certaines sur<br \/>\n<strong>MySpace<\/strong>, un r\u00e9seau social, aujourd\u2019hui d\u00e9suet, qui<br \/>\npermettait de mettre en avant de la musique.<\/p>\n<p>\u00c0 l\u2019\u00e9poque, Joyce Jonathan a entre 14 et 15 ans. <strong>Elle a<br \/>\nd\u00e9j\u00e0 les aptitudes d\u2019une artiste professionnelle m\u00eame si elle est<br \/>\nseulement dans sa chambre et sur MySpace.<\/strong> Quelque temps<br \/>\napr\u00e8s, elle entend parler d\u2019un label musical des plus singuliers.<br \/>\nIl s\u2019agit de My Major Company. Ou comment les internautes peuvent<br \/>\nencourager les artistes qui sont dessus en les finan\u00e7ant via le<br \/>\n<strong>crowdfunding<\/strong>. D\u00e9cid\u00e9ment, la jeune<br \/>\nartiste est bien dans son \u00e9poque\u2026<\/p>\n<p>L\u2019artiste tape dans l\u2019\u0153il par Michael Goldman \u00e0 16 ans<\/p>\n<p>L\u2019un des membres fondateurs de My Major Company n\u2019est autre que<br \/>\nMichael Goldman. <strong>Joyce Jonathan tape dans l&rsquo;\u0153il -et surtout<br \/>\ndans l\u2019oreille- de celui qui a \u00e9t\u00e9 directeur artistique chez BMG<br \/>\nauparavant.<\/strong> Mais ce n\u2019est pas tout. Une fois sur MMC, la<br \/>\nchanteuse est soutenue par quelque <strong>486 producteurs<\/strong><br \/>\nqui investissent sur elle gr\u00e2ce au financement participatif. Ce<br \/>\nn\u2019est pas le seule, <strong>Gr\u00e9goire<\/strong>, et son<br \/>\nToi+Moi, a aussi \u00e9t\u00e9 r\u00e9v\u00e9l\u00e9 comme cela.<\/p>\n<p>Joyce Jonathan et Michael Goldman, c\u2019est une longue histoire.<br \/>\n<strong>Si c\u2019est Louis Bertignac, ex-membre du groupe de rock culte<br \/>\nT\u00e9l\u00e9phone, qui chapeaute son premier disque, la relation entre la<br \/>\nchanteuse et le businessman est forte.<\/strong> De fait, Goldman,<br \/>\nfort de son expertise dans l\u2019industrie musicale, devient le<br \/>\n<strong>mentor<\/strong> de cette artiste de 16 ans. Il l\u2019a vu<br \/>\nna\u00eetre, comme il a pu le confier <a href=\"https:\/\/www.melty.fr\/people\/tres-jolie-michael-goldman-star-ac-tres-proche-de-joyce-jonathan-cette-declaration-qui-ne-la-laisse-pas-de-marbre-2289318.html\" target=\"_blank\" rel=\"noopener\"><br \/>\ndans une vid\u00e9o diffus\u00e9e dans <strong>Un Dimanche \u00e0 la<br \/>\ncampagne<\/strong><\/a>.<\/p>\n<p>Joyce Jonathan, la chanteuse \u00e9voque<br \/>\nMichael Goldman<\/p>\n<p>C\u2019est d\u2019ailleurs un moment de t\u00e9l\u00e9vision tr\u00e8s touchant qui s\u2019est<br \/>\nd\u00e9roul\u00e9 dans cette \u00e9mission diffus\u00e9e en 2023 sur <strong>France<br \/>\n2<\/strong>. On conna\u00eet le concept : des interview p\u00e9p\u00e8res de<br \/>\nc\u00e9l\u00e9brit\u00e9s au coin du feu, faussement anti-promo mais totalement<br \/>\nintimiste. Une sorte de <strong>Fr\u00e9quenstar<\/strong> moderne,<br \/>\ndira-t-on, pour les plus vieux qui nous liraient. <strong>Joyce<br \/>\nJonathan a eu droit \u00e0 une d\u00e9dicace film\u00e9e toute particuli\u00e8re de la<br \/>\npart de l\u2019actuel directeur de la Star Academy sur TF1.<\/strong><br \/>\nGoldman est revenu sur le d\u00e9but de leur relation artistique et<br \/>\ncollaboration professionnelle.<\/p>\n<p>C\u2019est ensuite au tour de la chanteuse de se confier sur Michael<br \/>\nGoldman. Non pas directement \u00e0 l\u2019int\u00e9ress\u00e9 avec le m\u00eame proc\u00e9d\u00e9<br \/>\nmais bien \u00e0 l\u2019animateur d\u2019Un Dimanche \u00e0 la campagne,<br \/>\n<strong>Fr\u00e9d\u00e9ric Lopez<\/strong>. Un moyen finaud pour que les<br \/>\nspectateurs, tel de petites souris dans leur trou, ou des voyeurs \u00e0<br \/>\ntravers le trou de la serrure, en apprennent un peu plus sur<br \/>\nl\u2019intimit\u00e9 de la star. Joyce Jonathan confie alors : \u201c[&#8230;]<br \/>\n<strong>Il m&rsquo;a vue na\u00eetre dans ce m\u00e9tier, c&rsquo;\u00e9tait le premier \u00e0<br \/>\ncroire en moi.<\/strong> Notre relation est tr\u00e8s belle et il m&rsquo;a<br \/>\napport\u00e9 \u00e9norm\u00e9ment.\u201d La relation entre Joyce Jonathan et<br \/>\nMichael Goldman, dans une moindre mesure, rappelle celle de<br \/>\n<a href=\"https:\/\/www.melty.fr\/people\/un-peu-sexy-jean-jacques-goldman-cette-declaration-osee-a-celine-dion-2289515.html\" target=\"_blank\" rel=\"noopener\"><br \/>\n<strong>C\u00e9line Dion<\/strong> et du p\u00e8re du dirlo de la Star Ac,<br \/>\nJean-Jacques Goldman<\/a>. Les tubes en moins, toutefois.<\/p>\n","protected":false},"excerpt":{"rendered":"Joyce Jonathan a d\u00e9but\u00e9 sa carri\u00e8re professionnelle dans les ann\u00e9es 2010. La chanteuse, biberonn\u00e9e \u00e0 la musique depuis&hellip;\n","protected":false},"author":2,"featured_media":667579,"comment_status":"","ping_status":"","sticky":false,"template":"","format":"standard","meta":{"footnotes":""},"categories":[1355],"tags":[58,59,1011,27,17032,1361,873,65861],"class_list":{"0":"post-667578","1":"post","2":"type-post","3":"status-publish","4":"format-standard","5":"has-post-thumbnail","7":"category-musique","8":"tag-divertissement","9":"tag-entertainment","10":"tag-fr","11":"tag-france","12":"tag-joyce-jonathan","13":"tag-music","14":"tag-musique","15":"tag-trend"},"share_on_mastodon":{"url":"https:\/\/pubeurope.com\/@fr\/115904576465606533","error":""},"_links":{"self":[{"href":"https:\/\/www.europesays.com\/fr\/wp-json\/wp\/v2\/posts\/667578","targetHints":{"allow":["GET"]}}],"collection":[{"href":"https:\/\/www.europesays.com\/fr\/wp-json\/wp\/v2\/posts"}],"about":[{"href":"https:\/\/www.europesays.com\/fr\/wp-json\/wp\/v2\/types\/post"}],"author":[{"embeddable":true,"href":"https:\/\/www.europesays.com\/fr\/wp-json\/wp\/v2\/users\/2"}],"replies":[{"embeddable":true,"href":"https:\/\/www.europesays.com\/fr\/wp-json\/wp\/v2\/comments?post=667578"}],"version-history":[{"count":0,"href":"https:\/\/www.europesays.com\/fr\/wp-json\/wp\/v2\/posts\/667578\/revisions"}],"wp:featuredmedia":[{"embeddable":true,"href":"https:\/\/www.europesays.com\/fr\/wp-json\/wp\/v2\/media\/667579"}],"wp:attachment":[{"href":"https:\/\/www.europesays.com\/fr\/wp-json\/wp\/v2\/media?parent=667578"}],"wp:term":[{"taxonomy":"category","embeddable":true,"href":"https:\/\/www.europesays.com\/fr\/wp-json\/wp\/v2\/categories?post=667578"},{"taxonomy":"post_tag","embeddable":true,"href":"https:\/\/www.europesays.com\/fr\/wp-json\/wp\/v2\/tags?post=667578"}],"curies":[{"name":"wp","href":"https:\/\/api.w.org\/{rel}","templated":true}]}}