{"id":667590,"date":"2026-01-16T11:42:12","date_gmt":"2026-01-16T11:42:12","guid":{"rendered":"https:\/\/www.europesays.com\/fr\/667590\/"},"modified":"2026-01-16T11:42:12","modified_gmt":"2026-01-16T11:42:12","slug":"pourquoi-je-quitte-meta-pour-creer-ma-start-up-dia","status":"publish","type":"post","link":"https:\/\/www.europesays.com\/fr\/667590\/","title":{"rendered":"\u00ab\u00a0Pourquoi je quitte Meta pour cr\u00e9er ma start-up d\u2019IA\u00a0\u00bb"},"content":{"rendered":"<p>                     <img loading=\"lazy\" decoding=\"async\" src=\"https:\/\/www.europesays.com\/fr\/wp-content\/uploads\/2026\/01\/df2f706_upload-1-ttafb7b9dz0k-rea11546576.jpg\" alt=\"Yann Le Cun, alors directeur scientifique de l\u2019intelligence artificielle chez Meta, \u00e0 New York, le 11\u00a0mai\u00a02023.\"   width=\"664\" height=\"443\"\/>    Yann Le Cun, alors directeur scientifique de l\u2019intelligence artificielle chez Meta, \u00e0 New York, le 11\u00a0mai\u00a02023.  VICTOR LLORENTE\/NYT-REDUX-REA                 <\/p>\n<p class=\"article__paragraph  \">A 65\u00a0ans, Yann Le Cun, le ponte de l\u2019intelligence artificielle (IA) aux yeux clairs p\u00e9tillants derri\u00e8re ses \u00e9ternelles lunettes Ray-Ban Wayfarer, veut ouvrir un nouveau chapitre de sa vie. Apr\u00e8s avoir pos\u00e9, comme chercheur, les bases de l\u2019IA moderne \u2013 <a href=\"https:\/\/www.lemonde.fr\/pixels\/article\/2019\/03\/27\/le-prix-turing-recompense-trois-pionniers-de-l-intelligence-artificielle_5441937_4408996.html\" target=\"_blank\" rel=\"noopener\">ce qui lui a valu de recevoir le prestigieux prix Turing\u00a02018, avec deux confr\u00e8res, Yoshua Bengio et Geoffrey Hinton<\/a> \u2013, puis dirig\u00e9 pendant plus de douze\u00a0ans la recherche fondamentale en IA chez Meta, <a href=\"https:\/\/www.lemonde.fr\/economie\/article\/2025\/12\/18\/ia-la-start-up-de-yann-lecun-recrute-un-directeur-general-et-veut-lever-500-millions-d-euros_6658581_3234.html\" target=\"_blank\" rel=\"noopener\">le Fran\u00e7ais lance sa start-up, baptis\u00e9e \u00ab\u00a0AMI\u00a0\u00bb, pour Advanced Machine Intelligence<\/a>, qu\u2019il r\u00eave en \u00ab\u00a0entreprise mondiale\u00a0\u00bb.<\/p>\n<p class=\"article__paragraph  \">Il r\u00e9serve les d\u00e9tails de sa lev\u00e9e de fonds (estim\u00e9e \u00e0 500\u00a0millions d\u2019euros) et le casting de son \u00e9quipe \u00e0 des annonces courant f\u00e9vrier. <a href=\"https:\/\/www.lemonde.fr\/economie\/article\/2025\/12\/04\/apres-son-depart-de-meta-le-pionnier-francais-de-l-ia-yann-lecun-installera-sa-start-up-a-paris_6656020_3234.html\" target=\"_blank\" rel=\"noopener\">On sait seulement que son si\u00e8ge sera \u00e0 Paris<\/a> et qu\u2019il a d\u00e9j\u00e0 enr\u00f4l\u00e9 l\u2019ex-directeur de Meta France Laurent Solly, ainsi qu\u2019Alex LeBrun, fondateur de la start-up d\u2019IA sp\u00e9cialis\u00e9e dans la sant\u00e9 Nabla. L\u2019entrepreneur, install\u00e9 en partie \u00e0 New York, ambitionne qu\u2019AMI contribue \u00e0 ouvrir une nouvelle phase de l\u2019IA\u00a0: \u00ab\u00a0Apr\u00e8s l\u2019apprentissage profond il y a douze\u00a0ans, puis l\u2019av\u00e8nement des chatbots comme ChatGPT ou Gemini, il y a trois\u00a0ans, il va y avoir une troisi\u00e8me r\u00e9volution\u00a0: celle des IA qui comprennent le monde r\u00e9el, le monde physique\u00a0\u00bb, a-t-il assur\u00e9, jeudi 15\u00a0janvier, lors d\u2019une rencontre \u00e0 Paris avec quelques journalistes, promettant des applications dans l\u2019industrie ou la robotique. Le chercheur ne cache pas que son d\u00e9part de Meta est li\u00e9 \u00e0 des d\u00e9saccords strat\u00e9giques. Et il assume ses critiques politiques de la \u00ab\u00a0d\u00e9rive autoritaire\u00a0\u00bb du pr\u00e9sident am\u00e9ricain, Donald Trump, ou du soutien de ce dernier, Elon Musk.<\/p>\n<p class=\"reading-mode-only \"><strong>Il vous reste 79.65% de cet article \u00e0 lire. La suite est r\u00e9serv\u00e9e aux abonn\u00e9s.<\/strong><\/p>\n","protected":false},"excerpt":{"rendered":"Yann Le Cun, alors directeur scientifique de l\u2019intelligence artificielle chez Meta, \u00e0 New York, le 11\u00a0mai\u00a02023. VICTOR LLORENTE\/NYT-REDUX-REA&hellip;\n","protected":false},"author":2,"featured_media":667591,"comment_status":"","ping_status":"","sticky":false,"template":"","format":"standard","meta":{"footnotes":""},"categories":[6],"tags":[35,33,34,1011,27],"class_list":{"0":"post-667590","1":"post","2":"type-post","3":"status-publish","4":"format-standard","5":"has-post-thumbnail","7":"category-economie","8":"tag-business","9":"tag-economie","10":"tag-economy","11":"tag-fr","12":"tag-france"},"share_on_mastodon":{"url":"https:\/\/pubeurope.com\/@fr\/115904600183427080","error":""},"_links":{"self":[{"href":"https:\/\/www.europesays.com\/fr\/wp-json\/wp\/v2\/posts\/667590","targetHints":{"allow":["GET"]}}],"collection":[{"href":"https:\/\/www.europesays.com\/fr\/wp-json\/wp\/v2\/posts"}],"about":[{"href":"https:\/\/www.europesays.com\/fr\/wp-json\/wp\/v2\/types\/post"}],"author":[{"embeddable":true,"href":"https:\/\/www.europesays.com\/fr\/wp-json\/wp\/v2\/users\/2"}],"replies":[{"embeddable":true,"href":"https:\/\/www.europesays.com\/fr\/wp-json\/wp\/v2\/comments?post=667590"}],"version-history":[{"count":0,"href":"https:\/\/www.europesays.com\/fr\/wp-json\/wp\/v2\/posts\/667590\/revisions"}],"wp:featuredmedia":[{"embeddable":true,"href":"https:\/\/www.europesays.com\/fr\/wp-json\/wp\/v2\/media\/667591"}],"wp:attachment":[{"href":"https:\/\/www.europesays.com\/fr\/wp-json\/wp\/v2\/media?parent=667590"}],"wp:term":[{"taxonomy":"category","embeddable":true,"href":"https:\/\/www.europesays.com\/fr\/wp-json\/wp\/v2\/categories?post=667590"},{"taxonomy":"post_tag","embeddable":true,"href":"https:\/\/www.europesays.com\/fr\/wp-json\/wp\/v2\/tags?post=667590"}],"curies":[{"name":"wp","href":"https:\/\/api.w.org\/{rel}","templated":true}]}}