{"id":667594,"date":"2026-01-16T11:44:10","date_gmt":"2026-01-16T11:44:10","guid":{"rendered":"https:\/\/www.europesays.com\/fr\/667594\/"},"modified":"2026-01-16T11:44:10","modified_gmt":"2026-01-16T11:44:10","slug":"six-personnes-devant-la-justice-a-ajaccio","status":"publish","type":"post","link":"https:\/\/www.europesays.com\/fr\/667594\/","title":{"rendered":"Six personnes devant la justice \u00e0 Ajaccio"},"content":{"rendered":"<p>Les dessous de cette affaire, qui s&rsquo;est d\u00e9roul\u00e9e dans la r\u00e9gion de Propriano, n&rsquo;ont pour l&rsquo;heure pas \u00e9t\u00e9 d\u00e9voil\u00e9s par les autorit\u00e9s.<\/p>\n<p>En d\u00e9but de semaine, les gendarmes de la brigade de recherches de Sart\u00e8ne et ceux de la section de recherches de la gendarmerie de Corse ont proc\u00e9d\u00e9 \u00e0 l&rsquo;interpellation de sept personnes dans le cadre d&rsquo;une enqu\u00eate pour tentative d&rsquo;enl\u00e8vement, menaces ou encore association de malfaiteurs, des infractions qui auraient \u00e9t\u00e9 commises quelques jours auparavant.<\/p>\n<p>Six personnes sont actuellement pr\u00e9sent\u00e9es devant la justice, au tribunal judiciaire d&rsquo;Ajaccio, ce vendredi 16\u00a0janvier, confirme le procureur d&rsquo;Ajaccio, Nicolas Septe.<\/p>\n","protected":false},"excerpt":{"rendered":"Les dessous de cette affaire, qui s&rsquo;est d\u00e9roul\u00e9e dans la r\u00e9gion de Propriano, n&rsquo;ont pour l&rsquo;heure pas \u00e9t\u00e9&hellip;\n","protected":false},"author":2,"featured_media":667595,"comment_status":"","ping_status":"","sticky":false,"template":"","format":"standard","meta":{"footnotes":""},"categories":[4],"tags":[5734,11,1102,13413,274,1011,27,303,12,3744,471,76781,62977,25,18847],"class_list":{"0":"post-667594","1":"post","2":"type-post","3":"status-publish","4":"format-standard","5":"has-post-thumbnail","7":"category-france","8":"tag-5734","9":"tag-actualites","10":"tag-breakingnews","11":"tag-devant","12":"tag-faits-divers-justice","13":"tag-fr","14":"tag-france","15":"tag-justice","16":"tag-news","17":"tag-personnes","18":"tag-pour","19":"tag-presentees","20":"tag-propriano","21":"tag-republique-francaise","22":"tag-six"},"share_on_mastodon":{"url":"https:\/\/pubeurope.com\/@fr\/115904607922741787","error":""},"_links":{"self":[{"href":"https:\/\/www.europesays.com\/fr\/wp-json\/wp\/v2\/posts\/667594","targetHints":{"allow":["GET"]}}],"collection":[{"href":"https:\/\/www.europesays.com\/fr\/wp-json\/wp\/v2\/posts"}],"about":[{"href":"https:\/\/www.europesays.com\/fr\/wp-json\/wp\/v2\/types\/post"}],"author":[{"embeddable":true,"href":"https:\/\/www.europesays.com\/fr\/wp-json\/wp\/v2\/users\/2"}],"replies":[{"embeddable":true,"href":"https:\/\/www.europesays.com\/fr\/wp-json\/wp\/v2\/comments?post=667594"}],"version-history":[{"count":0,"href":"https:\/\/www.europesays.com\/fr\/wp-json\/wp\/v2\/posts\/667594\/revisions"}],"wp:featuredmedia":[{"embeddable":true,"href":"https:\/\/www.europesays.com\/fr\/wp-json\/wp\/v2\/media\/667595"}],"wp:attachment":[{"href":"https:\/\/www.europesays.com\/fr\/wp-json\/wp\/v2\/media?parent=667594"}],"wp:term":[{"taxonomy":"category","embeddable":true,"href":"https:\/\/www.europesays.com\/fr\/wp-json\/wp\/v2\/categories?post=667594"},{"taxonomy":"post_tag","embeddable":true,"href":"https:\/\/www.europesays.com\/fr\/wp-json\/wp\/v2\/tags?post=667594"}],"curies":[{"name":"wp","href":"https:\/\/api.w.org\/{rel}","templated":true}]}}