{"id":667598,"date":"2026-01-16T11:46:10","date_gmt":"2026-01-16T11:46:10","guid":{"rendered":"https:\/\/www.europesays.com\/fr\/667598\/"},"modified":"2026-01-16T11:46:10","modified_gmt":"2026-01-16T11:46:10","slug":"je-nai-pas-sauve-quelquun-pour-avoir-mes-papiers","status":"publish","type":"post","link":"https:\/\/www.europesays.com\/fr\/667598\/","title":{"rendered":"Je n&rsquo;ai pas sauv\u00e9 quelqu&rsquo;un pour avoir mes papiers"},"content":{"rendered":"<p>                    Par<br \/>\n        <strong><br \/>\n            <a href=\"https:\/\/actu.fr\/auteur\/mathias-souteyrat\" title=\"Consulter tous les articles de Mathias Souteyrat\" target=\"_blank\" rel=\"noopener\">Mathias Souteyrat<\/a><br \/>\n                    <\/strong><\/p>\n<p>        Publi\u00e9 le<\/p>\n<p>            16 janv. 2026 \u00e0 12h24        <\/p>\n<p>Yassine Bencheniti n\u2019a pas eu la chance d\u2019\u00eatre film\u00e9 le 23\u00a0mai 2019 quand il a sauv\u00e9 \u00e0 bout de bras une femme en train de se jeter du 7e \u00e9tage d\u2019un immeuble du quartier de La Rivi\u00e8re, \u00e0 <a href=\"https:\/\/actu.fr\/saint-etienne\/\" target=\"_blank\" rel=\"noopener\">Saint-Etienne<\/a>.<\/p>\n<p class=\" wall-content\">Son histoire rappelle celle de <a href=\"https:\/\/actu.fr\/societe\/mamoudou-gassama-malien-sans-papiers-sauve-enfant-vide-paris-recu-lelysee_16990618.html\" target=\"_blank\" rel=\"noopener\">Mamoudou Gassama, jeune Malien de 22 ans sans papier qui a sauv\u00e9 en 2018 un enfant suspendu dans le vide<\/a> \u00e0 Paris. Emmanuel Macron l\u2019avait re\u00e7u \u00e0 l\u2019\u00c9lys\u00e9e puis d\u00e9cid\u00e9 de le naturaliser. Yassine, Alg\u00e9rien arriv\u00e9 en France en 2018, n\u2019aura pas \u00ab\u2009ce privil\u00e8ge-l\u00e0\u2009\u00bb.<\/p>\n<p class=\" wall-content\">Malgr\u00e9 des demandes de titres de s\u00e9jour, \u00ab\u2009juste pour travailler\u2009\u00bb, nous dit-il, le St\u00e9phanois fait l\u2019objet d\u2019une Obligation de quitter le territoire fran\u00e7ais (OQTF). Sous le choc, il se confie \u00e0 actu.fr.<\/p>\n<p>Depuis 7 ans, b\u00e9n\u00e9vole \u00e0 La Croix-Rouge fran\u00e7aise<\/p>\n<p class=\" wall-content\">\u00ab\u2009Je n\u2019ai pas sauv\u00e9 quelqu\u2019un pour obtenir mes papiers\u2009\u00bb, pr\u00e9cise-t-il d\u2019embl\u00e9e. A la suite de son geste h\u00e9ro\u00efque, Yassine, 43 ans, a m\u00eame eu des probl\u00e8mes de sant\u00e9, notamment son bras gauche qui le fait beaucoup souffrir. \u00ab\u2009J\u2019ai tenu quelqu\u2019un \u00e0 bout de bras dans le vide. je devrais me faire op\u00e9rer du bras gauche car j\u2019ai une hernie.\u2009\u00bb<\/p>\n<p><a class=\"jo-module-caroussel__img-container\" href=\"https:\/\/static.actu.fr\/uploads\/2026\/01\/whatsapp-image-2026-01-16-at-093908-1-1.jpeg\" title=\"Agrandir la photo Yassine Bencheniti est b\u00e9n\u00e9vole depuis 7 ans \u00e0 La Croix-Rouge de Saint-Etienne. (\u00a9 Photo transmise par Yassine Bencheniti)\" data-idx=\"1\" target=\"_blank\" rel=\"noopener\"><br \/>\n    <img decoding=\"async\" class=\"jo-module-caroussel__img\" loading=\"lazy\" src=\"https:\/\/www.europesays.com\/fr\/wp-content\/uploads\/2026\/01\/whatsapp-image-2026-01-16-at-093908-1-1-640x427.jpeg\" alt=\"Yassine Bencheniti est b\u00e9n\u00e9vole depuis 7 ans \u00e0 La Croix-Rouge de Saint-Etienne. (\u00a9 Photo transmise par Yassine Bencheniti)\" width=\"640\" height=\"427\"\/><\/a><\/p>\n<p class=\" wall-content\">Depuis son arriv\u00e9e dans l\u2019Hexagone, Yassine encha\u00eene les petits boulots. Apr\u00e8s avoir obtenu un premier r\u00e9c\u00e9piss\u00e9 pour travailler, il devient b\u00e9n\u00e9vole \u00e0 La Croix-Rouge fran\u00e7aise le matin, \u00ab\u2009pour aider les gens\u2009\u00bb, puis se transforme en livreur Uber Eats les apr\u00e8s-midi et soirs.<\/p>\n<p class=\" wall-content\">Apr\u00e8s une p\u00e9riode compliqu\u00e9e durant le Covid, il cherche du travail. La STAS lui fait m\u00eame une promesse d\u2019embauche pour devenir chauffeur de bus. Mais avec son permis de conduire alg\u00e9rien, Yassine a des probl\u00e8mes pour le changer en permis fran\u00e7ais.<\/p>\n<p>Votre r\u00e9gion, votre actu !<\/p>\n<p>Recevez chaque jour les infos qui comptent pour vous.<\/p>\n<p>\t<a href=\"https:\/\/actu.fr\/newsletter\" class=\"ac-btn ac-btn--corner ac-btn--medium ac-btn--blue800\" target=\"_blank\" rel=\"noopener\">S&rsquo;incrire<\/a><\/p>\n<blockquote class=\"ac-article-quote wall-content\">\n<p>J&rsquo;ai une compagne. Mes enfants sont n\u00e9s ici. Ils ont 10 ans, 6 ans, 3 ans et 6 mois. Ils parlent fran\u00e7ais. J&rsquo;aimerai vivre comme tout le monde.<\/p>\n<p>    <strong>Yassine Bencheniti<\/strong>\n            <\/p><\/blockquote>\n<p>Trois d\u00e9cisions d\u2019\u00e9loignement\u2009: en 2022, 2024 et 2025<\/p>\n<p class=\" wall-content\">Apr\u00e8s avoir obtenu des r\u00e9c\u00e9piss\u00e9s de travail de 6\u00a0mois puis de 3\u00a0mois et 3\u00a0mois, son dossier ne passe plus.<\/p>\n<p class=\" wall-content\">Contact\u00e9e, la pr\u00e9fecture nous pr\u00e9cise \u00ab\u2009avoir pris trois d\u00e9cisions d\u2019\u00e9loignement\u2009: en 2022, 2024 et 2025. Toutes confort\u00e9es par le juge administratif.\u2009\u00bb<\/p>\n<blockquote class=\"ac-article-quote wall-content\">\n<p>Tout \u00e9l\u00e9ment, jusqu&rsquo;alors non communiqu\u00e9 aux services de l&rsquo;\u00c9tat, qui permettrait de motiver une nouvelle demande d&rsquo;admission exceptionnelle au s\u00e9jour (AES) pourra \u00eatre examin\u00e9 par la pr\u00e9fecture de la Loire.<\/p>\n<p>    <strong>Pr\u00e9fecture de la Loire<\/strong>\n            <\/p><\/blockquote>\n<p class=\" wall-content\">Le mercredi 14 janvier 2026, c\u2019est le coup de massue. \u00ab\u2009On est choqu\u00e9. Tout le monde est choqu\u00e9. Je ne dors plus la nuit.\u2009\u00bb En plus de l\u2019OQTF, Yassine a l\u2019Interdiction de retour sur le territoire fran\u00e7ais (IRTF) d\u2019une dur\u00e9e d\u2019un an.<\/p>\n<p class=\" wall-content\">Malgr\u00e9 le soutien de la Croix-Rouge, des courriers au ministre de l\u2019Int\u00e9rieur et au pr\u00e9sident de la R\u00e9publique, l\u2019administration ne veut rien savoir. \u00ab\u00a0<strong>Vous avez sauv\u00e9 une vie, mais ce n\u2019est pas une loi en France<\/strong>\u00ab\u00a0, lui a-t-on froidement r\u00e9pondu.<\/p>\n<p class=\" wall-content\">Personnalisez votre actualit\u00e9 en ajoutant vos villes et m\u00e9dias en favori avec <a href=\"https:\/\/moncompte.actu.fr\" title=\"D\u00e9couvez Mon Actu\" rel=\"nofollow noopener\" data-trk=\"{&quot;cta&quot;:{&quot;action&quot;:&quot;https:\\\/\\\/moncompte.actu.fr&quot;,&quot;category&quot;:&quot;mon compte&quot;,&quot;from&quot;:&quot;article footer&quot;,&quot;name&quot;:&quot;Mon actu&quot;,&quot;type&quot;:&quot;cta&quot;}}\" target=\"_blank\">Mon Actu<\/a>.<\/p>\n","protected":false},"excerpt":{"rendered":"Par Mathias Souteyrat Publi\u00e9 le 16 janv. 2026 \u00e0 12h24 Yassine Bencheniti n\u2019a pas eu la chance d\u2019\u00eatre&hellip;\n","protected":false},"author":2,"featured_media":667599,"comment_status":"","ping_status":"","sticky":false,"template":"","format":"standard","meta":{"footnotes":""},"categories":[9653],"tags":[1111,11,2430,10263,1777,674,1011,27,1061,12,25,4001,104],"class_list":{"0":"post-667598","1":"post","2":"type-post","3":"status-publish","4":"format-standard","5":"has-post-thumbnail","7":"category-saint-etienne","8":"tag-actu","9":"tag-actualites","10":"tag-auvergne-rhone-alpes","11":"tag-benevolat","12":"tag-eu","13":"tag-europe","14":"tag-fr","15":"tag-france","16":"tag-immigration","17":"tag-news","18":"tag-republique-francaise","19":"tag-saint-etienne","20":"tag-societe"},"share_on_mastodon":{"url":"https:\/\/pubeurope.com\/@fr\/115904615882583148","error":""},"_links":{"self":[{"href":"https:\/\/www.europesays.com\/fr\/wp-json\/wp\/v2\/posts\/667598","targetHints":{"allow":["GET"]}}],"collection":[{"href":"https:\/\/www.europesays.com\/fr\/wp-json\/wp\/v2\/posts"}],"about":[{"href":"https:\/\/www.europesays.com\/fr\/wp-json\/wp\/v2\/types\/post"}],"author":[{"embeddable":true,"href":"https:\/\/www.europesays.com\/fr\/wp-json\/wp\/v2\/users\/2"}],"replies":[{"embeddable":true,"href":"https:\/\/www.europesays.com\/fr\/wp-json\/wp\/v2\/comments?post=667598"}],"version-history":[{"count":0,"href":"https:\/\/www.europesays.com\/fr\/wp-json\/wp\/v2\/posts\/667598\/revisions"}],"wp:featuredmedia":[{"embeddable":true,"href":"https:\/\/www.europesays.com\/fr\/wp-json\/wp\/v2\/media\/667599"}],"wp:attachment":[{"href":"https:\/\/www.europesays.com\/fr\/wp-json\/wp\/v2\/media?parent=667598"}],"wp:term":[{"taxonomy":"category","embeddable":true,"href":"https:\/\/www.europesays.com\/fr\/wp-json\/wp\/v2\/categories?post=667598"},{"taxonomy":"post_tag","embeddable":true,"href":"https:\/\/www.europesays.com\/fr\/wp-json\/wp\/v2\/tags?post=667598"}],"curies":[{"name":"wp","href":"https:\/\/api.w.org\/{rel}","templated":true}]}}