{"id":667608,"date":"2026-01-16T11:51:10","date_gmt":"2026-01-16T11:51:10","guid":{"rendered":"https:\/\/www.europesays.com\/fr\/667608\/"},"modified":"2026-01-16T11:51:10","modified_gmt":"2026-01-16T11:51:10","slug":"toulouse-et-toulon-au-pied-du-mur-lubb-en-conquete","status":"publish","type":"post","link":"https:\/\/www.europesays.com\/fr\/667608\/","title":{"rendered":"Toulouse et Toulon au pied du mur, l\u2019UBB en conqu\u00eate"},"content":{"rendered":"<p>Derni\u00e8re ligne droite avant la phase finale, cette journ\u00e9e de Champions Cup pour les clubs fran\u00e7ais s\u2019annonce d\u00e9cisive \u00e0 tous les \u00e9tages. Entre d\u00e9placements pi\u00e9geux, matches couperets et occasions de valider un quart de finale \u00e0 domicile, chaque formation tricolore aborde le week-end avec un contexte bien particulier, parfois pesant, parfois lib\u00e9r\u00e9 mais jamais anodin. Tous les matchs seront \u00e0 suivre en direct sur Vibrez Rugby.<\/p>\n<p>Toulouse sous pression contre Sale<\/p>\n<p>Une semaine apr\u00e8s avoir c\u00e9d\u00e9 face aux Saracens, Toulouse n\u2019a plus vraiment le droit \u00e0 l\u2019erreur. Ugo Mola a reconnu que son \u00e9quipe avait laiss\u00e9 \u00ab filer du temps \u00bb en premi\u00e8re p\u00e9riode et devra cette fois assumer son statut d\u00e8s le coup d\u2019envoi. Les leaders sont attendus pour remettre le jeu en place, monter le niveau d\u2019exigence et montrer un visage plus pr\u00e9cis dans les zones de marque. \u00c0 Ernest-Wallon, l\u2019enjeu est simple : gagner pour s\u00e9curiser la qualification et ne pas laisser la journ\u00e9e de Champions Cup pour les clubs fran\u00e7ais se transformer en mauvais souvenir haut-garonnais.<\/p>\n<p class=\"lien-interne-conseil\"><strong>\u00c0 lire aussi<\/strong> | <a href=\"https:\/\/vibrez-rugby.com\/montoya-et-maddocks-titulaires-pressentis-avec-section-paloise\/\" target=\"_blank\" rel=\"noopener\">Montoya et Maddocks titulaires pressentis avec Section Paloise<\/a><\/p>\n<p>Toulon \u00e0 Gloucester pour casser le plafond de verre<\/p>\n<p>\u00c0 Mayol, le RCT reste solide, mais \u00e0 l\u2019ext\u00e9rieur la confiance doit encore se construire en Champions Cup. Esteban Abadie parle d\u2019un \u00ab tournant \u00bb de la saison en se projetant sur le voyage \u00e0 Gloucester. Les Varois sortent d\u2019un succ\u00e8s r\u00e9f\u00e9rence contre Munster, acquis dans la douleur, et veulent capitaliser sur cette progression. Ils savent que l\u2019opposition anglaise sera rude dans le combat d\u2019avants et dans le jeu au pied de pression, secteurs o\u00f9 Toulon devra tenir le rythme tout en conservant son audace offensive retrouv\u00e9e.<\/p>\n<p>Castres en mission \u00e0 Munster<\/p>\n<p>Pour le CO, le d\u00e9placement \u00e0 Thomond Park repr\u00e9sente l\u2019arch\u00e9type du d\u00e9fi europ\u00e9en avec cette Champions Cup. Castres compte aligner son meilleur quinze du moment, avec notamment le jeune Atunaisa Sokobale et l\u2019exp\u00e9riment\u00e9 Will Collier charg\u00e9s de tenir la m\u00eal\u00e9e, et Baptiste Delaporte pour la mobilit\u00e9. L\u2019id\u00e9e est claire : r\u00e9pondre au rythme impos\u00e9 par Munster, \u00e9viter les entames rat\u00e9es qui ont co\u00fbt\u00e9 cher jusque-l\u00e0 et rester dans le match jusqu\u2019au bout pour esp\u00e9rer accrocher une place en huiti\u00e8mes. La discipline et la d\u00e9fense pr\u00e8s de la ligne seront au centre du plan de jeu.<\/p>\n<p class=\"lien-interne-conseil\"><strong>\u00c0 lire aussi<\/strong> | <a href=\"https:\/\/vibrez-rugby.com\/toulon-se-rapproche-des-quarts-avec-le-retour-de-serin\/\" target=\"_blank\" rel=\"noopener\">Toulon se rapproche des quarts avec le retour de Serin<\/a><\/p>\n<p>La Rochelle veut prolonger l\u2019\u00e9lan irlandais dans cette Champions Cup<\/p>\n<p>La Rochelle sort d\u2019un match plein en Irlande qui a rappel\u00e9 les meilleures heures r\u00e9centes du club sur la sc\u00e8ne europ\u00e9enne. Le staff rochelais refuse pourtant de parler d\u2019un objectif d\u00e9mesur\u00e9 : l\u2019id\u00e9e est d\u2019abord de confirmer le contenu, de mieux g\u00e9rer les temps faibles et de capitaliser sur une d\u00e9fense retrouv\u00e9e. Gregory Alldritt insiste sur la capacit\u00e9 de l\u2019\u00e9quipe \u00e0 \u00ab faire d\u00e9railler \u00bb les attaques adverses quand le rideau se met en marche. Dans une poule o\u00f9 Leicester et les Stormers restent mena\u00e7ants, chaque point pris ce week-end p\u00e8sera lourd.<\/p>\n<p>Bordeaux-B\u00e8gles pour verrouiller un rang premium<\/p>\n<p>Champion en titre, l\u2019UBB a sign\u00e9 trois succ\u00e8s bonifi\u00e9s qui lui offrent d\u00e9j\u00e0 un billet pour la suite. En d\u00e9placement \u00e0 Bristol, les Girondins visent d\u00e9sormais l\u2019avantage du terrain lors des matches couperets. Le staff insiste sur la gestion de la fatigue apr\u00e8s un bloc charg\u00e9, mais le message adress\u00e9 au groupe est limpide : terminer la phase de poules de Champions Cup avec l\u2019un des meilleurs bilans possibles. Les Bordelais savent que leur attaque en mouvement fait mal \u00e0 n\u2019importe quel adversaire, \u00e0 condition de rester pr\u00e9cis dans la zone de marque et de mieux ma\u00eetriser les temps faibles d\u00e9fensifs.<\/p>\n<p class=\"lien-interne-conseil\"><strong>\u00c0 lire aussi<\/strong> | <a href=\"https:\/\/vibrez-rugby.com\/union-bordeaux-begles-arthur-retiere-absent-deux-semaines\/\" target=\"_blank\" rel=\"noopener\">Union Bordeaux-B\u00e8gles : Arthur Reti\u00e8re absent deux semaines<\/a><\/p>\n<p>Pau en qu\u00eate de confirmation<\/p>\n<p>Pour la Section, la r\u00e9ception des Bulls constitue un test de grande envergure. Le jeune centre Quentin Valentino s\u2019est r\u00e9v\u00e9l\u00e9 lors des derni\u00e8res sorties et incarne cette g\u00e9n\u00e9ration b\u00e9arnaise ambitieuse m\u00eame en Champions Cup. Pau a d\u00e9j\u00e0 montr\u00e9 qu\u2019elle pouvait bousculer des packs r\u00e9put\u00e9s plus lourds, gr\u00e2ce \u00e0 une d\u00e9fense collective accrocheuse et un jeu de mouvement bien huil\u00e9. Face \u00e0 la puissance sud-africaine, il faudra tenir la collision, ne pas rendre trop de ballons au pied et rester clinique lorsqu\u2019une occasion d\u2019essai se pr\u00e9sentera.<\/p>\n<p>Clermont lib\u00e9r\u00e9 sur la c\u00f4te sud-africaine<\/p>\n<p>\u00c0 Durban, Clermont veut transformer un long voyage en opportunit\u00e9 de grandir. L\u2019ASM n\u2019a pas encore trouv\u00e9 la bonne carburation en Champions Cup, mais le rendez-vous chez les Sharks doit permettre de se l\u00e2cher, loin de la pression du r\u00e9sultat imm\u00e9diat. Christophe Urios insiste sur l\u2019id\u00e9e de donner du temps de jeu \u00e0 de jeunes \u00e9l\u00e9ments tout en restant comp\u00e9titif. Dans cette journ\u00e9e de Champions Cup pour les clubs fran\u00e7ais, les Auvergnats ont l\u2019occasion de poser les bases de la suite de leur saison, en misant sur l\u2019engagement et la cr\u00e9ativit\u00e9.<\/p>\n<p class=\"lien-interne-conseil\"><strong>\u00c0 lire aussi<\/strong> | <a href=\"https:\/\/vibrez-rugby.com\/transferts-le-centre-ecossais-huw-jones-sengage-a-toulon\/\" target=\"_blank\" rel=\"noopener\">Transferts : le centre \u00e9cossais Huw Jones s\u2019engage \u00e0 Toulon<\/a><\/p>\n<p>Bayonne face au mur Leinster en Champions Cup<\/p>\n<p>Bayonne se pr\u00e9pare \u00e0 accueillir Leinster dans un contexte particulier. Le retour de Luke Tagi, absent de longs mois, offre une solution importante en m\u00eal\u00e9e droite. Le staff basque mesure l\u2019\u00e9cart qui s\u00e9pare encore l\u2019Aviron des cadors europ\u00e9ens, mais voit dans ce rendez-vous une chance de progresser acc\u00e9l\u00e9r\u00e9e. L\u2019objectif sera de tenir le plus longtemps possible dans l\u2019intensit\u00e9, de limiter les fautes dans le camp propre et d\u2019exploiter la moindre opportunit\u00e9 en contre. M\u00eame si le d\u00e9fi est immense, une prestation consistante permettrait aux Bayonnais de sortir grandis de cette journ\u00e9e de Champions Cup pour les clubs fran\u00e7ais.Articles les plus populaires :<a class=\"bloc-conseille-lien\" href=\"https:\/\/vibrez-rugby.com\/toulon-se-rapproche-des-quarts-avec-le-retour-de-serin\/\" target=\"_blank\" rel=\"noopener\">\u2192 Toulon se rapproche des quarts avec le retour de Serin<\/a><a class=\"bloc-conseille-lien\" href=\"https:\/\/vibrez-rugby.com\/pro-d2-carcassonne-une-equipe-de-furieux-avec-12-changements-pour-recevoir-dax\/\" target=\"_blank\" rel=\"noopener\">\u2192 Pro D2, Carcassonne, une \u00e9quipe de furieux avec 12 changements pour recevoir Dax.<\/a><a class=\"bloc-conseille-lien\" href=\"https:\/\/vibrez-rugby.com\/montoya-et-maddocks-titulaires-pressentis-avec-section-paloise\/\" target=\"_blank\" rel=\"noopener\">\u2192 Montoya et Maddocks titulaires pressentis avec Section Paloise<\/a><\/p>\n","protected":false},"excerpt":{"rendered":"Derni\u00e8re ligne droite avant la phase finale, cette journ\u00e9e de Champions Cup pour les clubs fran\u00e7ais s\u2019annonce d\u00e9cisive&hellip;\n","protected":false},"author":2,"featured_media":667609,"comment_status":"","ping_status":"","sticky":false,"template":"","format":"standard","meta":{"footnotes":""},"categories":[9619],"tags":[1111,11,1777,674,1011,27,12,882,25,2310],"class_list":{"0":"post-667608","1":"post","2":"type-post","3":"status-publish","4":"format-standard","5":"has-post-thumbnail","7":"category-toulon","8":"tag-actu","9":"tag-actualites","10":"tag-eu","11":"tag-europe","12":"tag-fr","13":"tag-france","14":"tag-news","15":"tag-provence-alpes-cote-dazur","16":"tag-republique-francaise","17":"tag-toulon"},"share_on_mastodon":{"url":"https:\/\/pubeurope.com\/@fr\/115904635536767285","error":""},"_links":{"self":[{"href":"https:\/\/www.europesays.com\/fr\/wp-json\/wp\/v2\/posts\/667608","targetHints":{"allow":["GET"]}}],"collection":[{"href":"https:\/\/www.europesays.com\/fr\/wp-json\/wp\/v2\/posts"}],"about":[{"href":"https:\/\/www.europesays.com\/fr\/wp-json\/wp\/v2\/types\/post"}],"author":[{"embeddable":true,"href":"https:\/\/www.europesays.com\/fr\/wp-json\/wp\/v2\/users\/2"}],"replies":[{"embeddable":true,"href":"https:\/\/www.europesays.com\/fr\/wp-json\/wp\/v2\/comments?post=667608"}],"version-history":[{"count":0,"href":"https:\/\/www.europesays.com\/fr\/wp-json\/wp\/v2\/posts\/667608\/revisions"}],"wp:featuredmedia":[{"embeddable":true,"href":"https:\/\/www.europesays.com\/fr\/wp-json\/wp\/v2\/media\/667609"}],"wp:attachment":[{"href":"https:\/\/www.europesays.com\/fr\/wp-json\/wp\/v2\/media?parent=667608"}],"wp:term":[{"taxonomy":"category","embeddable":true,"href":"https:\/\/www.europesays.com\/fr\/wp-json\/wp\/v2\/categories?post=667608"},{"taxonomy":"post_tag","embeddable":true,"href":"https:\/\/www.europesays.com\/fr\/wp-json\/wp\/v2\/tags?post=667608"}],"curies":[{"name":"wp","href":"https:\/\/api.w.org\/{rel}","templated":true}]}}