{"id":667610,"date":"2026-01-16T11:52:12","date_gmt":"2026-01-16T11:52:12","guid":{"rendered":"https:\/\/www.europesays.com\/fr\/667610\/"},"modified":"2026-01-16T11:52:12","modified_gmt":"2026-01-16T11:52:12","slug":"manon-garrel-tient-un-stand-de-recolte-de-jouets","status":"publish","type":"post","link":"https:\/\/www.europesays.com\/fr\/667610\/","title":{"rendered":"Manon Garrel tient un stand de r\u00e9colte de jouets"},"content":{"rendered":"<p>Manon Garrel, \u00e9tudiante prad\u00e9enne en terminale \u00e0 Montpellier tenait un stand un peu particulier sur le march\u00e9 hebdomadaire, dimanche 11 janvier. Elle ne proposait rien \u00e0 la vente\u2026 c\u2019est elle qui est repartie charg\u00e9e. Pour un projet dans le cadre de son Bac pro vente au lyc\u00e9e Mendes-France, elle s\u2019est donn\u00e9e pour mission de r\u00e9colter des jouets. \u00ab\u00a0Le but est ensuite de les donner \u00e0 des enfants d\u00e9favoris\u00e9s, via l\u2019association montpelli\u00e9raine Le gang des lutins. Ils prennent tous les jouets m\u00eame cass\u00e9s et les r\u00e9parent avant de les offrir\u00a0\u00bb, explique la lyc\u00e9enne qui reviendra une seconde fois sur le march\u00e9 :<\/p>\n<p>\u00ab\u00a0Je serai \u00e0 nouveau pr\u00e9sente dimanche prochain, le 18 janvier, avec mon stand.\u00a0\u00bb<\/p>\n<p>Elle ne sera pas seule car les jeunes Prad\u00e9ens ont \u00e9t\u00e9 g\u00e9n\u00e9reux d\u00e8s le premier rendez-vous, obligeant son papa \u00e0 faire plusieurs allers-retours pour mettre de c\u00f4t\u00e9 les dons.<\/p>\n<p>\u00ab\u00a0On a d\u00e9j\u00e0 eu beaucoup de dons et \u00e7a faisait plaisir \u00e0 voir, tous ces enfants contents de donner pour d\u2019autres\u00a0\u00bb, s\u2019est r\u00e9jouie Manon.<\/p>\n<p>Contact par mail \u00e0 <a href=\"https:\/\/www.midilibre.fr\/2026\/01\/16\/mailto:manon.garrel2903@gmail.com\" target=\"_blank\" rel=\"noopener\">manon.garrel2903@gmail.com<\/a>.<\/p>\n<p>Correspondant Midi Libre : 07 83 24 25 27<\/p>\n","protected":false},"excerpt":{"rendered":"Manon Garrel, \u00e9tudiante prad\u00e9enne en terminale \u00e0 Montpellier tenait un stand un peu particulier sur le march\u00e9 hebdomadaire,&hellip;\n","protected":false},"author":2,"featured_media":667611,"comment_status":"","ping_status":"","sticky":false,"template":"","format":"standard","meta":{"footnotes":""},"categories":[9599],"tags":[1111,11,1777,674,1011,27,7089,2208,12,2680,76782,25,801,1857],"class_list":{"0":"post-667610","1":"post","2":"type-post","3":"status-publish","4":"format-standard","5":"has-post-thumbnail","7":"category-montpellier","8":"tag-actu","9":"tag-actualites","10":"tag-eu","11":"tag-europe","12":"tag-fr","13":"tag-france","14":"tag-herault","15":"tag-montpellier","16":"tag-news","17":"tag-occitanie","18":"tag-pradeslelez","19":"tag-republique-francaise","20":"tag-social","21":"tag-sociu00e9tu00e9"},"share_on_mastodon":{"url":"https:\/\/pubeurope.com\/@fr\/115904639369155092","error":""},"_links":{"self":[{"href":"https:\/\/www.europesays.com\/fr\/wp-json\/wp\/v2\/posts\/667610","targetHints":{"allow":["GET"]}}],"collection":[{"href":"https:\/\/www.europesays.com\/fr\/wp-json\/wp\/v2\/posts"}],"about":[{"href":"https:\/\/www.europesays.com\/fr\/wp-json\/wp\/v2\/types\/post"}],"author":[{"embeddable":true,"href":"https:\/\/www.europesays.com\/fr\/wp-json\/wp\/v2\/users\/2"}],"replies":[{"embeddable":true,"href":"https:\/\/www.europesays.com\/fr\/wp-json\/wp\/v2\/comments?post=667610"}],"version-history":[{"count":0,"href":"https:\/\/www.europesays.com\/fr\/wp-json\/wp\/v2\/posts\/667610\/revisions"}],"wp:featuredmedia":[{"embeddable":true,"href":"https:\/\/www.europesays.com\/fr\/wp-json\/wp\/v2\/media\/667611"}],"wp:attachment":[{"href":"https:\/\/www.europesays.com\/fr\/wp-json\/wp\/v2\/media?parent=667610"}],"wp:term":[{"taxonomy":"category","embeddable":true,"href":"https:\/\/www.europesays.com\/fr\/wp-json\/wp\/v2\/categories?post=667610"},{"taxonomy":"post_tag","embeddable":true,"href":"https:\/\/www.europesays.com\/fr\/wp-json\/wp\/v2\/tags?post=667610"}],"curies":[{"name":"wp","href":"https:\/\/api.w.org\/{rel}","templated":true}]}}