{"id":667612,"date":"2026-01-16T11:53:15","date_gmt":"2026-01-16T11:53:15","guid":{"rendered":"https:\/\/www.europesays.com\/fr\/667612\/"},"modified":"2026-01-16T11:53:15","modified_gmt":"2026-01-16T11:53:15","slug":"mohed-altrad-homme-daffaires-et-patron-du-mhr-se-declare-candidat-a-la-mairie-de-montpellier","status":"publish","type":"post","link":"https:\/\/www.europesays.com\/fr\/667612\/","title":{"rendered":"Mohed Altrad, homme d&rsquo;affaires et patron du MHR, se d\u00e9clare candidat \u00e0 la mairie de Montpellier"},"content":{"rendered":"<p class=\"article__intro\">Mohed Altrad, le milliardaire et propri\u00e9taire du club Montpellier H\u00e9rault Rugby (MHR), a officialis\u00e9 sa candidature pour les \u00e9lections municipales \u00e0 Montpellier, ce jeudi 15 janvier 2026 lors d&rsquo;un meeting. Il a pr\u00e9sent\u00e9 les grandes lignes de son programme.<\/p>\n<p>\n      L\u2019actu des r\u00e9gions\n    <\/p>\n<p>\n      Chaque jour, un tour d\u2019horizon des principales infos de toutes les r\u00e9gions.\n    <\/p>\n<p>    France T\u00e9l\u00e9visions utilise votre adresse e-mail afin de vous envoyer la newsletter \u00ab\u00a0L\u2019actu des r\u00e9gions\u00a0\u00bb. Vous pouvez vous d\u00e9sinscrire \u00e0 tout moment via le lien en bas de cette newsletter. <a target=\"_blank\" href=\"https:\/\/www.francetelevisions.fr\/groupe\/confidentialite\/politique-de-confidentialite\/politique-de-confidentialite-de-france-televisions-6503\" rel=\"noopener\">Notre politique de confidentialit\u00e9<\/a><\/p>\n<p>Tonnerre d&rsquo;applaudissements, arriv\u00e9e triomphale \u00e0 l&rsquo;espace Di\u00e8ze de Montpellier, Mohed Altrad, patron du club de rugby de la ville, a vu les choses en grand pour ce premier meeting, ce jeudi 15 janvier 2026. Il a annonc\u00e9 sa candidature pour les \u00e9lections municipales. \u00ab\u00a0Quand beaucoup choisissent le confort, j\u2019ai choisi le combat\u2026 J\u2019ai d\u00e9cid\u00e9 de me pr\u00e9senter comme candidat \u00e0 la mairie de Montpellier\u00a0\u00bb, a-t-il d\u00e9clar\u00e9 devant une foule de plus de 300 personnes. Sur sc\u00e8ne, il est accompagn\u00e9, entre autres, de l\u2019ancienne ministre macroniste aux Anciens combattants Patricia Mirall\u00e8s.<\/p>\n<p><a data-article-figure=\"\" href=\"https:\/\/france3-regions.franceinfo.fr\/image\/jkGokdDpzIz-bYCxgcdHPi9NVS4\/1600x1200\/regions\/2026\/01\/16\/whatsapp-image-2026-01-15-at-20-34-27-696a07bda42e2085165298.jpg\" data-pswp-width=\"1600\" data-pswp-height=\"1200\" target=\"_blank\" rel=\"noopener\"><\/p>\n<p>          <img width=\"600\" height=\"400\" class=\"article-image lazy\" data-src=\"https:\/\/www.europesays.com\/fr\/wp-content\/uploads\/2026\/01\/whatsapp-image-2026-01-15-at-20-34-27-696a07bda42e2085165298.jpg\" alt=\"Mohed Atrad a pr\u00e9sent\u00e9 son programme pour les \u00e9lections municipales \u00e0 Montpellier, ce jeudi 15 janvier 2026.\" fetchpriority=\"high\" as=\"image\"\/><\/p>\n<p>\n            Mohed Atrad a pr\u00e9sent\u00e9 son programme pour les \u00e9lections municipales \u00e0 Montpellier, ce jeudi 15 janvier 2026.<br \/>\n                           \u2022<br \/>\n                                      \u00a9 Carine Alazet, France T\u00e9l\u00e9visons\n                      <\/p>\n<p><\/a><\/p>\n<p>Le septuag\u00e9naire est bien connu des Montpelli\u00e9rains. D&rsquo;origine syrienne, il a fait fortune en devenant le leader mondial des \u00e9chafaudages. Son groupe est le sponsor du maillot du XV de France. Mohed Altrad n&rsquo;est pas non plus un inconnu des scrutins. En 2020, il avait d\u00e9j\u00e0 tent\u00e9 sa chance pour la mairie de Montpellier et <a href=\"https:\/\/france3-regions.franceinfo.fr\/occitanie\/herault\/montpellier\/municipales-2020-montpellier-mohed-altrad-candidat-du-coeur-action-1722905.html\" target=\"_blank\" rel=\"noopener noreferrer nofollow\" data-tooltip-url=\"https:\/\/france3-regions.franceinfo.fr\/occitanie\/herault\/montpellier\/municipales-2020-montpellier-mohed-altrad-candidat-du-coeur-action-1722905.html\">avait obtenu, 13,3% au premier tour et 18,1% au second tour<\/a>, apr\u00e8s une fusion avec des repr\u00e9sentants du mouvement\u00a0class\u00e9 \u00e0 gauche \u00ab\u00a0Nous sommes\u00a0\u00bb. Il est arriv\u00e9 en troisi\u00e8me position derri\u00e8re Micha\u00ebl Delafosse, l&rsquo;actuel maire (PS), et Philippe Saurel, son pr\u00e9d\u00e9cesseur. En 2024, il avait finalement d\u00e9missionn\u00e9 de son mandat de conseiller municipal d&rsquo;opposition, apr\u00e8s avoir renonc\u00e9 \u00e0 celui de conseiller m\u00e9tropolitain.<\/p>\n<ul>\n<li>Mohed Altrad a d\u00e9voil\u00e9 les grandes lignes de son programme aux \u00e9lecteurs avec plusieurs mesures sociales\u00a0: doubler le nombre de logements sociaux, <\/li>\n<li>possibilit\u00e9 de devenir propri\u00e9taire de son appartement apr\u00e8s quinze ans,<\/li>\n<li>cantine gratuite pour tous les enfants de la ville<\/li>\n<\/ul>\n<p>Il \u00ab\u00a0gardera les transports gratuits, c\u2019est un acquis\u00a0\u00bb et veut instaurer une brigade municipale de propret\u00e9, un plan de v\u00e9g\u00e9talisation massive ainsi qu&rsquo;un plan anti bouchons pour faciliter la circulation.<\/p>\n<p>Il est contre les combustibles solides de r\u00e9cup\u00e9ration (CRS) : \u00ab\u00a0On vous dit que c\u2019est sans danger, on vous l\u2019a dit pour l\u2019amiante et le plomb. Je refuse qu\u2019on fasse peser un risque sanitaire \u00e0 Montpellier. Le CSR sera abandonn\u00e9 d\u00e9finitivement.\u00a0\u00bb<\/p>\n<p>En tant qu&rsquo;homme d&rsquo;affaires avant tout, il souhaiterait cr\u00e9er pr\u00e8s de 30 000 emplois \u00e0 Montpellier \u00ab\u00a0comme je l\u2019ai fait dans mon entreprise ces cinq derni\u00e8res ann\u00e9es\u00a0\u00bb et vise le \u00ab\u00a0z\u00e9ro ch\u00f4meur\u00a0\u00bb. Il promet qu&rsquo;il n&rsquo;y aura plus de hausse des imp\u00f4ts pour les Montpelli\u00e9rains. \u00ab\u00a0La ville est tr\u00e8s endett\u00e9e, elle vit \u00e0 cr\u00e9dit, et les finances, \u00e7a me conna\u00eet\u00a0\u00bb, rassure-t-il. Le milliardaire assure aussi\u00a0:<\/p>\n<blockquote class=\"ftvi_content_quote\">\n<p class=\"ftvi_citation_quote\">Je ne prendrai pas un centime des indemnit\u00e9s de maire et de pr\u00e9sident de l\u2019agglom\u00e9ration. Elles seront revers\u00e9es aux associations de la ville.<\/p>\n<p>Mohed Altrad<\/p>\n<p class=\"ftvi_citation_source\">pr\u00e9sident du MHR et candidat \u00e0 la mairie de Montpellier<\/p>\n<\/blockquote>\n<p>Parmi les propositions qui pourraient faire grincer des dents : un couvre-feu \u00e0 partir de 22 heures pour les mineurs de moins de 16 ans \u00ab\u00a0pour prot\u00e9ger les enfants\u00a0\u00bb. Le candidat souhaite aussi doubler les effectifs de la police municipale.<\/p>\n<p>Le septuag\u00e9naire est connu pour critiquer r\u00e9guli\u00e8rement la gestion de la m\u00e9tropole par le PS, comme lorsqu&rsquo;il avait menac\u00e9 en juin 2025 de quitter le GGL Stadium qu&rsquo;il juge vieillissant. Pourtant, il s&rsquo;est fait remarquer pour son absent\u00e9isme permanent aux s\u00e9ances municipales alors qu&rsquo;il si\u00e9geait dans les rangs de l&rsquo;opposition \u00e0 Micha\u00ebl Delafosse.<\/p>\n<p>Le patron du club de rugby est, par ailleurs, dans le collimateur de la justice : il a \u00e9t\u00e9 condamn\u00e9 \u00e0 18 mois de prison avec sursis pour corruption active, trafic d&rsquo;influence, abus de biens sociaux dans l&rsquo;affaire qui a aussi vu la condamnation de Bernard Laporte en d\u00e9cembre 2022. Une affaire qui lui a aussi valu une peine d&rsquo;in\u00e9ligibilit\u00e9 de 2 ans. Son proc\u00e8s en appel est attendu pour septembre 2026.<\/p>\n<p>S&rsquo;il est \u00e9lu \u00e0 la t\u00eate de Montpellier et que le jugement en premi\u00e8re instance est confirm\u00e9 par la justice, Mohed Altrad, devra c\u00e9der son fauteuil de maire.<\/p>\n<p>\u00c9crit avec Carine Alazet et Paul Jorge.<\/p>\n","protected":false},"excerpt":{"rendered":"Mohed Altrad, le milliardaire et propri\u00e9taire du club Montpellier H\u00e9rault Rugby (MHR), a officialis\u00e9 sa candidature pour les&hellip;\n","protected":false},"author":2,"featured_media":667613,"comment_status":"","ping_status":"","sticky":false,"template":"","format":"standard","meta":{"footnotes":""},"categories":[9599],"tags":[1111,11,1777,674,1011,27,2208,12,2680,25],"class_list":{"0":"post-667612","1":"post","2":"type-post","3":"status-publish","4":"format-standard","5":"has-post-thumbnail","7":"category-montpellier","8":"tag-actu","9":"tag-actualites","10":"tag-eu","11":"tag-europe","12":"tag-fr","13":"tag-france","14":"tag-montpellier","15":"tag-news","16":"tag-occitanie","17":"tag-republique-francaise"},"share_on_mastodon":{"url":"https:\/\/pubeurope.com\/@fr\/115904643377962026","error":""},"_links":{"self":[{"href":"https:\/\/www.europesays.com\/fr\/wp-json\/wp\/v2\/posts\/667612","targetHints":{"allow":["GET"]}}],"collection":[{"href":"https:\/\/www.europesays.com\/fr\/wp-json\/wp\/v2\/posts"}],"about":[{"href":"https:\/\/www.europesays.com\/fr\/wp-json\/wp\/v2\/types\/post"}],"author":[{"embeddable":true,"href":"https:\/\/www.europesays.com\/fr\/wp-json\/wp\/v2\/users\/2"}],"replies":[{"embeddable":true,"href":"https:\/\/www.europesays.com\/fr\/wp-json\/wp\/v2\/comments?post=667612"}],"version-history":[{"count":0,"href":"https:\/\/www.europesays.com\/fr\/wp-json\/wp\/v2\/posts\/667612\/revisions"}],"wp:featuredmedia":[{"embeddable":true,"href":"https:\/\/www.europesays.com\/fr\/wp-json\/wp\/v2\/media\/667613"}],"wp:attachment":[{"href":"https:\/\/www.europesays.com\/fr\/wp-json\/wp\/v2\/media?parent=667612"}],"wp:term":[{"taxonomy":"category","embeddable":true,"href":"https:\/\/www.europesays.com\/fr\/wp-json\/wp\/v2\/categories?post=667612"},{"taxonomy":"post_tag","embeddable":true,"href":"https:\/\/www.europesays.com\/fr\/wp-json\/wp\/v2\/tags?post=667612"}],"curies":[{"name":"wp","href":"https:\/\/api.w.org\/{rel}","templated":true}]}}