{"id":667614,"date":"2026-01-16T11:54:09","date_gmt":"2026-01-16T11:54:09","guid":{"rendered":"https:\/\/www.europesays.com\/fr\/667614\/"},"modified":"2026-01-16T11:54:09","modified_gmt":"2026-01-16T11:54:09","slug":"un-jeune-automobiliste-trop-presse-roule-a-vive-allure-en-centre-ville-de-rouen-apres-une-soiree-tres-arrosee","status":"publish","type":"post","link":"https:\/\/www.europesays.com\/fr\/667614\/","title":{"rendered":"Un jeune automobiliste trop press\u00e9 roule \u00e0 vive allure en centre-ville de Rouen apr\u00e8s une soir\u00e9e tr\u00e8s arros\u00e9e"},"content":{"rendered":"<p>                    Par<br \/>\n        <strong><br \/>\n            <a href=\"https:\/\/actu.fr\/auteur\/fmass\" title=\"Consulter tous les articles de Fabien Massin\" target=\"_blank\" rel=\"noopener\">Fabien Massin<\/a><br \/>\n                    <\/strong><\/p>\n<p>        Publi\u00e9 le<\/p>\n<p>            16 janv. 2026 \u00e0 11h43        <\/p>\n<p>Il \u00e9tait peut-\u00eatre trop press\u00e9 de rentrer chez lui, mais mal lui en a pris. Vendredi 16\u00a0janvier 2026 vers 3h30, une patrouille aper\u00e7oit une voiture <strong>qui fait une forte acc\u00e9l\u00e9ration<\/strong>, quai de la Bourse \u00e0 <a href=\"https:\/\/actu.fr\/normandie\/rouen_76540\" target=\"_blank\" rel=\"noopener\">Rouen (Seine-Maritime)<\/a>, et qui poursuit sa route \u00e0 tr\u00e8s vive allure, apprend-on de source polici\u00e8re.<\/p>\n<p>Une alcool\u00e9mie tr\u00e8s importante<\/p>\n<p class=\" wall-content\">Les forces de l\u2019ordre viennent \u00e0 sa hauteur et proc\u00e8dent au contr\u00f4le. Au volant de la voiture, le conducteur, un homme de 22\u00a0ans, <strong>empeste l\u2019alcool<\/strong>. Et pour cause, le d\u00e9pistage r\u00e9v\u00e8le une alcool\u00e9mie tr\u00e8s importante de 1,64 gramme d\u2019alcool par litre de sang.<\/p>\n<p class=\" wall-content\">Le jeune conducteur n\u2019a pas \u00e9t\u00e9 amen\u00e9 au poste de police mais confi\u00e9 \u00ab\u2009\u00e0 une personne de confiance\u2009\u00bb. Et il sera<strong> convoqu\u00e9 ult\u00e9rieurement<\/strong> pour r\u00e9pondre de ses actes.<\/p>\n<p>Suivez l\u2019actualit\u00e9 de Rouen sur notre <a href=\"https:\/\/www.whatsapp.com\/channel\/0029VaKfnf99hXF2ddApFB1D\" target=\"_blank\" rel=\"noopener\">cha\u00eene WhatsApp<\/a> et sur notre <a href=\"https:\/\/www.tiktok.com\/@76actu.fr?lang=fr\" target=\"_blank\" rel=\"noopener\">compte TikTok<\/a><\/p>\n<p class=\" wall-content\">Personnalisez votre actualit\u00e9 en ajoutant vos villes et m\u00e9dias en favori avec <a href=\"https:\/\/moncompte.actu.fr\" title=\"D\u00e9couvez Mon Actu\" rel=\"nofollow noopener\" data-trk=\"{&quot;cta&quot;:{&quot;action&quot;:&quot;https:\\\/\\\/moncompte.actu.fr&quot;,&quot;category&quot;:&quot;mon compte&quot;,&quot;from&quot;:&quot;article footer&quot;,&quot;name&quot;:&quot;Mon actu&quot;,&quot;type&quot;:&quot;cta&quot;}}\" target=\"_blank\">Mon Actu<\/a>.<\/p>\n<p>                    <script async src=\"\/\/www.tiktok.com\/embed.js\"><\/script><\/p>\n","protected":false},"excerpt":{"rendered":"Par Fabien Massin Publi\u00e9 le 16 janv. 2026 \u00e0 11h43 Il \u00e9tait peut-\u00eatre trop press\u00e9 de rentrer chez&hellip;\n","protected":false},"author":2,"featured_media":667615,"comment_status":"","ping_status":"","sticky":false,"template":"","format":"standard","meta":{"footnotes":""},"categories":[9587],"tags":[1111,11,5702,1777,674,118,1011,27,12,5161,1072,25,9590],"class_list":{"0":"post-667614","1":"post","2":"type-post","3":"status-publish","4":"format-standard","5":"has-post-thumbnail","7":"category-rouen","8":"tag-actu","9":"tag-actualites","10":"tag-alcool","11":"tag-eu","12":"tag-europe","13":"tag-faits-divers","14":"tag-fr","15":"tag-france","16":"tag-news","17":"tag-normandie","18":"tag-police","19":"tag-republique-francaise","20":"tag-rouen"},"share_on_mastodon":{"url":"https:\/\/pubeurope.com\/@fr\/115904647332870512","error":""},"_links":{"self":[{"href":"https:\/\/www.europesays.com\/fr\/wp-json\/wp\/v2\/posts\/667614","targetHints":{"allow":["GET"]}}],"collection":[{"href":"https:\/\/www.europesays.com\/fr\/wp-json\/wp\/v2\/posts"}],"about":[{"href":"https:\/\/www.europesays.com\/fr\/wp-json\/wp\/v2\/types\/post"}],"author":[{"embeddable":true,"href":"https:\/\/www.europesays.com\/fr\/wp-json\/wp\/v2\/users\/2"}],"replies":[{"embeddable":true,"href":"https:\/\/www.europesays.com\/fr\/wp-json\/wp\/v2\/comments?post=667614"}],"version-history":[{"count":0,"href":"https:\/\/www.europesays.com\/fr\/wp-json\/wp\/v2\/posts\/667614\/revisions"}],"wp:featuredmedia":[{"embeddable":true,"href":"https:\/\/www.europesays.com\/fr\/wp-json\/wp\/v2\/media\/667615"}],"wp:attachment":[{"href":"https:\/\/www.europesays.com\/fr\/wp-json\/wp\/v2\/media?parent=667614"}],"wp:term":[{"taxonomy":"category","embeddable":true,"href":"https:\/\/www.europesays.com\/fr\/wp-json\/wp\/v2\/categories?post=667614"},{"taxonomy":"post_tag","embeddable":true,"href":"https:\/\/www.europesays.com\/fr\/wp-json\/wp\/v2\/tags?post=667614"}],"curies":[{"name":"wp","href":"https:\/\/api.w.org\/{rel}","templated":true}]}}