{"id":667616,"date":"2026-01-16T11:55:23","date_gmt":"2026-01-16T11:55:23","guid":{"rendered":"https:\/\/www.europesays.com\/fr\/667616\/"},"modified":"2026-01-16T11:55:23","modified_gmt":"2026-01-16T11:55:23","slug":"la-patronne-dun-salon-de-massage-de-rouen-condamnee-pour-proxenetisme","status":"publish","type":"post","link":"https:\/\/www.europesays.com\/fr\/667616\/","title":{"rendered":"la patronne d&rsquo;un salon de massage de Rouen condamn\u00e9e pour prox\u00e9n\u00e9tisme"},"content":{"rendered":"<p class=\"article__intro\">Deux g\u00e9rantes d&rsquo;un salon de massage du centre-ville de Rouen \u00e9taient jug\u00e9es jeudi 15 janvier pour prox\u00e9n\u00e9tisme, blanchiment et travail dissimul\u00e9. Ces ressortissantes chinoises proposaient des prestations sexuelles \u00e0 leurs clients. L&rsquo;une a \u00e9t\u00e9 relax\u00e9e, l&rsquo;autre condamn\u00e9e \u00e0 une peine sous bracelet \u00e9lectronique.<\/p>\n<p>\n      La Quotidienne Soci\u00e9t\u00e9\n    <\/p>\n<p>\n      De la vie quotidienne aux grands enjeux, recevez tous les jours les sujets qui font la soci\u00e9t\u00e9 locale, comme la justice, l\u2019\u00e9ducation, la sant\u00e9 et la famille.\n    <\/p>\n<p>    France T\u00e9l\u00e9visions utilise votre adresse e-mail afin de vous envoyer la newsletter \u00ab\u00a0La Quotidienne Soci\u00e9t\u00e9\u00a0\u00bb. Vous pouvez vous d\u00e9sinscrire \u00e0 tout moment via le lien en bas de cette newsletter. <a target=\"_blank\" href=\"https:\/\/www.francetelevisions.fr\/groupe\/confidentialite\/politique-de-confidentialite\/politique-de-confidentialite-de-france-televisions-6503\" rel=\"noopener\">Notre politique de confidentialit\u00e9<\/a><\/p>\n<p>Tout est parti d&rsquo;un courrier anonyme adress\u00e9 \u00e0 la police. Dans cette lettre, le Floris Beaut\u00e9, un salon de massage de la rue de la Savonnerie en plein centre de Rouen, est accus\u00e9 de pratiquer des actes sexuels tarif\u00e9s. Apr\u00e8s plusieurs jours de surveillance, les enqu\u00eateurs constatent en effet un \u00ab\u00a0d\u00e9fil\u00e9 d&rsquo;hommes\u00a0\u00bb, <a href=\"https:\/\/france3-regions.franceinfo.fr\/normandie\/seine-maritime\/rouen\/un-salon-de-massage-ferme-pour-proxenetisme-aggrave-en-plein-centre-ville-de-rouen-on-voit-defiler-des-hommes-toute-la-journee-3256666.html\" target=\"_blank\" rel=\"noopener noreferrer nofollow\" data-tooltip-url=\"https:\/\/france3-regions.franceinfo.fr\/normandie\/seine-maritime\/rouen\/un-salon-de-massage-ferme-pour-proxenetisme-aggrave-en-plein-centre-ville-de-rouen-on-voit-defiler-des-hommes-toute-la-journee-3256666.html\">comme le relatait un commer\u00e7ant voisin aupr\u00e8s de France 3 Normandie<\/a>.<\/p>\n<p>Interrog\u00e9s, ces derniers reconnaissent avoir b\u00e9n\u00e9fici\u00e9 d&rsquo;un \u00ab\u00a0massage royal\u00a0\u00bb, une prestation qui se termine le plus souvent par une masturbation. La \u00ab\u00a0finition manuelle\u00a0\u00bb \u00e9tait factur\u00e9e 20 euros. Autre preuve accablante : le num\u00e9ro de t\u00e9l\u00e9phone inscrit sur la vitrine du salon est r\u00e9f\u00e9renc\u00e9 sur plusieurs sites explicites. <\/p>\n<p>Les enqu\u00eateurs d\u00e9couvrent la pr\u00e9sence dans ce salon de deux g\u00e9rantes et d&rsquo;une employ\u00e9e, toutes trois de nationalit\u00e9 chinoise.<\/p>\n<p><a data-article-figure=\"\" href=\"https:\/\/france3-regions.franceinfo.fr\/image\/AKgg2FHGJq50y4Io4ix4yv0-M5o\/1920x1080\/regions\/2026\/01\/16\/s-dpx-rec-proc-s-salon-de-massage-et-prox-n-tisme-00-00-12-09-696a17b8d022b468039375.jpg\" data-pswp-width=\"1920\" data-pswp-height=\"1080\" target=\"_blank\" rel=\"noopener\"><\/p>\n<p>          <img width=\"600\" height=\"400\" class=\"article-image lazy\" data-src=\"https:\/\/www.europesays.com\/fr\/wp-content\/uploads\/2026\/01\/s-dpx-rec-proc-s-salon-de-massage-et-prox-n-tisme-00-00-12-09-696a17b8d022b468039375.jpg\" alt=\"Lors de l'audience, l'une des g\u00e9rantes a reconnu que des clients avaient b\u00e9n\u00e9fici\u00e9 d'actes sexuels dans son \u00e9tablissement\" fetchpriority=\"high\" as=\"image\"\/><\/p>\n<p>\n            Lors de l&rsquo;audience, l&rsquo;une des g\u00e9rantes a reconnu que des clients avaient b\u00e9n\u00e9fici\u00e9 d&rsquo;actes sexuels dans son \u00e9tablissement<br \/>\n                           \u2022<br \/>\n                                      \u00a9 France T\u00e9l\u00e9visions\n                      <\/p>\n<p><\/a><\/p>\n<p>Les deux g\u00e9rantes \u00e2g\u00e9es de 44 ans et 23 ans avaient \u00e9t\u00e9 plac\u00e9es en garde \u00e0 vue le 25 novembre. Elles \u00e9taient renvoy\u00e9es ce jeudi 15 janvier devant le tribunal correctionnel de Rouen pour prox\u00e9n\u00e9tisme, blanchiment et travail dissimul\u00e9. L&#8217;employ\u00e9e a quant \u00e0 elle \u00e9t\u00e9 reconnue comme victime. Elle n&rsquo;\u00e9tait donc pas jug\u00e9e.<\/p>\n<p>Lors de l&rsquo;audience, la plus \u00e2g\u00e9e des deux, connue des services de police pour des faits similaires commis en 2016 et condamn\u00e9e \u00e0 3 ans de prison, a reconnu des acte sexuels au sein de son \u00e9tablissement tout en niant en \u00eatre la commanditaire. De son c\u00f4t\u00e9, la plus jeune a assur\u00e9 qu&rsquo;elle ne prenait pas de d\u00e9cision pour le salon.<\/p>\n<p>Tout au long de l&rsquo;audience, les deux femmes de nationalit\u00e9 chinoise n&rsquo;ont eu de cesse de citer une certaine \u00ab\u00a0Madame Chen\u00a0\u00bb, absente lors de l&rsquo;audience. L&rsquo;enqu\u00eate n&rsquo;a pas permis de la localiser.<\/p>\n<p>Existe-t-elle vraiment ? En tout cas, l&rsquo;avocate des deux pr\u00e9venues a regrett\u00e9 que le parquet n&rsquo;ait pas convoqu\u00e9 cette fameuse Madame Chen. \u00ab\u00a0C&rsquo;est elle l&rsquo;instigatrice de ce salon\u00a0\u00bb, mart\u00e8le Ma\u00eetre Jacqueline Niga.<\/p>\n<p>Pourtant, les deux pr\u00e9venues ont affirm\u00e9 qu&rsquo;elle \u00e9tait domicili\u00e9e en r\u00e9gion parisienne. Elle serait m\u00eame venue sur place \u00e0 Rouen pour \u00ab\u00a0leur montrer comment faire\u00a0\u00bb et aurait m\u00eame envoy\u00e9 des SMS \u00e0 la plus jeune d&rsquo;entre elle pour la contraindre \u00e0 r\u00e9aliser le maximum de masturbations r\u00e9mun\u00e9r\u00e9es.<\/p>\n<p><a data-article-figure=\"\" href=\"https:\/\/france3-regions.franceinfo.fr\/image\/OLLheA5Tng3jV8oQqbnvtc_DsEo\/1920x1080\/regions\/2026\/01\/16\/salon-massage-696a15d12b841467076531.jpg\" data-pswp-width=\"1920\" data-pswp-height=\"1080\" target=\"_blank\" rel=\"noopener\"><\/p>\n<p>          <img width=\"600\" height=\"400\" class=\"article-image lazy\" data-src=\"https:\/\/www.europesays.com\/fr\/wp-content\/uploads\/2026\/01\/salon-massage-696a15d12b841467076531.jpg\" alt=\"Les deux g\u00e9rantes du salon de massage \u00e9taient renvoy\u00e9es devant le tribunal correctionnel de Rouen pour des faits de prox\u00e9n\u00e9tisme\" fetchpriority=\"high\" as=\"image\"\/><\/p>\n<p>\n            Les deux g\u00e9rantes du salon de massage \u00e9taient renvoy\u00e9es devant le tribunal correctionnel de Rouen pour des faits de prox\u00e9n\u00e9tisme<br \/>\n                           \u2022<br \/>\n                                      \u00a9 France T\u00e9l\u00e9visions\n                      <\/p>\n<p><\/a><\/p>\n<p>La pr\u00e9venue de 23 ans, \u00e9tudiante \u00e0 Rouen depuis 5 ans, a \u00e9t\u00e9 relax\u00e9e. L&rsquo;autre g\u00e9rante de 44 ans a en revanche \u00e9t\u00e9 condamn\u00e9e \u00e0 10 mois de prison sous bracelet \u00e9lectronique, 5 000 euros d&rsquo;amende et une interdiction de g\u00e9rer un \u00e9tablissement public pendant 5 ans.<\/p>\n<p>En janvier 2026, un <a href=\"https:\/\/france3-regions.franceinfo.fr\/normandie\/seine-maritime\/rouen\/un-salon-de-massage-aux-activites-illegales-doit-fermer-ses-portes-a-rouen-3276764.html\" target=\"_blank\" rel=\"noopener noreferrer nofollow\" data-tooltip-url=\"https:\/\/france3-regions.franceinfo.fr\/normandie\/seine-maritime\/rouen\/un-salon-de-massage-aux-activites-illegales-doit-fermer-ses-portes-a-rouen-3276764.html\">autre salon de massage rouennais<\/a>, situ\u00e9 rue de la R\u00e9publique et accus\u00e9 lui aussi d&rsquo;activit\u00e9s illicites, avait \u00e9t\u00e9 ferm\u00e9 \u00e0 la suite d&rsquo;un contr\u00f4le des autorit\u00e9s.<\/p>\n","protected":false},"excerpt":{"rendered":"Deux g\u00e9rantes d&rsquo;un salon de massage du centre-ville de Rouen \u00e9taient jug\u00e9es jeudi 15 janvier pour prox\u00e9n\u00e9tisme, blanchiment&hellip;\n","protected":false},"author":2,"featured_media":667617,"comment_status":"","ping_status":"","sticky":false,"template":"","format":"standard","meta":{"footnotes":""},"categories":[9587],"tags":[1111,11,1777,674,1011,27,12,5161,25,9590],"class_list":{"0":"post-667616","1":"post","2":"type-post","3":"status-publish","4":"format-standard","5":"has-post-thumbnail","7":"category-rouen","8":"tag-actu","9":"tag-actualites","10":"tag-eu","11":"tag-europe","12":"tag-fr","13":"tag-france","14":"tag-news","15":"tag-normandie","16":"tag-republique-francaise","17":"tag-rouen"},"share_on_mastodon":{"url":"https:\/\/pubeurope.com\/@fr\/115904651180605043","error":""},"_links":{"self":[{"href":"https:\/\/www.europesays.com\/fr\/wp-json\/wp\/v2\/posts\/667616","targetHints":{"allow":["GET"]}}],"collection":[{"href":"https:\/\/www.europesays.com\/fr\/wp-json\/wp\/v2\/posts"}],"about":[{"href":"https:\/\/www.europesays.com\/fr\/wp-json\/wp\/v2\/types\/post"}],"author":[{"embeddable":true,"href":"https:\/\/www.europesays.com\/fr\/wp-json\/wp\/v2\/users\/2"}],"replies":[{"embeddable":true,"href":"https:\/\/www.europesays.com\/fr\/wp-json\/wp\/v2\/comments?post=667616"}],"version-history":[{"count":0,"href":"https:\/\/www.europesays.com\/fr\/wp-json\/wp\/v2\/posts\/667616\/revisions"}],"wp:featuredmedia":[{"embeddable":true,"href":"https:\/\/www.europesays.com\/fr\/wp-json\/wp\/v2\/media\/667617"}],"wp:attachment":[{"href":"https:\/\/www.europesays.com\/fr\/wp-json\/wp\/v2\/media?parent=667616"}],"wp:term":[{"taxonomy":"category","embeddable":true,"href":"https:\/\/www.europesays.com\/fr\/wp-json\/wp\/v2\/categories?post=667616"},{"taxonomy":"post_tag","embeddable":true,"href":"https:\/\/www.europesays.com\/fr\/wp-json\/wp\/v2\/tags?post=667616"}],"curies":[{"name":"wp","href":"https:\/\/api.w.org\/{rel}","templated":true}]}}