{"id":667618,"date":"2026-01-16T11:56:11","date_gmt":"2026-01-16T11:56:11","guid":{"rendered":"https:\/\/www.europesays.com\/fr\/667618\/"},"modified":"2026-01-16T11:56:11","modified_gmt":"2026-01-16T11:56:11","slug":"fanny-soriano-avec-peu-de-choses-on-peut-faire-beaucoup","status":"publish","type":"post","link":"https:\/\/www.europesays.com\/fr\/667618\/","title":{"rendered":"Fanny Soriano : \u00ab\u00a0Avec peu de choses, on peut faire beaucoup\u00a0\u00bb"},"content":{"rendered":"<p>Si la Cie Libertivore est install\u00e9e \u00e0 Marseille, sa chor\u00e9graphe Fanny Soriano, originaire d\u2019\u00c9chirolles, a un lien sp\u00e9cial avec l\u2019Is\u00e8re. Pas \u00e9tonnant donc de la retrouver \u00e0 l\u2019Hexagone, \u00e0 Meylan, avec Faune, un spectacle mettant en sc\u00e8ne des bois de cerf.<\/p>\n<p><strong>H\u00eatre, Phasmes, Brame, et maintenant Faune. \u00c0 voir vos titres de spectacles, la nature vous inspire\u2026<\/strong><\/p>\n<p><strong>F.S.<\/strong> Oui, clairement. Pour moi, nous faisons partie de la nature. Je me\u00a0rends compte de l\u2019importance de nous remettre en lien avec elle. Cela nous aide \u00e0 mieux comprendre le monde. Nous n\u2019y avons pas fait attention pendant trop longtemps\u2026 et m\u00eame encore aujourd\u2019hui.<\/p>\n<p><strong>Comment vous est venue l\u2019id\u00e9e d\u2019utiliser des bois de cerf\u00a0?<\/strong><\/p>\n<p><strong>F.S.<\/strong> J\u2019en ai trouv\u00e9 un dans la for\u00eat, au-dessus de Grenoble, o\u00f9 mes\u00a0parents ont une maison. Beaucoup de mes\u00a0sc\u00e9nographies viennent de promenades que j\u2019ai faites autour de ce lieu, vers Chamrousse. Je travaille souvent avec des objets sc\u00e9nographiques non d\u00e9di\u00e9s, qui ont un vaste imaginaire, comme des branches d\u2019arbres ou des racines. En voyant ce bois, je me\u00a0suis rendu compte de son potentiel. Dans le cirque, on aime bien prendre un objet et voir ce que l\u2019on peut faire avec.<\/p>\n<p><strong>Que symbolise le cerf, selon vous\u00a0?<\/strong><\/p>\n<p><strong>F.S.<\/strong> Le cerf est fascinant\u00a0: il a des bois, comme un arbre, qui lui poussent sur la t\u00eate et qui tombent tous les ans. Par essence, cela r\u00e9veille quelque chose de merveilleux. C\u2019est un animal que l\u2019on voit souvent dans les livres, \u00e0 d\u00e9faut de le voir en vrai parce qu\u2019il a peur de l\u2019homme. C\u2019est aussi un animal qui est plein de symboles\u00a0: virilit\u00e9, renouvellement des saisons, dignit\u00e9\u2026<\/p>\n<p><strong>Comment comptez-vous utiliser les bois sur sc\u00e8ne\u00a0?<\/strong><\/p>\n<p><strong>F.S.<\/strong> Il y a trois femmes au plateau. J\u2019avais envie de faire un lien entre le cerf qui est chass\u00e9 dans son environnement naturel et les femmes qui se prom\u00e8nent dans la rue, qui sont sur le qui-vive, qui se sentent un peu comme une proie. L\u2019id\u00e9e est de trouver la part sauvage de ces femmes et de ces bois, de retrouver un lien avec l\u2019organique.<\/p>\n<p><strong>Ce spectacle m\u00eale \u00e0 la fois danse et cirque\u2026\u00a0<\/strong><\/p>\n<p><strong>F.S.<\/strong> Tout \u00e0 fait, il y aura plusieurs bois suspendus pour la danse a\u00e9rienne et un travail de partnering, qui est une forme d\u2019acrobatie. Au sol, les bois sont manipul\u00e9s, comme des excroissances du corps\u00a0: ils servent de proth\u00e8se, de b\u00e9quilles ou d\u2019antennes. Avec peu de choses, on peut faire beaucoup.<\/p>\n<p><strong>Le fait d\u2019avoir un d\u00e9cor minimaliste, est-ce une fa\u00e7on de pouvoir transporter facilement votre spectacle\u00a0?<\/strong><\/p>\n<p><strong>F.S.<\/strong> Oui, je veux pouvoir voyager en train, ce qui est le cas avec cette sc\u00e9nographie. Il y avait l\u2019envie d\u2019avoir une tourn\u00e9e \u00e9cologiquement coh\u00e9rente. Pour jouer ce spectacle dans l\u2019espace public, il nous faut un point d\u2019accroche, donc nous avons un portique en carbone, l\u00e9ger, qui pourrait \u00e9ventuellement \u00eatre mis dans une remorque de v\u00e9lo.<\/p>\n<p><strong>Qu\u2019en est-il de la musique\u00a0?<\/strong><\/p>\n<p><strong>F.S.<\/strong> Jules Beckman a compos\u00e9 la musique, avec des instruments, tr\u00e8s peu d\u2019\u00e9lectronique. La musique est donc vraiment jou\u00e9e, m\u00eame si elle est enregistr\u00e9e. Il y a aussi du chant en live, qui a \u00e9t\u00e9 compos\u00e9 par Karine Berny, l\u2019une des chanteuses du groupe occitan La Mal Coiff\u00e9e. Souvent, les artistes de cirque n\u2019ont pas de voix, ils n\u2019ont qu\u2019un corps. Je voulais travailler sur le sauvage. Cela me\u00a0semblait n\u00e9cessaire de partir du souffle qui devient une voix, qui devient des mots, qui deviennent des cris\u2026\u00a0<\/p>\n<p><strong>Faune\u00a0:<\/strong> du mardi\u00a020 au jeudi 22\u00a0janvier, \u00e0 20\u00a0h, \u00e0 l\u2019Hexagone,<br \/>\u00e0 Meylan. 04\u00a076\u00a090\u00a000\u00a045. De 6 \u00e0 24\u00a0\u20ac.<\/p>\n","protected":false},"excerpt":{"rendered":"Si la Cie Libertivore est install\u00e9e \u00e0 Marseille, sa chor\u00e9graphe Fanny Soriano, originaire d\u2019\u00c9chirolles, a un lien sp\u00e9cial&hellip;\n","protected":false},"author":2,"featured_media":667619,"comment_status":"","ping_status":"","sticky":false,"template":"","format":"standard","meta":{"footnotes":""},"categories":[9566],"tags":[1111,11,2430,1777,674,1011,27,2731,12,25],"class_list":{"0":"post-667618","1":"post","2":"type-post","3":"status-publish","4":"format-standard","5":"has-post-thumbnail","7":"category-grenoble","8":"tag-actu","9":"tag-actualites","10":"tag-auvergne-rhone-alpes","11":"tag-eu","12":"tag-europe","13":"tag-fr","14":"tag-france","15":"tag-grenoble","16":"tag-news","17":"tag-republique-francaise"},"share_on_mastodon":{"url":"https:\/\/pubeurope.com\/@fr\/115904655202068266","error":""},"_links":{"self":[{"href":"https:\/\/www.europesays.com\/fr\/wp-json\/wp\/v2\/posts\/667618","targetHints":{"allow":["GET"]}}],"collection":[{"href":"https:\/\/www.europesays.com\/fr\/wp-json\/wp\/v2\/posts"}],"about":[{"href":"https:\/\/www.europesays.com\/fr\/wp-json\/wp\/v2\/types\/post"}],"author":[{"embeddable":true,"href":"https:\/\/www.europesays.com\/fr\/wp-json\/wp\/v2\/users\/2"}],"replies":[{"embeddable":true,"href":"https:\/\/www.europesays.com\/fr\/wp-json\/wp\/v2\/comments?post=667618"}],"version-history":[{"count":0,"href":"https:\/\/www.europesays.com\/fr\/wp-json\/wp\/v2\/posts\/667618\/revisions"}],"wp:featuredmedia":[{"embeddable":true,"href":"https:\/\/www.europesays.com\/fr\/wp-json\/wp\/v2\/media\/667619"}],"wp:attachment":[{"href":"https:\/\/www.europesays.com\/fr\/wp-json\/wp\/v2\/media?parent=667618"}],"wp:term":[{"taxonomy":"category","embeddable":true,"href":"https:\/\/www.europesays.com\/fr\/wp-json\/wp\/v2\/categories?post=667618"},{"taxonomy":"post_tag","embeddable":true,"href":"https:\/\/www.europesays.com\/fr\/wp-json\/wp\/v2\/tags?post=667618"}],"curies":[{"name":"wp","href":"https:\/\/api.w.org\/{rel}","templated":true}]}}