{"id":667620,"date":"2026-01-16T11:57:21","date_gmt":"2026-01-16T11:57:21","guid":{"rendered":"https:\/\/www.europesays.com\/fr\/667620\/"},"modified":"2026-01-16T11:57:21","modified_gmt":"2026-01-16T11:57:21","slug":"plus-apaisante-que-lyon-plus-verte-que-grenoble-cette-ville-de-la-vallee-du-rhone-attire-de-plus-en-plus-de-familles","status":"publish","type":"post","link":"https:\/\/www.europesays.com\/fr\/667620\/","title":{"rendered":"Plus apaisante que Lyon, plus verte que Grenoble : cette ville de la vall\u00e9e du Rh\u00f4ne attire de plus en plus de familles"},"content":{"rendered":"<p>Je d\u00e9couvre depuis plusieurs ann\u00e9es les <strong>villes moyennes fran\u00e7aises<\/strong> qui s\u00e9duisent de plus en plus de familles, et Vienne, en Is\u00e8re, me captive particuli\u00e8rement. Nich\u00e9e entre deux m\u00e9tropoles r\u00e9put\u00e9es, cette cit\u00e9 de la vall\u00e9e du Rh\u00f4ne cultive un art de vivre unique, m\u00ealant patrimoine romain, espaces verts g\u00e9n\u00e9reux et authenticit\u00e9 retrouv\u00e9e.<\/p>\n<p>Une destination \u00e0 taille humaine au charme gallo-romain pr\u00e9serv\u00e9<\/p>\n<p>Lorsque je d\u00e9ambule dans les ruelles pav\u00e9es de Vienne, je ressens imm\u00e9diatement cette atmosph\u00e8re apaisante qui manque souvent aux grandes agglom\u00e9rations. Le temple d\u2019Auguste et de Livie, \u00e9rig\u00e9 il y a plus de deux mille ans, se dresse majestueusement sur la place, t\u00e9moignant d\u2019un <strong>pass\u00e9 gallo-romain exceptionnel<\/strong>. Les colonnes corinthiennes se parent d\u2019une lumi\u00e8re dor\u00e9e en fin d\u2019apr\u00e8s-midi, tandis que les familles installent leurs enfants sur les bancs adjacents.<\/p>\n<p>\n&gt;<\/p>\n<p>Le th\u00e9\u00e2tre antique, adoss\u00e9 au mont Pipet, accueille chaque \u00e9t\u00e9 le <strong>festival Jazz \u00e0 Vienne<\/strong>, transformant cette ville patrimoniale en sc\u00e8ne culturelle internationale. Je me souviens avoir assist\u00e9 \u00e0 un concert sous les \u00e9toiles, entour\u00e9e de gradins mill\u00e9naires : une exp\u00e9rience que peu de destinations touristiques peuvent offrir avec autant d\u2019authenticit\u00e9.<\/p>\n<p>La promenade le long du Rh\u00f4ne r\u00e9v\u00e8le une ville v\u00e9g\u00e9talis\u00e9e o\u00f9 les berges am\u00e9nag\u00e9es invitent \u00e0 la fl\u00e2nerie. Les platanes centenaires bordent les quais, cr\u00e9ant une canop\u00e9e naturelle appr\u00e9ci\u00e9e des cyclistes et des joggers matinaux. Cette <strong>qualit\u00e9 environnementale<\/strong> attire particuli\u00e8rement les familles recherchant un cadre sain pour \u00e9lever leurs enfants.<\/p>\n<p>Un cadre de vie privil\u00e9gi\u00e9 entre nature et services<\/p>\n<p>Voici ce qui s\u00e9duit concr\u00e8tement les nouveaux arrivants dans cette ville de 30 000 habitants :<\/p>\n<ul>\n<li>Des <strong>prix immobiliers accessibles<\/strong>, inf\u00e9rieurs de 40% \u00e0 ceux de Lyon<\/li>\n<li>Un r\u00e9seau de transports en commun efficace reliant les m\u00e9tropoles voisines<\/li>\n<li>Quinze \u00e9tablissements scolaires publics et priv\u00e9s r\u00e9partis harmonieusement<\/li>\n<li>Une offre culturelle diversifi\u00e9e avec mus\u00e9es, m\u00e9diath\u00e8ques et salles de spectacle<\/li>\n<\/ul>\n<p>Je constate que <strong>l\u2019accessibilit\u00e9 ferroviaire<\/strong> repr\u00e9sente un avantage significatif : en vingt-cinq minutes, vous rejoignez Lyon Part-Dieu, permettant de conjuguer emploi en m\u00e9tropole et r\u00e9sidence familiale apais\u00e9e. Cette configuration rappelle certaines communes bourguignonnes pr\u00e9serv\u00e9es, comme <a href=\"https:\/\/www.carredinfo.fr\/voyage\/decouvrez-nozeroy-histoire-visites-et-incontournables-de-la-cite-medievale\/\" target=\"_blank\" rel=\"noopener\">cette commune de Bourgogne qui est un v\u00e9ritable diamant cach\u00e9<\/a>, o\u00f9 patrimoine et tranquillit\u00e9 se marient harmonieusement.<\/p>\n<p>Les march\u00e9s hebdomadaires, notamment celui du samedi matin, d\u00e9ploient leurs \u00e9tals color\u00e9s sur la place principale. Les producteurs locaux proposent fruits gorg\u00e9s de soleil, fromages affin\u00e9s et l\u00e9gumes de saison : une authenticit\u00e9 alimentaire qui contraste avec l\u2019anonymat des grandes surfaces p\u00e9riph\u00e9riques.<\/p>\n<p><img loading=\"lazy\" width=\"1200\" height=\"800\" decoding=\"async\" src=\"data:image\/svg+xml,%3Csvg%20xmlns=\" http:=\"\" alt=\"Plus apaisante que Lyon, plus verte que Grenoble : cette ville de la vall\u00e9e du Rh\u00f4ne attire de plus en plus de familles\" data-lazy-src=\"https:\/\/www.europesays.com\/fr\/wp-content\/uploads\/2026\/01\/ville_rhodanienne_attire_les_familles_9187.jpg\"\/><\/p>\n<p>Les atouts pratiques pour s\u2019installer en famille<\/p>\n<p>Lors de mes explorations, j\u2019ai \u00e9tabli ce <strong>comparatif des crit\u00e8res essentiels<\/strong> pour les familles :<\/p>\n<tr>\nCrit\u00e8re<br \/>\nVienne<br \/>\nAvantage<br \/>\n<\/tr>\n<tr>\n<td>Espaces verts<\/td>\n<td>12 parcs urbains<\/td>\n<td>Nature accessible \u00e0 pied<\/td>\n<\/tr>\n<tr>\n<td>Temps de trajet Lyon<\/td>\n<td>25 minutes<\/td>\n<td>Proximit\u00e9 professionnelle<\/td>\n<\/tr>\n<tr>\n<td>Activit\u00e9s familiales<\/td>\n<td>Piscines, m\u00e9diath\u00e8ques, clubs<\/td>\n<td>Offre compl\u00e8te<\/td>\n<\/tr>\n<p>Le jardin de Cyb\u00e8le, am\u00e9nag\u00e9 sur les hauteurs, offre une vue panoramique saisissante sur la vall\u00e9e. Les enfants y courent librement pendant que les parents profitent de tables de pique-nique ombrag\u00e9es. Cette configuration permet aux familles de s\u2019\u00e9vader sans n\u00e9cessiter de longs trajets \u00e9puisants.<\/p>\n<p>Je vous recommande \u00e9galement d\u2019visiter <strong>le patrimoine m\u00e9di\u00e9val<\/strong> avec la cath\u00e9drale Saint-Maurice, dont les vitraux polychromes racontent mille ans d\u2019histoire. Les visites guid\u00e9es adapt\u00e9es aux enfants transforment chaque sortie culturelle en aventure p\u00e9dagogique captivante, renfor\u00e7ant l\u2019attrait touristique de cette destination encore m\u00e9connue.<\/p>\n<p><img loading=\"lazy\" decoding=\"async\" src=\"data:image\/svg+xml,%3Csvg%20xmlns=\" http:=\"\" width=\"100\" height=\"100\" alt=\"Anne-Sophie\" itemprop=\"image\" data-lazy-src=\"https:\/\/www.europesays.com\/fr\/wp-content\/uploads\/2025\/06\/Anne-Sophie.jpg\"\/><\/p>\n<p>Je m\u2019appelle Anne-Sophie et je suis la madame voyage en France de carr\u00e9 d\u2019info !<br \/>Exploratrice boh\u00e8me passionn\u00e9e de d\u00e9couvertes. Ma\u00eetrise l\u2019art de d\u00e9nicher les tr\u00e9sors cach\u00e9s des villes et des villages de France .<br \/>Je sait capturer l\u2019essence des lieux en photographies et j\u2019adore vous emmener avec moi pour profiter de notre magnifique pays \ud83d\ude42<\/p>\n","protected":false},"excerpt":{"rendered":"Je d\u00e9couvre depuis plusieurs ann\u00e9es les villes moyennes fran\u00e7aises qui s\u00e9duisent de plus en plus de familles, et&hellip;\n","protected":false},"author":2,"featured_media":667621,"comment_status":"","ping_status":"","sticky":false,"template":"","format":"standard","meta":{"footnotes":""},"categories":[9566],"tags":[1111,11,2430,1777,674,1011,27,2731,108,12,76783,25,1584,76784],"class_list":{"0":"post-667620","1":"post","2":"type-post","3":"status-publish","4":"format-standard","5":"has-post-thumbnail","7":"category-grenoble","8":"tag-actu","9":"tag-actualites","10":"tag-auvergne-rhone-alpes","11":"tag-eu","12":"tag-europe","13":"tag-fr","14":"tag-france","15":"tag-grenoble","16":"tag-isere","17":"tag-news","18":"tag-patrimoine-gallo-romain","19":"tag-republique-francaise","20":"tag-vienne","21":"tag-ville-moyenne-francaise"},"share_on_mastodon":{"url":"https:\/\/pubeurope.com\/@fr\/115904659079330012","error":""},"_links":{"self":[{"href":"https:\/\/www.europesays.com\/fr\/wp-json\/wp\/v2\/posts\/667620","targetHints":{"allow":["GET"]}}],"collection":[{"href":"https:\/\/www.europesays.com\/fr\/wp-json\/wp\/v2\/posts"}],"about":[{"href":"https:\/\/www.europesays.com\/fr\/wp-json\/wp\/v2\/types\/post"}],"author":[{"embeddable":true,"href":"https:\/\/www.europesays.com\/fr\/wp-json\/wp\/v2\/users\/2"}],"replies":[{"embeddable":true,"href":"https:\/\/www.europesays.com\/fr\/wp-json\/wp\/v2\/comments?post=667620"}],"version-history":[{"count":0,"href":"https:\/\/www.europesays.com\/fr\/wp-json\/wp\/v2\/posts\/667620\/revisions"}],"wp:featuredmedia":[{"embeddable":true,"href":"https:\/\/www.europesays.com\/fr\/wp-json\/wp\/v2\/media\/667621"}],"wp:attachment":[{"href":"https:\/\/www.europesays.com\/fr\/wp-json\/wp\/v2\/media?parent=667620"}],"wp:term":[{"taxonomy":"category","embeddable":true,"href":"https:\/\/www.europesays.com\/fr\/wp-json\/wp\/v2\/categories?post=667620"},{"taxonomy":"post_tag","embeddable":true,"href":"https:\/\/www.europesays.com\/fr\/wp-json\/wp\/v2\/tags?post=667620"}],"curies":[{"name":"wp","href":"https:\/\/api.w.org\/{rel}","templated":true}]}}