{"id":667622,"date":"2026-01-16T11:58:09","date_gmt":"2026-01-16T11:58:09","guid":{"rendered":"https:\/\/www.europesays.com\/fr\/667622\/"},"modified":"2026-01-16T11:58:09","modified_gmt":"2026-01-16T11:58:09","slug":"cannabis-cocaine-argent-liquide-belle-prise-pour-la-police-de-rennes-lors-dun-controle-routier","status":"publish","type":"post","link":"https:\/\/www.europesays.com\/fr\/667622\/","title":{"rendered":"Cannabis, coca\u00efne, argent liquide\u2026 Belle prise pour la police de Rennes lors d&rsquo;un contr\u00f4le routier"},"content":{"rendered":"<p>                    Par<br \/>\n        <strong><br \/>\n            <a href=\"https:\/\/actu.fr\/auteur\/brian-legoff\" title=\"Consulter tous les articles de Brian Le Goff\" target=\"_blank\" rel=\"noopener\">Brian Le Goff<\/a><br \/>\n                    <\/strong><\/p>\n<p>        Publi\u00e9 le<\/p>\n<p>            16 janv. 2026 \u00e0 12h44        <\/p>\n<p>Les faits ont eu lieu en fin de soir\u00e9e,<strong> lundi 12\u00a0janvier 2026. Vers 22h30,<\/strong> une \u00e9quipe de la Bac (Brigade anticriminalit\u00e9) de la police de <a href=\"https:\/\/actu.fr\/rennes\/\" target=\"_blank\" rel=\"noopener\">Rennes<\/a> contr\u00f4le un v\u00e9hicule <strong>au niveau du centre commercial Alma<\/strong>.<\/p>\n<p class=\" wall-content\">Selon nos informations, ce contr\u00f4le n\u2019\u00e9tait <strong>pas inopin\u00e9,<\/strong> mais les forces de l\u2019ordre n\u2019\u00e9taient <strong>pas non plus dans une mission de surveillance<\/strong> \u00e0 ce moment-l\u00e0.<\/p>\n<p>5\u00a0kg de drogues et pr\u00e8s de 600\u00a0euros saisis<\/p>\n<p class=\" wall-content\">Les policiers vont mettre la main sur<strong> 3,4\u00a0kg de r\u00e9sine de cannabis <\/strong>et <strong>1,6\u00a0kg de coca\u00efne,<\/strong> ainsi que<strong> 580\u00a0euros en esp\u00e8ces<\/strong>. Imm\u00e9diatement, les trois hommes \u00e0 l\u2019int\u00e9rieur du v\u00e9hicule ont \u00e9t\u00e9 interpell\u00e9s.<\/p>\n<p class=\" wall-content\">Plac\u00e9s en garde \u00e0 vue, ils ont depuis \u00e9t\u00e9 <strong>pr\u00e9sent\u00e9s \u00e0 la Justice et \u00e9t\u00e9 \u00e9crou\u00e9s dans l\u2019attente de leur jugement<\/strong> lors d\u2019une comparution imm\u00e9diate \u00e0 d\u00e9lai diff\u00e9r\u00e9.<\/p>\n<p class=\" wall-content\">La police s\u2019est f\u00e9licit\u00e9e de cette intervention, et de la saisie importante r\u00e9alis\u00e9e.<\/p>\n<p class=\" wall-content\">Personnalisez votre actualit\u00e9 en ajoutant vos villes et m\u00e9dias en favori avec <a href=\"https:\/\/moncompte.actu.fr\" title=\"D\u00e9couvez Mon Actu\" rel=\"nofollow noopener\" data-trk=\"{&quot;cta&quot;:{&quot;action&quot;:&quot;https:\\\/\\\/moncompte.actu.fr&quot;,&quot;category&quot;:&quot;mon compte&quot;,&quot;from&quot;:&quot;article footer&quot;,&quot;name&quot;:&quot;Mon actu&quot;,&quot;type&quot;:&quot;cta&quot;}}\" target=\"_blank\">Mon Actu<\/a>.<\/p>\n","protected":false},"excerpt":{"rendered":"Par Brian Le Goff Publi\u00e9 le 16 janv. 2026 \u00e0 12h44 Les faits ont eu lieu en fin&hellip;\n","protected":false},"author":2,"featured_media":667623,"comment_status":"","ping_status":"","sticky":false,"template":"","format":"standard","meta":{"footnotes":""},"categories":[2821],"tags":[1111,11,829,1052,1777,674,118,1011,27,813,12,1072,584,25],"class_list":{"0":"post-667622","1":"post","2":"type-post","3":"status-publish","4":"format-standard","5":"has-post-thumbnail","7":"category-rennes","8":"tag-actu","9":"tag-actualites","10":"tag-bretagne","11":"tag-drogue","12":"tag-eu","13":"tag-europe","14":"tag-faits-divers","15":"tag-fr","16":"tag-france","17":"tag-narcotrafiquants","18":"tag-news","19":"tag-police","20":"tag-rennes","21":"tag-republique-francaise"},"share_on_mastodon":{"url":"https:\/\/pubeurope.com\/@fr\/115904662976513274","error":""},"_links":{"self":[{"href":"https:\/\/www.europesays.com\/fr\/wp-json\/wp\/v2\/posts\/667622","targetHints":{"allow":["GET"]}}],"collection":[{"href":"https:\/\/www.europesays.com\/fr\/wp-json\/wp\/v2\/posts"}],"about":[{"href":"https:\/\/www.europesays.com\/fr\/wp-json\/wp\/v2\/types\/post"}],"author":[{"embeddable":true,"href":"https:\/\/www.europesays.com\/fr\/wp-json\/wp\/v2\/users\/2"}],"replies":[{"embeddable":true,"href":"https:\/\/www.europesays.com\/fr\/wp-json\/wp\/v2\/comments?post=667622"}],"version-history":[{"count":0,"href":"https:\/\/www.europesays.com\/fr\/wp-json\/wp\/v2\/posts\/667622\/revisions"}],"wp:featuredmedia":[{"embeddable":true,"href":"https:\/\/www.europesays.com\/fr\/wp-json\/wp\/v2\/media\/667623"}],"wp:attachment":[{"href":"https:\/\/www.europesays.com\/fr\/wp-json\/wp\/v2\/media?parent=667622"}],"wp:term":[{"taxonomy":"category","embeddable":true,"href":"https:\/\/www.europesays.com\/fr\/wp-json\/wp\/v2\/categories?post=667622"},{"taxonomy":"post_tag","embeddable":true,"href":"https:\/\/www.europesays.com\/fr\/wp-json\/wp\/v2\/tags?post=667622"}],"curies":[{"name":"wp","href":"https:\/\/api.w.org\/{rel}","templated":true}]}}