{"id":667624,"date":"2026-01-16T11:59:10","date_gmt":"2026-01-16T11:59:10","guid":{"rendered":"https:\/\/www.europesays.com\/fr\/667624\/"},"modified":"2026-01-16T11:59:10","modified_gmt":"2026-01-16T11:59:10","slug":"un-hackathon-la-tete-dans-les-etoiles-le-30-janvier-2026-a-rennes-ici-rennes-metropole-actualites","status":"publish","type":"post","link":"https:\/\/www.europesays.com\/fr\/667624\/","title":{"rendered":"Un hackathon la t\u00eate dans les \u00e9toiles le 30 janvier 2026 \u00e0 Rennes | ICI RENNES M\u00c9TROPOLE Actualit\u00e9s"},"content":{"rendered":"<p>Le Poool vous propose de relever le d\u00e9fi <a href=\"https:\/\/actinspace.org\/\" target=\"_blank\" rel=\"noreferrer noopener\">ActInSpace (lien externe)<\/a>, un hackathon d\u2019innovation organis\u00e9 simultan\u00e9ment dans une centaine de villes dans le monde. Cr\u00e9\u00e9 par le CNES (Centre National d\u2019\u00c9tudes Spatiales) avec l\u2019ESA (Agence spatiale europ\u00e9enne), l\u2019\u00e9v\u00e9nement a pour but d\u2019imaginer des solutions \u00e0 des probl\u00e9matiques du quotidien, en utilisant les donn\u00e9es et les technologies du secteur du spatial.<\/p>\n<p>Les \u00e9quipes se r\u00e9uniront pendant deux jours et seront form\u00e9es et accompagn\u00e9es par des coachs. Parmi les challenges propos\u00e9s\u202f: \u00ab\u00a0mobiliser les donn\u00e9es satellitaires contre le changement climatique ou la propagation des maladies infectieuses\u202f; concevoir des bases autosuffisantes sur la Lune et Mars\u202f; construire des antennes d\u00e9ployables flexibles pour l\u2019espace et les zones sinistr\u00e9es\u202f; ou encore innover pour \u00e9liminer les d\u00e9bris orbitaux et prot\u00e9ger les op\u00e9rations satellitaires.\u00a0\u00bb<\/p>\n<p>Apr\u00e8s avoir trouv\u00e9 des solutions, il faudra imaginer la startup pour les mettre en pratique. Le challenge se tiendra sur deux jours et est ouvert \u00e0 toutes et tous.<\/p>\n","protected":false},"excerpt":{"rendered":"Le Poool vous propose de relever le d\u00e9fi ActInSpace (lien externe), un hackathon d\u2019innovation organis\u00e9 simultan\u00e9ment dans une&hellip;\n","protected":false},"author":2,"featured_media":667625,"comment_status":"","ping_status":"","sticky":false,"template":"","format":"standard","meta":{"footnotes":""},"categories":[2821],"tags":[1111,11,829,1777,674,1011,27,12,584,25],"class_list":{"0":"post-667624","1":"post","2":"type-post","3":"status-publish","4":"format-standard","5":"has-post-thumbnail","7":"category-rennes","8":"tag-actu","9":"tag-actualites","10":"tag-bretagne","11":"tag-eu","12":"tag-europe","13":"tag-fr","14":"tag-france","15":"tag-news","16":"tag-rennes","17":"tag-republique-francaise"},"share_on_mastodon":{"url":"https:\/\/pubeurope.com\/@fr\/115904666972304402","error":""},"_links":{"self":[{"href":"https:\/\/www.europesays.com\/fr\/wp-json\/wp\/v2\/posts\/667624","targetHints":{"allow":["GET"]}}],"collection":[{"href":"https:\/\/www.europesays.com\/fr\/wp-json\/wp\/v2\/posts"}],"about":[{"href":"https:\/\/www.europesays.com\/fr\/wp-json\/wp\/v2\/types\/post"}],"author":[{"embeddable":true,"href":"https:\/\/www.europesays.com\/fr\/wp-json\/wp\/v2\/users\/2"}],"replies":[{"embeddable":true,"href":"https:\/\/www.europesays.com\/fr\/wp-json\/wp\/v2\/comments?post=667624"}],"version-history":[{"count":0,"href":"https:\/\/www.europesays.com\/fr\/wp-json\/wp\/v2\/posts\/667624\/revisions"}],"wp:featuredmedia":[{"embeddable":true,"href":"https:\/\/www.europesays.com\/fr\/wp-json\/wp\/v2\/media\/667625"}],"wp:attachment":[{"href":"https:\/\/www.europesays.com\/fr\/wp-json\/wp\/v2\/media?parent=667624"}],"wp:term":[{"taxonomy":"category","embeddable":true,"href":"https:\/\/www.europesays.com\/fr\/wp-json\/wp\/v2\/categories?post=667624"},{"taxonomy":"post_tag","embeddable":true,"href":"https:\/\/www.europesays.com\/fr\/wp-json\/wp\/v2\/tags?post=667624"}],"curies":[{"name":"wp","href":"https:\/\/api.w.org\/{rel}","templated":true}]}}