{"id":667626,"date":"2026-01-16T12:00:13","date_gmt":"2026-01-16T12:00:13","guid":{"rendered":"https:\/\/www.europesays.com\/fr\/667626\/"},"modified":"2026-01-16T12:00:13","modified_gmt":"2026-01-16T12:00:13","slug":"plusieurs-mois-apres-son-incendie-la-boite-a-livres-toujours-pas-retiree","status":"publish","type":"post","link":"https:\/\/www.europesays.com\/fr\/667626\/","title":{"rendered":"plusieurs mois apr\u00e8s son incendie, la bo\u00eete \u00e0 livres toujours pas retir\u00e9e"},"content":{"rendered":"<p>                    Par<br \/>\n        <strong><br \/>\n            <a href=\"https:\/\/actu.fr\/auteur\/thomas-blanc\" title=\"Consulter tous les articles de Thomas Blanc\" target=\"_blank\" rel=\"noopener\">Thomas Blanc<\/a><br \/>\n                    <\/strong><\/p>\n<p>        Publi\u00e9 le<\/p>\n<p>            16 janv. 2026 \u00e0 12h12        <\/p>\n<p>Dans le quartier de Koenigshoffen, <strong>\u00e0 Strasbourg<\/strong>, <a href=\"https:\/\/actu.fr\/grand-est\/strasbourg_67482\/strasbourg-a-peine-inaugure-ce-parc-est-deja-victime-de-degradations_63480159.html\" target=\"_blank\" rel=\"noopener\">le parc des Romains avait, \u00e0 peine inaugur\u00e9, subi des d\u00e9gradations<\/a> au niveau du \u00ab\u2009pavillon des Jeux Olympiques\u2009\u00bb : <strong>sa bo\u00eete \u00e0 livres avait \u00e9t\u00e9 incendi\u00e9e<\/strong>.<\/p>\n<p>La biblioth\u00e8que du parc des Romains davantage endommag\u00e9e<\/p>\n<p class=\" wall-content\"><strong>D\u00e8s le premier jour<\/strong> d\u2019ouverture du parc, un livre y aurait \u00e9t\u00e9 br\u00fbl\u00e9 nous indiquaient des usagers du parc en novembre 2025 face au meuble \u00e0 moiti\u00e9 calcin\u00e9.<\/p>\n<p class=\" wall-content\">Les agents de m\u00e9diation de l\u2019espace avaient alors assur\u00e9 que la d\u00e9gradation avait \u00e9t\u00e9 remont\u00e9e aux services comp\u00e9tents et que <strong>la r\u00e9paration interviendrait rapidement<\/strong>.<\/p>\n<p class=\" wall-content\">Pr\u00e8s de deux mois apr\u00e8s les premi\u00e8res constatations, l\u2019\u00e9quipement n\u2019a pas \u00e9t\u00e9 remplac\u00e9 et la situation s\u2019est m\u00eame aggrav\u00e9e. La biblioth\u00e8que est d\u00e9sormais <strong>couch\u00e9e au sol<\/strong>, <strong>en partie arrach\u00e9e<\/strong> et davantage calcin\u00e9e qu\u2019auparavant, \u00e0 deux pas de l\u2019aire de jeux pour enfants.<\/p>\n<p>\u00ab\u2009On n\u2019est jamais s\u00fbr de l\u2019\u00e9tat dans lequel on va la trouver en arrivant\u2009\u00bb<\/p>\n<p class=\" wall-content\">Jacques*, qui prom\u00e8ne son chien quotidiennement dans le parc, r\u00e9sume la situation ainsi\u2009: \u00ab\u2009La bo\u00eete \u00e0 livres ne nous manque pas puisqu\u2019elle a \u00e9t\u00e9 imm\u00e9diatement d\u00e9grad\u00e9e, on ne s\u2019en est jamais r\u00e9ellement servi. On n\u2019est jamais s\u00fbr <strong>de l\u2019\u00e9tat dans lequel on va la trouver<\/strong> en arrivant\u2009\u00bb, explique-t-il.<\/p>\n<p class=\" wall-content\">Pierre Ozenne, \u00e9lu r\u00e9f\u00e9rent du quartier de Koenigshoffen, nous indique que \u00ab\u2009malheureusement, <strong>ces initiatives citoyennes sont d\u00e9grad\u00e9es dans toute la ville<\/strong>\u2009\u00bb. La bo\u00eete \u00e0 livres du parc de l\u2019Orangerie a \u00e9galement <strong>\u00e9t\u00e9 incendi\u00e9e deux fois,<\/strong> tout comme celle de la place des Romains. Une enqu\u00eate pour identifier \u00ab\u2009la bande compos\u00e9e de quelques individus\u2009\u00bb, qui r\u00e9alisent \u00ab\u2009ces actes criminels sur du mobilier urbain\u2009\u00bb, d\u2019apr\u00e8s M. Ozenne, est en cours.<\/p>\n<p>Votre r\u00e9gion, votre actu !<\/p>\n<p>Recevez chaque jour les infos qui comptent pour vous.<\/p>\n<p>\t<a href=\"https:\/\/actu.fr\/newsletter\" class=\"ac-btn ac-btn--corner ac-btn--medium ac-btn--blue800\" target=\"_blank\" rel=\"noopener\">S&rsquo;incrire<\/a><\/p>\n<p class=\" wall-content\">Le meuble sera bient\u00f4t retir\u00e9 et remplac\u00e9 \u00ab\u00a0par un autre, <strong>sous une autre forme<\/strong>\u00ab\u00a0, nous est-il \u00e9galement dit.\u00a0<\/p>\n<p class=\" wall-content\">*Le pr\u00e9nom a \u00e9t\u00e9 modifi\u00e9<\/p>\n<p class=\" wall-content\">Personnalisez votre actualit\u00e9 en ajoutant vos villes et m\u00e9dias en favori avec <a href=\"https:\/\/moncompte.actu.fr\" title=\"D\u00e9couvez Mon Actu\" rel=\"nofollow noopener\" data-trk=\"{&quot;cta&quot;:{&quot;action&quot;:&quot;https:\\\/\\\/moncompte.actu.fr&quot;,&quot;category&quot;:&quot;mon compte&quot;,&quot;from&quot;:&quot;article footer&quot;,&quot;name&quot;:&quot;Mon actu&quot;,&quot;type&quot;:&quot;cta&quot;}}\" target=\"_blank\">Mon Actu<\/a>.<\/p>\n","protected":false},"excerpt":{"rendered":"Par Thomas Blanc Publi\u00e9 le 16 janv. 2026 \u00e0 12h12 Dans le quartier de Koenigshoffen, \u00e0 Strasbourg, le&hellip;\n","protected":false},"author":2,"featured_media":667627,"comment_status":"","ping_status":"","sticky":false,"template":"","format":"standard","meta":{"footnotes":""},"categories":[2820],"tags":[1111,11,1777,674,1011,27,775,12,25,104,640],"class_list":{"0":"post-667626","1":"post","2":"type-post","3":"status-publish","4":"format-standard","5":"has-post-thumbnail","7":"category-strasbourg","8":"tag-actu","9":"tag-actualites","10":"tag-eu","11":"tag-europe","12":"tag-fr","13":"tag-france","14":"tag-grand-est","15":"tag-news","16":"tag-republique-francaise","17":"tag-societe","18":"tag-strasbourg"},"share_on_mastodon":{"url":"https:\/\/pubeurope.com\/@fr\/115904670860957220","error":""},"_links":{"self":[{"href":"https:\/\/www.europesays.com\/fr\/wp-json\/wp\/v2\/posts\/667626","targetHints":{"allow":["GET"]}}],"collection":[{"href":"https:\/\/www.europesays.com\/fr\/wp-json\/wp\/v2\/posts"}],"about":[{"href":"https:\/\/www.europesays.com\/fr\/wp-json\/wp\/v2\/types\/post"}],"author":[{"embeddable":true,"href":"https:\/\/www.europesays.com\/fr\/wp-json\/wp\/v2\/users\/2"}],"replies":[{"embeddable":true,"href":"https:\/\/www.europesays.com\/fr\/wp-json\/wp\/v2\/comments?post=667626"}],"version-history":[{"count":0,"href":"https:\/\/www.europesays.com\/fr\/wp-json\/wp\/v2\/posts\/667626\/revisions"}],"wp:featuredmedia":[{"embeddable":true,"href":"https:\/\/www.europesays.com\/fr\/wp-json\/wp\/v2\/media\/667627"}],"wp:attachment":[{"href":"https:\/\/www.europesays.com\/fr\/wp-json\/wp\/v2\/media?parent=667626"}],"wp:term":[{"taxonomy":"category","embeddable":true,"href":"https:\/\/www.europesays.com\/fr\/wp-json\/wp\/v2\/categories?post=667626"},{"taxonomy":"post_tag","embeddable":true,"href":"https:\/\/www.europesays.com\/fr\/wp-json\/wp\/v2\/tags?post=667626"}],"curies":[{"name":"wp","href":"https:\/\/api.w.org\/{rel}","templated":true}]}}