{"id":667628,"date":"2026-01-16T12:01:15","date_gmt":"2026-01-16T12:01:15","guid":{"rendered":"https:\/\/www.europesays.com\/fr\/667628\/"},"modified":"2026-01-16T12:01:15","modified_gmt":"2026-01-16T12:01:15","slug":"pourquoi-ont-ils-fait-ca","status":"publish","type":"post","link":"https:\/\/www.europesays.com\/fr\/667628\/","title":{"rendered":"Pourquoi ont-ils fait \u00e7a ?"},"content":{"rendered":"<p>                    Par<br \/>\n        <strong><br \/>\n            <a href=\"https:\/\/actu.fr\/auteur\/ivan-capecchi\" title=\"Consulter tous les articles de Ivan CAPECCHI\" target=\"_blank\" rel=\"noopener\">Ivan CAPECCHI<\/a><br \/>\n                    <\/strong><\/p>\n<p>        Publi\u00e9 le<\/p>\n<p>            16 janv. 2026 \u00e0 12h10<br \/>\n        ; mis \u00e0 jour le 16 janv. 2026 \u00e0 12h11    <\/p>\n<p>Un <strong>bar<\/strong> bien connu des Strasbourgeois, situ\u00e9 dans le <strong>quartier de la Neustadt \u00e0 Strasbourg<\/strong>, a \u00e9t\u00e9 <strong>cambriol\u00e9<\/strong> dans la nuit de jeudi \u00e0 vendredi.<\/p>\n<p class=\" wall-content\">Voici ce que l\u2019on sait.<\/p>\n<p>La Taverne fran\u00e7aise \u00e0 Strasbourg cambriol\u00e9e dans la nuit<\/p>\n<p class=\" wall-content\">Il s\u2019agit de <strong>La Taverne fran\u00e7aise<\/strong>, un bar situ\u00e9 12 avenue de la Marseillaise. \u00ab\u2009Une voisine m\u2019a appel\u00e9 vers <strong>3h30-4h du matin<\/strong> pour me dire qu\u2019elle entendait du bruit\u2009\u00bb, t\u00e9moigne Andr\u00e9, le g\u00e9rant.<\/p>\n<p class=\" wall-content\">D\u2019apr\u00e8s ce dernier, le ou les cambrioleurs ont<strong> cass\u00e9 une vitre<\/strong> pour p\u00e9n\u00e9trer \u00e0 l\u2019int\u00e9rieur du bar puis <strong>ont baiss\u00e9 le rideau<\/strong> pour \u00ab\u2009pouvoir travailler tranquillement \u00e0 l\u2019int\u00e9rieur\u2009\u00bb.<\/p>\n<p>    <img   decoding=\"async\" loading=\"lazy\" src=\"https:\/\/www.europesays.com\/fr\/wp-content\/uploads\/2026\/01\/bar-la-taverne-francaise-strasbourg-3-960x640.jpeg\" alt=\"La Taverne fran\u00e7aise est ouverte ce vendredi.\" width=\"960\" height=\"640\"\/><br \/>\n    La Taverne fran\u00e7aise est ouverte ce vendredi. (\u00a9Ivan Capecchi \/ Actu Strasbourg)De l\u2019argent vol\u00e9 et du mat\u00e9riel d\u00e9grad\u00e9<\/p>\n<p class=\" wall-content\">\u00ab\u2009Ils ont <strong>vol\u00e9 le fonds de caisse, des cigarettes<\/strong>\u2009\u00bb, \u00e9num\u00e8re Andr\u00e9. \u00ab\u2009Ils ont aussi <strong>vol\u00e9 des percolateurs<\/strong> [pour la machine \u00e0 caf\u00e9, NDLR] et <strong>mis de l\u2019alcool et du sirop sur l\u2019amplificateur ainsi que le clavier d\u2019un ordinateur Mac<\/strong>\u2026 qu\u2019ils n\u2019ont pas vol\u00e9\u2009\u00bb, pr\u00e9cise-t-il.<\/p>\n<p>Votre r\u00e9gion, votre actu !<\/p>\n<p>Recevez chaque jour les infos qui comptent pour vous.<\/p>\n<p>\t<a href=\"https:\/\/actu.fr\/newsletter\" class=\"ac-btn ac-btn--corner ac-btn--medium ac-btn--blue800\" target=\"_blank\" rel=\"noopener\">S&rsquo;incrire<\/a><\/p>\n<p class=\" wall-content\">\u00ab\u2009Pourquoi ont-ils fait \u00e7a\u2009?\u2009\u00bb, s\u2019interroge alors le g\u00e9rant, qui se dit \u00ab\u2009tr\u00e8s d\u00e9\u00e7u\u2009\u00bb par la situation.<\/p>\n<p class=\" wall-content\">La <a href=\"https:\/\/actu.fr\/tag\/police\" target=\"_blank\" rel=\"noopener\">police<\/a> s\u2019est d\u00e9plac\u00e9e et a fait les premi\u00e8res constatations.<\/p>\n<p class=\" wall-content\">Personnalisez votre actualit\u00e9 en ajoutant vos villes et m\u00e9dias en favori avec <a href=\"https:\/\/moncompte.actu.fr\" title=\"D\u00e9couvez Mon Actu\" rel=\"nofollow noopener\" data-trk=\"{&quot;cta&quot;:{&quot;action&quot;:&quot;https:\\\/\\\/moncompte.actu.fr&quot;,&quot;category&quot;:&quot;mon compte&quot;,&quot;from&quot;:&quot;article footer&quot;,&quot;name&quot;:&quot;Mon actu&quot;,&quot;type&quot;:&quot;cta&quot;}}\" target=\"_blank\">Mon Actu<\/a>.<\/p>\n","protected":false},"excerpt":{"rendered":"Par Ivan CAPECCHI Publi\u00e9 le 16 janv. 2026 \u00e0 12h10 ; mis \u00e0 jour le 16 janv. 2026&hellip;\n","protected":false},"author":2,"featured_media":667629,"comment_status":"","ping_status":"","sticky":false,"template":"","format":"standard","meta":{"footnotes":""},"categories":[2820],"tags":[1111,11,1174,1777,674,118,1011,27,775,12,1072,25,640],"class_list":{"0":"post-667628","1":"post","2":"type-post","3":"status-publish","4":"format-standard","5":"has-post-thumbnail","7":"category-strasbourg","8":"tag-actu","9":"tag-actualites","10":"tag-cambriolage","11":"tag-eu","12":"tag-europe","13":"tag-faits-divers","14":"tag-fr","15":"tag-france","16":"tag-grand-est","17":"tag-news","18":"tag-police","19":"tag-republique-francaise","20":"tag-strasbourg"},"share_on_mastodon":{"url":"https:\/\/pubeurope.com\/@fr\/115904674833541443","error":""},"_links":{"self":[{"href":"https:\/\/www.europesays.com\/fr\/wp-json\/wp\/v2\/posts\/667628","targetHints":{"allow":["GET"]}}],"collection":[{"href":"https:\/\/www.europesays.com\/fr\/wp-json\/wp\/v2\/posts"}],"about":[{"href":"https:\/\/www.europesays.com\/fr\/wp-json\/wp\/v2\/types\/post"}],"author":[{"embeddable":true,"href":"https:\/\/www.europesays.com\/fr\/wp-json\/wp\/v2\/users\/2"}],"replies":[{"embeddable":true,"href":"https:\/\/www.europesays.com\/fr\/wp-json\/wp\/v2\/comments?post=667628"}],"version-history":[{"count":0,"href":"https:\/\/www.europesays.com\/fr\/wp-json\/wp\/v2\/posts\/667628\/revisions"}],"wp:featuredmedia":[{"embeddable":true,"href":"https:\/\/www.europesays.com\/fr\/wp-json\/wp\/v2\/media\/667629"}],"wp:attachment":[{"href":"https:\/\/www.europesays.com\/fr\/wp-json\/wp\/v2\/media?parent=667628"}],"wp:term":[{"taxonomy":"category","embeddable":true,"href":"https:\/\/www.europesays.com\/fr\/wp-json\/wp\/v2\/categories?post=667628"},{"taxonomy":"post_tag","embeddable":true,"href":"https:\/\/www.europesays.com\/fr\/wp-json\/wp\/v2\/tags?post=667628"}],"curies":[{"name":"wp","href":"https:\/\/api.w.org\/{rel}","templated":true}]}}