{"id":667630,"date":"2026-01-16T12:02:10","date_gmt":"2026-01-16T12:02:10","guid":{"rendered":"https:\/\/www.europesays.com\/fr\/667630\/"},"modified":"2026-01-16T12:02:10","modified_gmt":"2026-01-16T12:02:10","slug":"on-vous-devoile-les-cinq-nouveaux-colistiers-de-christian-estrosi-dans-le-domaine-de-la-sante","status":"publish","type":"post","link":"https:\/\/www.europesays.com\/fr\/667630\/","title":{"rendered":"on vous d\u00e9voile les cinq nouveaux colistiers de Christian Estrosi dans le domaine de la sant\u00e9"},"content":{"rendered":"<p class=\"fs-5 \">Le<strong> futur adjoint \u00e0 la Sant\u00e9<\/strong> de Christian Estrosi (Horizons), s\u2019il est r\u00e9\u00e9lu \u00e0 la mairie de Nice, sera le Pr<strong> Pierre-Marie Tardieux<\/strong>, chef des urgences CHU. \u00ab Il aura en charge un p\u00f4le sant\u00e9 dans lequel prendront part d\u2019autres \u00e9lus \u00bb, pr\u00e9cise le candidat \u00e0 sa succession qui a pr\u00e9sent\u00e9 cinq colistiers, le jeudi 15 janvier 2026.<\/p>\n<p>        <img src=\"https:\/\/www.europesays.com\/fr\/wp-content\/uploads\/2026\/01\/ee66e07_upload-from-url-1-spchezwglvl4-data-art-16948729.jpg\"   loading=\"lazy\" decoding=\"async\" alt=\"\u00ab Fin ao\u00fbt dernier tu (...) as essay\u00e9 de me convaincre de trahir Christian Estrosi \u00bb, jure Dominique Estrosi-Sassone en parlant de Pierre Ippolito, nouveau colistier d\u2019\u00c9ric Ciotti. \" class=\"img-fluid position-absolute w-100 object-fit-cover rounded-2\" width=\"600\" height=\"400\"\/><\/p>\n<p class=\"fs-5 \"><strong>Parmi les nouveaux visages <\/strong>\u2013 il n\u2019est pas exclu que des \u00e9lus actuels rempilent \u2013 figurent le Pr <strong>Daniel Chevallier<\/strong>, professeur de chirurgie urologique et d\u2019\u00e9pid\u00e9miologie au CHU de Nice. \u00ab Je me souviens que c\u2019est lui qui, fin 2019, m\u2019a dit au d\u00e9cours d\u2019une conversation que ce qu\u2019il se passait en Chine risquait d\u2019arriver chez nous et que ce serait bien plus grave que ce qu\u2019on disait \u00e0 l\u2019\u00e9poque \u00bb, se rem\u00e9more Christian Estrosi. Autre m\u00e9decin, le Dr <strong>Oph\u00e9lie Cassuto<\/strong>, directrice scientifique \u00e0 la Clinique Saint-George, elle est h\u00e9matologue et canc\u00e9rologue, et \u00e9lue \u00e0 l\u2019ordre d\u00e9partemental des m\u00e9decins.<\/p>\n<p class=\"fs-5 \"><strong>Les pharmaciens seront repr\u00e9sent\u00e9s<\/strong>, en la personne de <strong>Rapha\u00ebl Gigliotti<\/strong>, co-pr\u00e9sident du Syndicat des pharmaciens des Alpes-Maritimes, secr\u00e9taire g\u00e9n\u00e9ral de l\u2019Union r\u00e9gionale des professionnels de sant\u00e9 (URPS) pharmaciens Paca et administrateur de l\u2019UPE 06. Il s\u2019est notamment investi aupr\u00e8s du maire de Nice pour la cr\u00e9ation d\u2019<a href=\"https:\/\/www.nicematin.com\/societe\/jeunesse\/une-anomalie-est-reparee-a-la-rentree-2025-il-y-aura-enfin-une-faculte-de-pharmacie-a-nice-979596\" target=\"_blank\" rel=\"noopener\">une facult\u00e9 de pharmacie dans la ville<\/a>, qui a ouvert en septembre 2025.<\/p>\n<p class=\"fs-5 \">Enfin, <strong>Aur\u00e9lie Rossini<\/strong>, 25 ans, va repr\u00e9senter les soignants. Elle est infirmi\u00e8re en chirurgie digestive au CHU de Nice.<\/p>\n","protected":false},"excerpt":{"rendered":"Le futur adjoint \u00e0 la Sant\u00e9 de Christian Estrosi (Horizons), s\u2019il est r\u00e9\u00e9lu \u00e0 la mairie de Nice,&hellip;\n","protected":false},"author":2,"featured_media":667631,"comment_status":"","ping_status":"","sticky":false,"template":"","format":"standard","meta":{"footnotes":""},"categories":[2819],"tags":[1111,11,1777,674,1011,27,3434,12,2401,882,25],"class_list":{"0":"post-667630","1":"post","2":"type-post","3":"status-publish","4":"format-standard","5":"has-post-thumbnail","7":"category-nice","8":"tag-actu","9":"tag-actualites","10":"tag-eu","11":"tag-europe","12":"tag-fr","13":"tag-france","14":"tag-municipales-2026","15":"tag-news","16":"tag-nice","17":"tag-provence-alpes-cote-dazur","18":"tag-republique-francaise"},"share_on_mastodon":{"url":"https:\/\/pubeurope.com\/@fr\/115904678826485501","error":""},"_links":{"self":[{"href":"https:\/\/www.europesays.com\/fr\/wp-json\/wp\/v2\/posts\/667630","targetHints":{"allow":["GET"]}}],"collection":[{"href":"https:\/\/www.europesays.com\/fr\/wp-json\/wp\/v2\/posts"}],"about":[{"href":"https:\/\/www.europesays.com\/fr\/wp-json\/wp\/v2\/types\/post"}],"author":[{"embeddable":true,"href":"https:\/\/www.europesays.com\/fr\/wp-json\/wp\/v2\/users\/2"}],"replies":[{"embeddable":true,"href":"https:\/\/www.europesays.com\/fr\/wp-json\/wp\/v2\/comments?post=667630"}],"version-history":[{"count":0,"href":"https:\/\/www.europesays.com\/fr\/wp-json\/wp\/v2\/posts\/667630\/revisions"}],"wp:featuredmedia":[{"embeddable":true,"href":"https:\/\/www.europesays.com\/fr\/wp-json\/wp\/v2\/media\/667631"}],"wp:attachment":[{"href":"https:\/\/www.europesays.com\/fr\/wp-json\/wp\/v2\/media?parent=667630"}],"wp:term":[{"taxonomy":"category","embeddable":true,"href":"https:\/\/www.europesays.com\/fr\/wp-json\/wp\/v2\/categories?post=667630"},{"taxonomy":"post_tag","embeddable":true,"href":"https:\/\/www.europesays.com\/fr\/wp-json\/wp\/v2\/tags?post=667630"}],"curies":[{"name":"wp","href":"https:\/\/api.w.org\/{rel}","templated":true}]}}