{"id":667634,"date":"2026-01-16T12:06:17","date_gmt":"2026-01-16T12:06:17","guid":{"rendered":"https:\/\/www.europesays.com\/fr\/667634\/"},"modified":"2026-01-16T12:06:17","modified_gmt":"2026-01-16T12:06:17","slug":"jeune-tue-a-nantes-quatre-ans-de-prison-requis-contre-le-policier-auteur-du-tir","status":"publish","type":"post","link":"https:\/\/www.europesays.com\/fr\/667634\/","title":{"rendered":"Jeune tu\u00e9 \u00e0 Nantes\u00a0: quatre ans de prison requis contre le policier auteur du tir"},"content":{"rendered":"<p>Quatre ans de prison, dont deux avec sursis, ont \u00e9t\u00e9 requis, ce vendredi, devant la cour criminelle de Loire-Atlantique \u00e0 l\u2019encontre du <a href=\"https:\/\/www.letelegramme.fr\/france\/mort-daboubakar-fofana-a-nantes-un-policier-juge-ce-lundi-pour-avoir-tire-mortellement-sur-le-jeune-homme-lors-dun-controle-6960318.php\" target=\"_blank\" rel=\"noopener\">policier jug\u00e9 pour avoir tir\u00e9 sur Aboubacar Fofana<\/a>, 22 ans, lors d\u2019un contr\u00f4le dans le quartier du Breil, \u00e0 Nantes, en juillet 2018.<\/p>\n<p>Comprenant que le jeune homme avait fourni une fausse identit\u00e9, les policiers ont expliqu\u00e9 lui avoir demand\u00e9 d\u2019immobiliser sa voiture afin de l\u2019emmener au commissariat.<\/p>\n<p>Aboubacar Fofana, qui se trouvait sous le coup d\u2019un mandat d\u2019arr\u00eat, \u00e9tait \u00e0 ce moment parti en marche arri\u00e8re alors que de jeunes enfants se trouvaient \u00e0 proximit\u00e9, percutant un v\u00e9hicule gar\u00e9 avant de \u00ab rebondir \u00bb vers l\u2019avant puis de repartir en arri\u00e8re. Tous les t\u00e9moins ne s\u2019accordent pas sur le moment pr\u00e9cis du tir. Touch\u00e9 par balle au cou, le jeune homme est mort \u00e0 l\u2019h\u00f4pital.<\/p>\n<p>L\u2019ancien policier avait d\u00e9clar\u00e9, dans un premier temps, avoir <a href=\"https:\/\/www.letelegramme.fr\/loire-atlantique\/nantes-44000\/mort-daboubacar-fofana-a-nantes-au-tribunal-le-policier-auteur-du-tir-soutient-l-accident-dramatique-6962138.php\" target=\"_blank\" rel=\"noopener\">\u00ab accidentellement \u00bb press\u00e9 sur la d\u00e9tente de son arme<\/a>, sortie par crainte de voir la voiture se diriger vers lui. Mercredi, il avait avou\u00e9 avoir menti. Le verdict est attendu ce vendredi.<\/p>\n","protected":false},"excerpt":{"rendered":"Quatre ans de prison, dont deux avec sursis, ont \u00e9t\u00e9 requis, ce vendredi, devant la cour criminelle de&hellip;\n","protected":false},"author":2,"featured_media":667635,"comment_status":"","ping_status":"","sticky":false,"template":"","format":"standard","meta":{"footnotes":""},"categories":[2818],"tags":[1111,11,1777,674,1011,27,4555,3047,766,12,2636,25],"class_list":{"0":"post-667634","1":"post","2":"type-post","3":"status-publish","4":"format-standard","5":"has-post-thumbnail","7":"category-nantes","8":"tag-actu","9":"tag-actualites","10":"tag-eu","11":"tag-europe","12":"tag-fr","13":"tag-france","14":"tag-local","15":"tag-loire-atlantique","16":"tag-nantes","17":"tag-news","18":"tag-pays-de-la-loire","19":"tag-republique-francaise"},"share_on_mastodon":{"url":"https:\/\/pubeurope.com\/@fr\/115904694517018712","error":""},"_links":{"self":[{"href":"https:\/\/www.europesays.com\/fr\/wp-json\/wp\/v2\/posts\/667634","targetHints":{"allow":["GET"]}}],"collection":[{"href":"https:\/\/www.europesays.com\/fr\/wp-json\/wp\/v2\/posts"}],"about":[{"href":"https:\/\/www.europesays.com\/fr\/wp-json\/wp\/v2\/types\/post"}],"author":[{"embeddable":true,"href":"https:\/\/www.europesays.com\/fr\/wp-json\/wp\/v2\/users\/2"}],"replies":[{"embeddable":true,"href":"https:\/\/www.europesays.com\/fr\/wp-json\/wp\/v2\/comments?post=667634"}],"version-history":[{"count":0,"href":"https:\/\/www.europesays.com\/fr\/wp-json\/wp\/v2\/posts\/667634\/revisions"}],"wp:featuredmedia":[{"embeddable":true,"href":"https:\/\/www.europesays.com\/fr\/wp-json\/wp\/v2\/media\/667635"}],"wp:attachment":[{"href":"https:\/\/www.europesays.com\/fr\/wp-json\/wp\/v2\/media?parent=667634"}],"wp:term":[{"taxonomy":"category","embeddable":true,"href":"https:\/\/www.europesays.com\/fr\/wp-json\/wp\/v2\/categories?post=667634"},{"taxonomy":"post_tag","embeddable":true,"href":"https:\/\/www.europesays.com\/fr\/wp-json\/wp\/v2\/tags?post=667634"}],"curies":[{"name":"wp","href":"https:\/\/api.w.org\/{rel}","templated":true}]}}