{"id":667642,"date":"2026-01-16T12:10:10","date_gmt":"2026-01-16T12:10:10","guid":{"rendered":"https:\/\/www.europesays.com\/fr\/667642\/"},"modified":"2026-01-16T12:10:10","modified_gmt":"2026-01-16T12:10:10","slug":"bientot-des-vols-directs-depuis-toulouse-vers-la-reunion","status":"publish","type":"post","link":"https:\/\/www.europesays.com\/fr\/667642\/","title":{"rendered":"bient\u00f4t des vols directs depuis Toulouse vers la R\u00e9union"},"content":{"rendered":"<p>                    Par<br \/>\n        <strong><br \/>\n            <a href=\"https:\/\/actu.fr\/auteur\/david-saint-sernin\" title=\"Consulter tous les articles de David Saint-Sernin\" target=\"_blank\" rel=\"noopener\">David Saint-Sernin<\/a><br \/>\n                    <\/strong><\/p>\n<p>        Publi\u00e9 le<\/p>\n<p>            16 janv. 2026 \u00e0 13h06        <\/p>\n<p>\u00ab\u2009Plages paradisiaques, lagons turquoise, volcans\u2026 tout \u00e7a depuis Toulouse\u2009!\u2009\u00bb. Vendredi 16\u00a0janvier 2025, <a href=\"https:\/\/actu.fr\/tag\/aeroport-toulouse-blagnac\" target=\"_blank\" rel=\"noopener\">l\u2019a\u00e9roport de Toulouse-Blagnac<\/a> ne boude pas son plaisir.<\/p>\n<p>Vols deux fois par semaine \u00e0 partir de juin<\/p>\n<p class=\" wall-content\">Ce m\u00eame jour, <strong>Corsair<\/strong> a annonc\u00e9 l\u2019ouverture d\u2019une nouvelle ligne Toulouse \u2013 La R\u00e9union <strong>\u00e0 compter du 16\u00a0juin 2026.<\/strong><\/p>\n<p class=\" wall-content\">\u00ab\u2009Cette nouvelle liaison sera op\u00e9r\u00e9e deux fois par semaine, chaque dimanche et chaque mardi, en Airbus A330neo afin de proposer des parcours plus simples, sans passage syst\u00e9matique par Paris. Cette \u00e9volution du programme permettra d\u00e9sormais aux voyageurs r\u00e9unionnais d\u2019un acc\u00e8s direct \u00e0 la r\u00e9gion Occitanie\u2009\u00bb, annonce la compagnie.<\/p>\n<p class=\" wall-content\">\u00ab\u2009Cette nouvelle desserte vers la R\u00e9union renforce les liens entre Toulouse et les territoires ultramarins. C\u2019est une excellente nouvelle \u00e0 la fois pour les communaut\u00e9s r\u00e9unionnaises et mahoraises install\u00e9es \u00e0 Toulouse ou dans sa r\u00e9gion. Op\u00e9r\u00e9e en A330neo et proposant trois niveaux de confort, cette ligne r\u00e9pond aux attentes de tous les passagers et s\u2019inscrit dans notre volont\u00e9 de d\u00e9velopper l\u2019offre long-courrier au d\u00e9part de Toulouse.\u2009\u00bb <strong>Philippe Cr\u00e9bassa, Pr\u00e9sident du Directoire d\u2019A\u00e9roport Toulouse-Blagnac.<\/strong><\/p>\n<p>    <a href=\"https:\/\/www.facebook.com\/plugins\/video.php?height=476&amp;href=https%3A%2F%2Fwww.facebook.com%2Freel%2F2281903262282082%2F&amp;show_text=true&amp;width=350&amp;t=0\" title=\"Ouvrie le lien\" target=\"_blank\" rel=\"noopener\">Cliquez ici pour visualiser le contenu<\/a><\/p>\n<p>D\u00e9parts les lundi et mercredi<\/p>\n<p class=\" wall-content\">La nouvelle liaison fonctionnera le dimanche et le mardi depuis la r\u00e9union. Le d\u00e9part depuis La R\u00e9union aura lieu \u00e0 22h, et l\u2019arriv\u00e9e le lendemain \u00e0 9h20.<\/p>\n<p>Vid\u00e9os : en ce moment sur Actu<\/p>\n<p class=\" wall-content\">Depuis Toulouse, les vols auront lieu les lundi et mercredi. Le d\u00e9part interviendra \u00e0 19h pour une arriv\u00e9e \u00e0 La R\u00e9union (avec une escale \u00e0 Marseille) \u00e0 10h15 le lendemain.<\/p>\n<p class=\" wall-content\">Les billets sont propos\u00e9s \u00e0 partir de 681\u00a0euros TTC aller\/retour. La billetterie.<\/p>\n<p class=\" wall-content\">Personnalisez votre actualit\u00e9 en ajoutant vos villes et m\u00e9dias en favori avec <a href=\"https:\/\/moncompte.actu.fr\" title=\"D\u00e9couvez Mon Actu\" rel=\"nofollow noopener\" data-trk=\"{&quot;cta&quot;:{&quot;action&quot;:&quot;https:\\\/\\\/moncompte.actu.fr&quot;,&quot;category&quot;:&quot;mon compte&quot;,&quot;from&quot;:&quot;article footer&quot;,&quot;name&quot;:&quot;Mon actu&quot;,&quot;type&quot;:&quot;cta&quot;}}\" target=\"_blank\">Mon Actu<\/a>.<\/p>\n","protected":false},"excerpt":{"rendered":"Par David Saint-Sernin Publi\u00e9 le 16 janv. 2026 \u00e0 13h06 \u00ab\u2009Plages paradisiaques, lagons turquoise, volcans\u2026 tout \u00e7a depuis&hellip;\n","protected":false},"author":2,"featured_media":667643,"comment_status":"","ping_status":"","sticky":false,"template":"","format":"standard","meta":{"footnotes":""},"categories":[2816],"tags":[1111,11,1777,674,1011,27,1652,12,2680,25,2312,586],"class_list":{"0":"post-667642","1":"post","2":"type-post","3":"status-publish","4":"format-standard","5":"has-post-thumbnail","7":"category-toulouse","8":"tag-actu","9":"tag-actualites","10":"tag-eu","11":"tag-europe","12":"tag-fr","13":"tag-france","14":"tag-loisirs-culture","15":"tag-news","16":"tag-occitanie","17":"tag-republique-francaise","18":"tag-toulouse","19":"tag-voyage"},"share_on_mastodon":{"url":"","error":""},"_links":{"self":[{"href":"https:\/\/www.europesays.com\/fr\/wp-json\/wp\/v2\/posts\/667642","targetHints":{"allow":["GET"]}}],"collection":[{"href":"https:\/\/www.europesays.com\/fr\/wp-json\/wp\/v2\/posts"}],"about":[{"href":"https:\/\/www.europesays.com\/fr\/wp-json\/wp\/v2\/types\/post"}],"author":[{"embeddable":true,"href":"https:\/\/www.europesays.com\/fr\/wp-json\/wp\/v2\/users\/2"}],"replies":[{"embeddable":true,"href":"https:\/\/www.europesays.com\/fr\/wp-json\/wp\/v2\/comments?post=667642"}],"version-history":[{"count":0,"href":"https:\/\/www.europesays.com\/fr\/wp-json\/wp\/v2\/posts\/667642\/revisions"}],"wp:featuredmedia":[{"embeddable":true,"href":"https:\/\/www.europesays.com\/fr\/wp-json\/wp\/v2\/media\/667643"}],"wp:attachment":[{"href":"https:\/\/www.europesays.com\/fr\/wp-json\/wp\/v2\/media?parent=667642"}],"wp:term":[{"taxonomy":"category","embeddable":true,"href":"https:\/\/www.europesays.com\/fr\/wp-json\/wp\/v2\/categories?post=667642"},{"taxonomy":"post_tag","embeddable":true,"href":"https:\/\/www.europesays.com\/fr\/wp-json\/wp\/v2\/tags?post=667642"}],"curies":[{"name":"wp","href":"https:\/\/api.w.org\/{rel}","templated":true}]}}