{"id":667662,"date":"2026-01-16T12:22:16","date_gmt":"2026-01-16T12:22:16","guid":{"rendered":"https:\/\/www.europesays.com\/fr\/667662\/"},"modified":"2026-01-16T12:22:16","modified_gmt":"2026-01-16T12:22:16","slug":"marshall-munetsi-rejoint-le-paris-fc","status":"publish","type":"post","link":"https:\/\/www.europesays.com\/fr\/667662\/","title":{"rendered":"Marshall Munetsi rejoint le Paris FC\u00a0!"},"content":{"rendered":"<p><strong>Le Paris FC est heureux d\u2019annoncer la signature du joueur Marshall Munetsi en provenance de Wolverhampton (Angleterre). L\u2019international zimbabw\u00e9en de 29 ans s\u2019est engag\u00e9 en pr\u00eat jusqu\u2019en fin de saison.\u00a0<\/strong><\/p>\n<p>N\u00e9 \u00e0 Harare (Zimbabwe) et form\u00e9 dans des clubs locaux, c\u2019est en Afrique du Sud que le milieu de terrain d\u00e9couvre le monde professionnel. Son profil de joueur box to box, athl\u00e9tique et dot\u00e9 d\u2019une belle qualit\u00e9 technique plait rapidement.\u00a0<\/p>\n<p>L\u2019international zimbabw\u00e9en choisit alors le Stade de Reims pour effectuer ses premiers pas en Europe. Titulaire indiscutable du club champenois, Marshall Munetsi r\u00e9alise 6 saisons de grande qualit\u00e9 avant de s\u2019envoler en Premier League en 2025.\u00a0<\/p>\n<p>Apr\u00e8s une ann\u00e9e outre-manche et 27 matches disput\u00e9s, le joueur fait son retour en Ligue 1 pour apporter toutes ses qualit\u00e9s footballistiques et humaines au collectif de St\u00e9phane Gilli\u00a0!<\/p>\n<p>Marco Neppe : \u201d Nous sommes ravis d\u2019accueillir Marshall au Paris FC ! C\u2019est un joueur avec une grande exp\u00e9rience de la Ligue 1 et \u00a0avec beaucoup de qualit\u00e9s sur et en dehors du terrain. Marshall est un compl\u00e9ment id\u00e9al pour notre \u00e9quipe.\u00a0Sa personnalit\u00e9, son \u00e9nergie positive et son attitude vont nous rendre meilleurs. \u201d \u00a0<\/p>\n<blockquote class=\"wp-block-quote is-layout-flow wp-block-quote-is-layout-flow\">\n<blockquote class=\"wp-block-quote is-layout-flow wp-block-quote-is-layout-flow\">\n<blockquote class=\"wp-block-quote is-layout-flow wp-block-quote-is-layout-flow\">\n<blockquote class=\"wp-block-quote is-layout-flow wp-block-quote-is-layout-flow\">\n<blockquote class=\"wp-block-quote is-layout-flow wp-block-quote-is-layout-flow\">\n<blockquote class=\"wp-block-quote is-layout-flow wp-block-quote-is-layout-flow\"\/><\/blockquote>\n<\/blockquote>\n<\/blockquote>\n<\/blockquote>\n<\/blockquote>\n<p>Bienvenue chez toi Marshall !<\/p>\n<p><img fetchpriority=\"high\" decoding=\"async\" width=\"684\" height=\"1024\" data-id=\"113077\" src=\"data:image\/svg+xml,%3Csvg%20xmlns=\" http:=\"\" alt=\"\" class=\"wp-image-113077\" data-lazy- data-lazy- data-lazy-src=\"https:\/\/www.europesays.com\/fr\/wp-content\/uploads\/2026\/01\/DSC06846-684x1024.jpg\"\/><\/p>\n<p><img loading=\"lazy\" decoding=\"async\" width=\"684\" height=\"1024\" data-id=\"113089\" src=\"data:image\/svg+xml,%3Csvg%20xmlns=\" http:=\"\" alt=\"\" class=\"wp-image-113089\" data-lazy- data-lazy- data-lazy-src=\"https:\/\/www.europesays.com\/fr\/wp-content\/uploads\/2026\/01\/DSC06844-684x1024.jpg\"\/><\/p>\n<p><img loading=\"lazy\" decoding=\"async\" width=\"684\" height=\"1024\" data-id=\"113083\" src=\"data:image\/svg+xml,%3Csvg%20xmlns=\" http:=\"\" alt=\"\" class=\"wp-image-113083\" data-lazy- data-lazy- data-lazy-src=\"https:\/\/www.europesays.com\/fr\/wp-content\/uploads\/2026\/01\/DSC06852-684x1024.jpg\"\/><\/p>\n<blockquote class=\"wp-block-quote is-layout-flow wp-block-quote-is-layout-flow\">\n<\/blockquote>\n","protected":false},"excerpt":{"rendered":"Le Paris FC est heureux d\u2019annoncer la signature du joueur Marshall Munetsi en provenance de Wolverhampton (Angleterre). L\u2019international&hellip;\n","protected":false},"author":2,"featured_media":667663,"comment_status":"","ping_status":"","sticky":false,"template":"","format":"standard","meta":{"footnotes":""},"categories":[1888],"tags":[11,1777,674,1011,27,12,626,25],"class_list":{"0":"post-667662","1":"post","2":"type-post","3":"status-publish","4":"format-standard","5":"has-post-thumbnail","7":"category-paris","8":"tag-actualites","9":"tag-eu","10":"tag-europe","11":"tag-fr","12":"tag-france","13":"tag-news","14":"tag-paris","15":"tag-republique-francaise"},"share_on_mastodon":{"url":"https:\/\/pubeurope.com\/@fr\/115904757381358047","error":""},"_links":{"self":[{"href":"https:\/\/www.europesays.com\/fr\/wp-json\/wp\/v2\/posts\/667662","targetHints":{"allow":["GET"]}}],"collection":[{"href":"https:\/\/www.europesays.com\/fr\/wp-json\/wp\/v2\/posts"}],"about":[{"href":"https:\/\/www.europesays.com\/fr\/wp-json\/wp\/v2\/types\/post"}],"author":[{"embeddable":true,"href":"https:\/\/www.europesays.com\/fr\/wp-json\/wp\/v2\/users\/2"}],"replies":[{"embeddable":true,"href":"https:\/\/www.europesays.com\/fr\/wp-json\/wp\/v2\/comments?post=667662"}],"version-history":[{"count":0,"href":"https:\/\/www.europesays.com\/fr\/wp-json\/wp\/v2\/posts\/667662\/revisions"}],"wp:featuredmedia":[{"embeddable":true,"href":"https:\/\/www.europesays.com\/fr\/wp-json\/wp\/v2\/media\/667663"}],"wp:attachment":[{"href":"https:\/\/www.europesays.com\/fr\/wp-json\/wp\/v2\/media?parent=667662"}],"wp:term":[{"taxonomy":"category","embeddable":true,"href":"https:\/\/www.europesays.com\/fr\/wp-json\/wp\/v2\/categories?post=667662"},{"taxonomy":"post_tag","embeddable":true,"href":"https:\/\/www.europesays.com\/fr\/wp-json\/wp\/v2\/tags?post=667662"}],"curies":[{"name":"wp","href":"https:\/\/api.w.org\/{rel}","templated":true}]}}