{"id":667668,"date":"2026-01-16T12:25:13","date_gmt":"2026-01-16T12:25:13","guid":{"rendered":"https:\/\/www.europesays.com\/fr\/667668\/"},"modified":"2026-01-16T12:25:13","modified_gmt":"2026-01-16T12:25:13","slug":"tensions-avec-la-police-de-limmigration-aux-usa-la-mere-de-famille-tuee-par-la-police-de-limmigration-touchee-a-quatre-reprises","status":"publish","type":"post","link":"https:\/\/www.europesays.com\/fr\/667668\/","title":{"rendered":"Tensions avec la police de l&rsquo;immigration aux USA &#8211; La m\u00e8re de famille tu\u00e9e par la police de l&rsquo;immigration touch\u00e9e \u00e0 quatre reprises"},"content":{"rendered":"<p><img decoding=\"async\" class=\"w-full object-contain\" style=\"aspect-ratio:150 \/ 100;opacity:1\" alt=\"Tensions avec la police de l'immigration aux USA - La m\u00e8re de famille tu\u00e9e par la police de l'immigration touch\u00e9e \u00e0 quatre reprises\" width=\"512\" height=\"341\" fetchpriority=\"high\" src=\"https:\/\/www.europesays.com\/fr\/wp-content\/uploads\/2026\/01\/UZI4YWI5VBDW3FSBEPQ5H2TAPM.jpg\"  \/><\/p>\n<p class=\"ap-StoryElement ap-StoryElement--mb ap-StoryText\">Selon ce rapport, obtenu par le Minnesota Star Tribune, Renee Good a \u00e9t\u00e9 retrouv\u00e9e avec deux blessures \u00e0 la poitrine, une au bras et une autre \u00e0 la t\u00eate.<\/p>\n<p class=\"ap-StoryElement ap-StoryElement--mb ap-StoryText\">Les ambulanciers ont trouv\u00e9 Renee Good inconsciente dans sa voiture, du sang sur le visage et le torse. Elle ne respirait pas et son pouls \u00e9tait \u00ab\u00a0incoh\u00e9rent\u00a0\u00bb et \u00ab\u00a0irr\u00e9gulier\u00a0\u00bb, selon le rapport cit\u00e9 par le quotidien local.<\/p>\n<p class=\"ap-StoryElement ap-StoryElement--mb ap-StoryText\">Elle pr\u00e9sentait deux blessures par balle \u00e0 la poitrine droite, une \u00e0 l&rsquo;avant-bras gauche et une \u00ab\u00a0sur le c\u00f4t\u00e9 gauche de la t\u00eate\u00a0\u00bb, d\u00e9taille le rapport. Du sang s&rsquo;\u00e9coulait de son oreille gauche, ses pupilles \u00e9taient dilat\u00e9es, pr\u00e9cise encore le rapport.<\/p>\n","protected":false},"excerpt":{"rendered":"Selon ce rapport, obtenu par le Minnesota Star Tribune, Renee Good a \u00e9t\u00e9 retrouv\u00e9e avec deux blessures \u00e0&hellip;\n","protected":false},"author":2,"featured_media":2837,"comment_status":"","ping_status":"","sticky":false,"template":"","format":"standard","meta":{"footnotes":""},"categories":[1589],"tags":[11,73,1866,1061,12,1072,1864,1865,1863,308,809],"class_list":{"0":"post-667668","1":"post","2":"type-post","3":"status-publish","4":"format-standard","5":"has-post-thumbnail","7":"category-etats-unis","8":"tag-actualites","9":"tag-etats-unis","10":"tag-etats-unis-damerique","11":"tag-immigration","12":"tag-news","13":"tag-police","14":"tag-united-states","15":"tag-united-states-of-america","16":"tag-us","17":"tag-usa","18":"tag-violence"},"share_on_mastodon":{"url":"https:\/\/pubeurope.com\/@fr\/115904769248833881","error":""},"_links":{"self":[{"href":"https:\/\/www.europesays.com\/fr\/wp-json\/wp\/v2\/posts\/667668","targetHints":{"allow":["GET"]}}],"collection":[{"href":"https:\/\/www.europesays.com\/fr\/wp-json\/wp\/v2\/posts"}],"about":[{"href":"https:\/\/www.europesays.com\/fr\/wp-json\/wp\/v2\/types\/post"}],"author":[{"embeddable":true,"href":"https:\/\/www.europesays.com\/fr\/wp-json\/wp\/v2\/users\/2"}],"replies":[{"embeddable":true,"href":"https:\/\/www.europesays.com\/fr\/wp-json\/wp\/v2\/comments?post=667668"}],"version-history":[{"count":0,"href":"https:\/\/www.europesays.com\/fr\/wp-json\/wp\/v2\/posts\/667668\/revisions"}],"wp:featuredmedia":[{"embeddable":true,"href":"https:\/\/www.europesays.com\/fr\/wp-json\/wp\/v2\/media\/2837"}],"wp:attachment":[{"href":"https:\/\/www.europesays.com\/fr\/wp-json\/wp\/v2\/media?parent=667668"}],"wp:term":[{"taxonomy":"category","embeddable":true,"href":"https:\/\/www.europesays.com\/fr\/wp-json\/wp\/v2\/categories?post=667668"},{"taxonomy":"post_tag","embeddable":true,"href":"https:\/\/www.europesays.com\/fr\/wp-json\/wp\/v2\/tags?post=667668"}],"curies":[{"name":"wp","href":"https:\/\/api.w.org\/{rel}","templated":true}]}}