{"id":667675,"date":"2026-01-16T12:29:21","date_gmt":"2026-01-16T12:29:21","guid":{"rendered":"https:\/\/www.europesays.com\/fr\/667675\/"},"modified":"2026-01-16T12:29:21","modified_gmt":"2026-01-16T12:29:21","slug":"jai-eu-un-coup-de-moins-bien-marie-alix-jeanson-familles-nombreuses-reconfortee-par-une-jolie-attention-de-son-mari-alexandre","status":"publish","type":"post","link":"https:\/\/www.europesays.com\/fr\/667675\/","title":{"rendered":"\u00ab\u00a0J&rsquo;ai eu un coup de moins bien\u2026\u00a0\u00bb : Marie-Alix Jeanson (Familles nombreuses) r\u00e9confort\u00e9e par une jolie attention de son mari Alexandre"},"content":{"rendered":"<p class=\"articleContent-meta\">\n        Aujourd&rsquo;hui \u00e0 12:16 &#8211; par             <a class=\"articleContent-metaAuthorsLink\" href=\"https:\/\/www.programme.tv\/auteur\/maxime-carignano\/\" target=\"_blank\" rel=\"noopener\">Maxime Carignano<\/a><\/p>\n<p>                    Tweeter<\/p>\n<p>                    Partager sur Facebook<\/p>\n<p>                        <img decoding=\"async\" src=\"https:\/\/www.europesays.com\/fr\/wp-content\/uploads\/2026\/01\/familles-nombreuses-la-vie-en-xxl-la-famille-jeanson.jpg\" alt=\"Player Video\" class=\"player-applyRatio poster exclude-seedtag\"\/><\/p>\n<p>Ce vendredi 16 janvier, Marie-Alix Jeanson, connue dans l&rsquo;\u00e9mission Familles nombreuses la vie en XXL sur TF1, s&rsquo;est confi\u00e9e sans filtre sur son moral et sa forme physique. Mal au point, la m\u00e8re de famille a \u00e9t\u00e9 r\u00e9confort\u00e9e par une jolie attention de son mari Alexandre.<\/p>\n<p>Marie-Alix Jeanson est une maman embl\u00e9matique de l&rsquo;\u00e9mission Familles nombreuses, la vie en XXL sur TF1. Avec son mari Alexandre, Marie-Alix Jeanson est la t\u00eate d&rsquo;une grande famille compos\u00e9e de cinq enfants : Mayeul, Auxence, Faustine, Victor et Aloys. <a href=\"https:\/\/www.programme.tv\/news\/tele-realite\/236907-on-attendait-avec-impatience-marie-alix-jeanson-familles-nombreuses-recoit-enfin-les-60-cartons-livres-depuis-la-reunion-et-devoile-son-contenu\/\" target=\"_blank\" rel=\"noopener\">Apr\u00e8s deux ans \u00e0 La R\u00e9union<\/a>, la tribu a fait son retour en m\u00e9tropole, du c\u00f4t\u00e9 de Paris.<\/p>\n<p>Marie-Alix Jeanson (Familles nombreuses) en proie au mal-\u00eatre en ce d\u00e9but d&rsquo;ann\u00e9e 2026<\/p>\n<p>Sur les r\u00e9seaux sociaux, Marie-Alix Jeanson n&rsquo;a pas sa langue dans sa poche. Elle n&rsquo;h\u00e9site pas \u00e0 faire preuve de franchise avec ses abonn\u00e9s. <a href=\"https:\/\/www.programme.tv\/news\/emissions-tv\/266466-je-ne-me-sens-pas-bien-marie-alix-jeanson-familles-nombreuses-en-proie-au-mal-etre-elle-annonce-un-changement-radical-dans-son-quotidien\/\" rel=\"nofollow noopener\" target=\"_blank\">Elle a confi\u00e9 se sentir mal dans sa peau depuis plusieurs semaines<\/a> : \u00ab\u00a0Je vais vous faire une confidence. Je ne me sens pas bien dans mon corps depuis plusieurs semaines. En levant le pied sur la course \u00e0 pied, j&rsquo;ai pris des kilos. Je le vois et je le sens dans mes v\u00eatements. Je suis nature peinture sur ce compte. Je vous dis ce que je ressens en toute transparence. Je ne veux pas faire semblant. Et je me connais, j&rsquo;ai tendance \u00e0 prendre facilement. Alors, j&rsquo;ai le fameux d\u00e9clic dont j&rsquo;ai besoin. Je vais faire ce qu&rsquo;il faut pour inverser la tendance et me sentir mieux. On n&rsquo;a rien sans rien.\u00a0\u00bb<\/p>\n<p>                                Marie-Alix Jeanson (Familles nombreuses) re\u00e7oit une jolie surprise de son mari Alexandre apr\u00e8s un \u00ab\u00a0coup de moins bien\u00a0\u00bb <\/p>\n<p>Ce vendredi 16 janvier, Marie-Alix Jeanson a r\u00e9v\u00e9l\u00e9 avoir petit coup de moins bien. Visiblement malade depuis hier, la m\u00e8re de famille s&rsquo;est confi\u00e9e sur sa forme physique et moral. Et visiblement, elle conna\u00eet un passage \u00e0 vide. Malgr\u00e9 tout, elle peut compter sur le soutien sans faille de son mari Alexandre pour l&rsquo;\u00e9pauler : \u00ab\u00a0J&rsquo;ai eu un coup de moins bien hier. Alexandre m&rsquo;a dit : &lsquo;Demain matin, repose-toi, je vais faire la conduite&rsquo;. J&rsquo;ai pu dormir un peu et au r\u00e9veil, je d\u00e9couvre \u00e7a\u00a0\u00bb, a-t-elle expliqu\u00e9 sur son compte Instagram. Son mari lui avait adress\u00e9 des attentions adorables pour lui remonter le moral avec diff\u00e9rents Post-it dress\u00e9s sur son plateau de petit-d\u00e9jeuner : \u00ab\u00a0Des prot\u00e9ines pour la fi\u00e8vre, de la Ricor\u00e9 pour le moral, des vitamines pour lutter contre les microbes\u00a0\u00bb.<\/p>\n<p>Rejoignez-nous sur Google !<\/p>\n<p class=\"articleContent-pushTagline\">Abonnez-vous \u00e0 <a href=\"https:\/\/profile.google.com\/cp\/CgsvZy8xMjExMWxuMQ\" target=\"_blank\" rel=\"noopener\">T\u00e9l\u00e9 2 semaines sur Google<\/a> pour ne manquer aucune info !<\/p>\n","protected":false},"excerpt":{"rendered":"Aujourd&rsquo;hui \u00e0 12:16 &#8211; par Maxime Carignano Tweeter Partager sur Facebook Ce vendredi 16 janvier, Marie-Alix Jeanson, connue&hellip;\n","protected":false},"author":2,"featured_media":667676,"comment_status":"","ping_status":"","sticky":false,"template":"","format":"standard","meta":{"footnotes":""},"categories":[1586],"tags":[11,1777,674,1779,652,58477,4980,1011,27,12,25,682,199,3604,1778,364],"class_list":{"0":"post-667675","1":"post","2":"type-post","3":"status-publish","4":"format-standard","5":"has-post-thumbnail","7":"category-europe","8":"tag-actualites","9":"tag-eu","10":"tag-europe","11":"tag-european-union","12":"tag-famille","13":"tag-famille-jeanson","14":"tag-familles-nombreuses-la-vie-en-xxl","15":"tag-fr","16":"tag-france","17":"tag-news","18":"tag-republique-francaise","19":"tag-tele-realite","20":"tag-tf1","21":"tag-tu00e9lu00e9-ru00e9alitu00e9","22":"tag-ue","23":"tag-union-europeenne"},"share_on_mastodon":{"url":"https:\/\/pubeurope.com\/@fr\/115904784920697736","error":""},"_links":{"self":[{"href":"https:\/\/www.europesays.com\/fr\/wp-json\/wp\/v2\/posts\/667675","targetHints":{"allow":["GET"]}}],"collection":[{"href":"https:\/\/www.europesays.com\/fr\/wp-json\/wp\/v2\/posts"}],"about":[{"href":"https:\/\/www.europesays.com\/fr\/wp-json\/wp\/v2\/types\/post"}],"author":[{"embeddable":true,"href":"https:\/\/www.europesays.com\/fr\/wp-json\/wp\/v2\/users\/2"}],"replies":[{"embeddable":true,"href":"https:\/\/www.europesays.com\/fr\/wp-json\/wp\/v2\/comments?post=667675"}],"version-history":[{"count":0,"href":"https:\/\/www.europesays.com\/fr\/wp-json\/wp\/v2\/posts\/667675\/revisions"}],"wp:featuredmedia":[{"embeddable":true,"href":"https:\/\/www.europesays.com\/fr\/wp-json\/wp\/v2\/media\/667676"}],"wp:attachment":[{"href":"https:\/\/www.europesays.com\/fr\/wp-json\/wp\/v2\/media?parent=667675"}],"wp:term":[{"taxonomy":"category","embeddable":true,"href":"https:\/\/www.europesays.com\/fr\/wp-json\/wp\/v2\/categories?post=667675"},{"taxonomy":"post_tag","embeddable":true,"href":"https:\/\/www.europesays.com\/fr\/wp-json\/wp\/v2\/tags?post=667675"}],"curies":[{"name":"wp","href":"https:\/\/api.w.org\/{rel}","templated":true}]}}