{"id":667677,"date":"2026-01-16T12:30:11","date_gmt":"2026-01-16T12:30:11","guid":{"rendered":"https:\/\/www.europesays.com\/fr\/667677\/"},"modified":"2026-01-16T12:30:11","modified_gmt":"2026-01-16T12:30:11","slug":"deux-camions-remplis-diphone-et-de-produits-apple-braques-a-la-hache-par-une-dizaine-de-malfaiteurs","status":"publish","type":"post","link":"https:\/\/www.europesays.com\/fr\/667677\/","title":{"rendered":"Deux camions remplis d\u2019iPhone et de produits Apple braqu\u00e9s \u00e0 la hache par une dizaine de malfaiteurs"},"content":{"rendered":"<p>\n                                                                    l&rsquo;essentiel<br \/>\n                                                                Des malfaiteurs ont braqu\u00e9 \u00e0 la hache deux camions qui contenaient des produits Apple \u00e0 Bonneuil-en-France dans le Val-d\u2019Oise. Les chauffeurs ont \u00e9t\u00e9 bless\u00e9s. La police judiciaire est charg\u00e9e de l\u2019enqu\u00eate.\n                            <\/p>\n<p>5h du matin, mardi 13\u00a0janvier. Deux camions quittent un site logistique d\u2019un transporteur international dans une zone d\u2019activit\u00e9, \u00e0 Bonneuil-en-France dans le Val-d\u2019Oise. La cargaison vaut une petite fortune\u00a0: des ordinateurs Apple et des iPhone.<\/p>\n<p>Sur leur trajet, une dizaine d\u2019individus masqu\u00e9s et arm\u00e9s, notamment de haches, ma\u00eetrisent les deux conducteurs, les ligotent et les obligent \u00e0 rouler sous la menace en direction du nord de l\u2019\u00cele-de-France, raconte <a href=\"https:\/\/www.leparisien.fr\/val-d-oise-95\/entre-4-et-5-millions-deuros-de-prejudice-deux-camions-de-produits-apple-braques-par-des-hommes-armes-de-haches-15-01-2026-DRFKZUQXE5GKNP6YCUHIZT4ET4.php\" target=\"_blank\" rel=\"noopener\">Le Parisien<\/a>. Arriv\u00e9s sous un point de l\u2019autoroute A1, \u00e0 proximit\u00e9 de la Francilienne, les malfaiteurs transf\u00e8rent la cargaison dans un autre camion et abandonnent les chauffeurs sur la commune d\u2019Epiais-l\u00e8s-Louvres.<\/p>\n<p>La cargaison a disparu, les malfaiteurs aussi<\/p>\n<p>Les deux hommes de 43 et 66 ans ont \u00e9t\u00e9 pris en charge par les secours. L\u2019un des deux a \u00e9t\u00e9 admis en urgence relative au centre hospitalier de Gonesse dans le Val-d\u2019Oise.<\/p>\n<p>Ni la cargaison, ni les malfaiteurs n\u2019ont \u00e9t\u00e9 retrouv\u00e9s jusqu\u2019\u00e0 maintenant. Le pr\u00e9judice est lourd puisqu\u2019il a \u00e9t\u00e9 chiffr\u00e9 entre 4 et 5\u00a0millions d\u2019euros.<\/p>\n<p>Le parquet de Paris a ouvert une enqu\u00eate pour\u00a0enl\u00e8vement et s\u00e9questration en bande organis\u00e9e, vol \u00e0 main arm\u00e9e en bande organis\u00e9e et associations de malfaiteurs.<\/p>\n","protected":false},"excerpt":{"rendered":"l&rsquo;essentiel Des malfaiteurs ont braqu\u00e9 \u00e0 la hache deux camions qui contenaient des produits Apple \u00e0 Bonneuil-en-France dans&hellip;\n","protected":false},"author":2,"featured_media":667678,"comment_status":"","ping_status":"","sticky":false,"template":"","format":"standard","meta":{"footnotes":""},"categories":[2],"tags":[11,118,1011,27,12,25],"class_list":{"0":"post-667677","1":"post","2":"type-post","3":"status-publish","4":"format-standard","5":"has-post-thumbnail","7":"category-actualites","8":"tag-actualites","9":"tag-faits-divers","10":"tag-fr","11":"tag-france","12":"tag-news","13":"tag-republique-francaise"},"share_on_mastodon":{"url":"https:\/\/pubeurope.com\/@fr\/115904788875559629","error":""},"_links":{"self":[{"href":"https:\/\/www.europesays.com\/fr\/wp-json\/wp\/v2\/posts\/667677","targetHints":{"allow":["GET"]}}],"collection":[{"href":"https:\/\/www.europesays.com\/fr\/wp-json\/wp\/v2\/posts"}],"about":[{"href":"https:\/\/www.europesays.com\/fr\/wp-json\/wp\/v2\/types\/post"}],"author":[{"embeddable":true,"href":"https:\/\/www.europesays.com\/fr\/wp-json\/wp\/v2\/users\/2"}],"replies":[{"embeddable":true,"href":"https:\/\/www.europesays.com\/fr\/wp-json\/wp\/v2\/comments?post=667677"}],"version-history":[{"count":0,"href":"https:\/\/www.europesays.com\/fr\/wp-json\/wp\/v2\/posts\/667677\/revisions"}],"wp:featuredmedia":[{"embeddable":true,"href":"https:\/\/www.europesays.com\/fr\/wp-json\/wp\/v2\/media\/667678"}],"wp:attachment":[{"href":"https:\/\/www.europesays.com\/fr\/wp-json\/wp\/v2\/media?parent=667677"}],"wp:term":[{"taxonomy":"category","embeddable":true,"href":"https:\/\/www.europesays.com\/fr\/wp-json\/wp\/v2\/categories?post=667677"},{"taxonomy":"post_tag","embeddable":true,"href":"https:\/\/www.europesays.com\/fr\/wp-json\/wp\/v2\/tags?post=667677"}],"curies":[{"name":"wp","href":"https:\/\/api.w.org\/{rel}","templated":true}]}}