{"id":667681,"date":"2026-01-16T12:32:16","date_gmt":"2026-01-16T12:32:16","guid":{"rendered":"https:\/\/www.europesays.com\/fr\/667681\/"},"modified":"2026-01-16T12:32:16","modified_gmt":"2026-01-16T12:32:16","slug":"et-si-la-chanteuse-linh-representait-la-france-a-leurovision-2026","status":"publish","type":"post","link":"https:\/\/www.europesays.com\/fr\/667681\/","title":{"rendered":"Et si la chanteuse Linh repr\u00e9sentait la France \u00e0 l&rsquo;Eurovision 2026 ?"},"content":{"rendered":"<ul class=\"jsx-862013697 ArticleChapo__List\">\n<li class=\"jsx-862013697 ArticleChapo__List_Item flex\">La chanteuse pass\u00e9e par \u00ab\u00a0The Voice\u00a0\u00bb semble bien partie pour succ\u00e9der \u00e0 Louane \u00e0 la t\u00eate de la d\u00e9l\u00e9gation fran\u00e7aise.<\/li>\n<li class=\"jsx-862013697 ArticleChapo__List_Item flex\">\u00ab\u00a02026 s\u2019annonce grandiose\u00a0\u00bb, a-t-elle \u00e9crit sur les r\u00e9seaux sociaux o\u00f9 elle diffuse l\u2019extrait d\u2019une chanson in\u00e9dite, affirmant avoir \u00ab\u00a0un secret\u00a0\u00bb \u00e0 partager.<\/li>\n<\/ul>\n<p data-module=\"article-paragraph\" class=\"jsx-157965717 Paragraph Paragraph__End\">Son nom se fait attendre. \u00c0 quatre mois de la finale de l\u2019Eurovision, qui se tiendra le 16 mai \u00e0 Vienne, la France n\u2019a pas encore communiqu\u00e9 l\u2019identit\u00e9 de l\u2019artiste qui la repr\u00e9sentera lors du concours musical. Plusieurs indices laissent \u00e0 penser qu\u2019il pourrait s\u2019agir d\u2019une chanteuse qui conna\u00eet d\u00e9j\u00e0 bien les rouages du concours pour avoir co-\u00e9crit le titre \u00ab\u00a0Ce monde\u00a0\u00bb avec lequel <a href=\"https:\/\/www.tf1info.fr\/culture\/eurovision-junior-2025-lou-deleuze-gagnante-la-quatrieme-victoire-pour-la-france-resultats-classement-2412606.html\" target=\"_blank\" rel=\"noopener\">Lou Deleuze a remport\u00e9 l\u2019\u00e9dition junior en d\u00e9cembre<\/a>.<\/p>\n<blockquote class=\"jsx-2786790838 Quote__Text\"><p>Alors \u00e0 votre avis, c\u2019est quoi ce secret ?<\/p><\/blockquote>\n<p>Linh<\/p>\n<p data-module=\"article-paragraph\" class=\"jsx-157965717 Paragraph Paragraph__End\">\u00ab\u00a0J\u2019ai longtemps tenu le secret\u2026\u00a0\u00bb, tease Linh dans une vid\u00e9o partag\u00e9e sur Instagram jeudi 15 janvier. Pauline de son vrai pr\u00e9nom, la jeune femme de 30 ans interpr\u00e8te un titre in\u00e9dit faisant \u00e9tat de son \u00e9tendue vocale. \u00ab\u00a0Si tu savais comme je t\u2019aime \/ N\u2019oublie jamais que je t\u2019aime \/ Je t\u2019aimerai demain et je t\u2019aimerai toujours \/ Puis quand viendra la fin \/ Il restera l\u2019amour \/ Je t\u2019aimerai sous l\u2019orage \/ Oui il peut bien tomber \/ J\u2019ai pas peur des nuages \/ J\u2019ai pas peur de t\u2019aimer\u00a0\u00bb, chante-t-elle sur un rythme qui rappelle \u00ab\u00a0Mon amour\u00a0\u00bb de Slimane, <a href=\"https:\/\/www.tf1info.fr\/culture\/musique-record-sur-spotify-tournee-mondiale-slimane-prend-son-envol-a-l-international-apres-l-eurovision-2299459.html\" target=\"_blank\" rel=\"noopener\">qui s\u2019\u00e9tait class\u00e9 quatri\u00e8me il y a deux ans<\/a>. <a href=\"https:\/\/www.tf1info.fr\/culture\/eurovision-2025-louane-decue-mais-fiere-ma-fille-m-a-dit-t-as-pas-gagne-mais-t-as-tres-bien-chante-2372383.html\" target=\"_blank\" rel=\"noopener\">Louane avait termin\u00e9 septi\u00e8me l&rsquo;an dernier<\/a>.<\/p>\n<p data-module=\"article-paragraph\" class=\"jsx-157965717 Paragraph\">R\u00e9v\u00e9l\u00e9e dans la saison 1 de \u00ab\u00a0The Voice\u00a0\u00bb, Linh s\u2019est impos\u00e9e dans le paysage musical fran\u00e7ais l\u2019an dernier l\u2019an dernier avec son single \u00ab\u00a0Je pense \u00e0 vous\u00a0\u00bb, certifi\u00e9 or, soit un \u00e9quivalent de 15 millions de streams. Son morceau \u00ab\u00a0J\u2019avoue\u00a0\u00bb, extrait de son premier album La bo\u00eete \u00e0 musique, conna\u00eet actuellement le m\u00eame succ\u00e8s.\u00a0<\/p>\n<p data-module=\"article-paragraph\" class=\"jsx-157965717 Paragraph Paragraph__End\">\u00ab\u00a02026 s\u2019annonce grandiose avec vous. Alors \u00e0 votre avis, c\u2019est quoi ce secret ?\u00a0\u00bb, demande Linh \u00e0 ses abonn\u00e9s dont elle requiert aussi l\u2019aide pour \u00ab\u00a0trouver un titre \u00e0 cette chanson\u00a0\u00bb qui pourrait l\u2019emmener jusqu\u2019en Autriche. Les internautes en commentaires sont en tout cas persuad\u00e9s.<\/p>\n<p><a href=\"https:\/\/www.tf1info.fr\/culture\/l-eurovision-part-en-tournee-avec-des-icones-du-concours-pour-feter-ses-70-ans-2418881.html\" rel=\"noopener\" class=\"jsx-3308031228 Link flex\" target=\"_blank\"><img decoding=\"async\" src=\"https:\/\/www.europesays.com\/fr\/wp-content\/uploads\/2026\/01\/jj-gagnant-autrichien-eurovision-2025-d052d5-0@1x.jpeg\" alt=\"AFP\" loading=\"lazy\" importance=\"low\" fetchpriority=\"low\" class=\"\" aria-hidden=\"true\"\/><\/p>\n<p class=\"jsx-3657663356 ReadMoreArticle__Title\">Lire aussi<\/p>\n<p class=\"jsx-3657663356\">L&rsquo;Eurovision part en tourn\u00e9e avec \u00ab\u00a0des ic\u00f4nes du concours\u00a0\u00bb pour f\u00eater ses 70 ans<\/p>\n<p><\/a><\/p>\n<p data-module=\"article-paragraph\" class=\"jsx-157965717 Paragraph\">\u00ab\u00a0J\u2019aurais envie d\u2019essayer un jour\u00a0\u00bb, disait-elle en octobre \u00e0 <a href=\"https:\/\/www.chartsinfrance.net\/actualite\/news-134097.html\" target=\"_blank\" rel=\"nofollow noopener\">Purecharts  (nouvelle fen\u00eatre)<\/a>\u00e0 propos de l\u2019Eurovision, indiquant que c\u2019\u00e9tait \u00ab\u00a0quelque chose qui pourrait lui plaire\u00a0\u00bb. \u00ab\u00a0Je sais qu&rsquo;il y a beaucoup de stress et de pression, de ce que j&rsquo;ai entendu et vu, mais je pense que \u00e7a d\u00e9pend aussi de comment on aborde les choses\u00a0\u00bb, ajoutait celle qui \u00e9tait en lice pour <a href=\"https:\/\/www.tf1info.fr\/culture\/direct-video-streaming-gratuit-nrj-music-awards-2025-palmares-suivez-en-direct-la-ceremonie-avec-nous-2403977.html\" target=\"_blank\" rel=\"noopener\">le NRJ Music Awards de la r\u00e9v\u00e9lation francophone f\u00e9minine de l&rsquo;ann\u00e9e (nouvelle fen\u00eatre)<\/a> lors de la derni\u00e8re \u00e9dition.\u00a0<\/p>\n<p data-module=\"article-paragraph\" class=\"jsx-157965717 Paragraph Paragraph__End\">L\u2019organisation de l\u2019Eurovision 2026 a \u00e9t\u00e9 bouscul\u00e9e par le boycott de cinq pays, dont le membre fondateur espagnol, apr\u00e8s le feu vert donn\u00e9 \u00e0 la participation d\u2019Isra\u00ebl. Seuls la G\u00e9orgie, le Mont\u00e9n\u00e9gro et l\u2019Albanie ont pour l\u2019instant d\u00e9sign\u00e9 leurs candidats.<\/p>\n<p>Delphine DE FREITAS<\/p>\n","protected":false},"excerpt":{"rendered":"La chanteuse pass\u00e9e par \u00ab\u00a0The Voice\u00a0\u00bb semble bien partie pour succ\u00e9der \u00e0 Louane \u00e0 la t\u00eate de la&hellip;\n","protected":false},"author":2,"featured_media":107440,"comment_status":"","ping_status":"","sticky":false,"template":"","format":"standard","meta":{"footnotes":""},"categories":[4],"tags":[1111,11,1921,13989,2399,1011,27,12337,1922,664,4501,2041,12,22726,25,9055,3074,133,2040],"class_list":{"0":"post-667681","1":"post","2":"type-post","3":"status-publish","4":"format-standard","5":"has-post-thumbnail","7":"category-france","8":"tag-actu","9":"tag-actualites","10":"tag-article-video","11":"tag-autriche","12":"tag-eurovision","13":"tag-fr","14":"tag-france","15":"tag-georgie","16":"tag-info","17":"tag-israel","18":"tag-louane","19":"tag-medias-et-divertissement","20":"tag-news","21":"tag-nrj-music-awards","22":"tag-republique-francaise","23":"tag-slimane","24":"tag-the-voice","25":"tag-video","26":"tag-video-culture"},"share_on_mastodon":{"url":"https:\/\/pubeurope.com\/@fr\/115904796900983794","error":""},"_links":{"self":[{"href":"https:\/\/www.europesays.com\/fr\/wp-json\/wp\/v2\/posts\/667681","targetHints":{"allow":["GET"]}}],"collection":[{"href":"https:\/\/www.europesays.com\/fr\/wp-json\/wp\/v2\/posts"}],"about":[{"href":"https:\/\/www.europesays.com\/fr\/wp-json\/wp\/v2\/types\/post"}],"author":[{"embeddable":true,"href":"https:\/\/www.europesays.com\/fr\/wp-json\/wp\/v2\/users\/2"}],"replies":[{"embeddable":true,"href":"https:\/\/www.europesays.com\/fr\/wp-json\/wp\/v2\/comments?post=667681"}],"version-history":[{"count":0,"href":"https:\/\/www.europesays.com\/fr\/wp-json\/wp\/v2\/posts\/667681\/revisions"}],"wp:featuredmedia":[{"embeddable":true,"href":"https:\/\/www.europesays.com\/fr\/wp-json\/wp\/v2\/media\/107440"}],"wp:attachment":[{"href":"https:\/\/www.europesays.com\/fr\/wp-json\/wp\/v2\/media?parent=667681"}],"wp:term":[{"taxonomy":"category","embeddable":true,"href":"https:\/\/www.europesays.com\/fr\/wp-json\/wp\/v2\/categories?post=667681"},{"taxonomy":"post_tag","embeddable":true,"href":"https:\/\/www.europesays.com\/fr\/wp-json\/wp\/v2\/tags?post=667681"}],"curies":[{"name":"wp","href":"https:\/\/api.w.org\/{rel}","templated":true}]}}