{"id":667694,"date":"2026-01-16T12:43:10","date_gmt":"2026-01-16T12:43:10","guid":{"rendered":"https:\/\/www.europesays.com\/fr\/667694\/"},"modified":"2026-01-16T12:43:10","modified_gmt":"2026-01-16T12:43:10","slug":"denis-decouvre-des-peintures-oubliees-dun-prisonnier-allemand-de-la-seconde-guerre-mondiale","status":"publish","type":"post","link":"https:\/\/www.europesays.com\/fr\/667694\/","title":{"rendered":"Denis d\u00e9couvre des peintures oubli\u00e9es d\u2019un prisonnier allemand de la Seconde Guerre mondiale"},"content":{"rendered":"<p>                    Par<br \/>\n        <strong><br \/>\n            <a href=\"https:\/\/actu.fr\/auteur\/redaction-pressemanche\" title=\"Consulter tous les articles de R\u00e9daction La Presse de la Manche\" target=\"_blank\" rel=\"noopener\">R\u00e9daction La Presse de la Manche<\/a><br \/>\n                    <\/strong><\/p>\n<p>        Publi\u00e9 le<\/p>\n<p>            16 janv. 2026 \u00e0 10h54        <\/p>\n<p>Le Carentanais <b>Denis B\u00e9jot<\/b> s\u2019est mu\u00e9 en <b>enqu\u00eateur <\/b>pour <b>retrouver l\u2019origine de tableaux trouv\u00e9s dans son grenier<\/b> et les restituer \u00e0 la famille d\u2019un <b>prisonnier allemand, artiste peintre<\/b>.<\/p>\n<p class=\" wall-content\">C\u2019est lors de son <b>d\u00e9m\u00e9nagement <\/b>en 2006 de la r\u00e9gion d\u2019\u00c9pinal, dans les Vosges, vers <a href=\"https:\/\/actu.fr\/normandie\/carentan-les-marais_50099\" target=\"_blank\" rel=\"noopener\">Carentan<\/a> (Manche) que Denis B\u00e9jot a d\u00e9couvert dans son grenier<b> trois tableaux<\/b> qui \u00e9taient<b> stock\u00e9s depuis de nombreuses ann\u00e9es <\/b>et dont il ignorait l\u2019existence.<\/p>\n<blockquote class=\"ac-article-quote wall-content\">\n<p>Nous avions un grand tableau et deux plus petits d\u2019un artiste inconnu. Les dos de ces tableaux \u00e9taient tapiss\u00e9s par des coupures de journaux de l\u2019\u00e9poque et, sur l\u2019un d\u2019eux, un papier d\u00e9passait, qui pouvait \u00eatre l\u2019emballage d\u2019un colis avec l\u2019adresse compl\u00e8te d\u2019un prisonnier allemand de la Seconde Guerre mondiale, avec son num\u00e9ro de matricule.<\/p>\n<p>Denis B\u00e9jot<\/p><\/blockquote>\n<p>Il rencontre le fils du peintre<\/p>\n<p class=\" wall-content\">Denis B\u00e9jot a contact\u00e9 des services allemands afin de trouver la famille de ce prisonnier,<b> Franz Ovenhausen<\/b>, et restituer les tableaux, \u00ab\u2009ce que nous avons pu faire en <b>septembre<\/b>\u00a0<b>2010 <\/b>mais, depuis cette date, nous n\u2019avions plus de nouvelles\u2009\u00bb.<\/p>\n<p>    <img   decoding=\"async\" loading=\"lazy\" class=\"size-large\" src=\"https:\/\/www.europesays.com\/fr\/wp-content\/uploads\/2026\/01\/9d1d5c0957696832d5c095769282d5v-768x640.jpg\" alt=\"Les trois tableaux rendus \u00e0 la famille du peintre allemand.\" width=\"768\" height=\"640\"\/><br \/>\n    Les trois tableaux rendus \u00e0 la famille du peintre allemand. \u00a9Brigitte ACHER<\/p>\n<p class=\" wall-content\">En<b> juin<\/b>\u00a0<b>2024<\/b>, lors des c\u00e9l\u00e9brations du <a href=\"https:\/\/actu.fr\/tag\/80e-anniversaire-du-debarquement\" target=\"_blank\" rel=\"noopener\">80e anniversaire du D\u00e9barquement<\/a>, Denis B\u00e9jot a rencontr\u00e9 un officier allemand, <b>Florian Schleiffer<\/b>, sur le <a href=\"https:\/\/actu.fr\/debarquement\/en-images-parachutages-a-la-fiere-entre-memoire-emotion-et-spectacle-aerien_62746072.html#:~:text=EN%20IMAGES.-,Parachutages%20%C3%A0%20La%20Fi%C3%A8re%20%3A%20entre%20m%C3%A9moire%2C%20%C3%A9motion%20et%20spectacle%20a%C3%A9rien,81e%20anniversaire%20du%20D%2DDay.\" target=\"_blank\" rel=\"noopener\">lieu de parachutage de La Fi\u00e8re<\/a>. Il lui a parl\u00e9 de ces peintures.<\/p>\n<p>Vid\u00e9os : en ce moment sur Actu<\/p>\n<blockquote class=\"ac-article-quote wall-content\">\n<p>Cette personne s\u2019est port\u00e9e volontaire pour effectuer une relance aupr\u00e8s de la famille et, apr\u00e8s quelques courriels \u00e9chang\u00e9s, la famille Ovenhausen est venue \u00e0 Carentan pour les c\u00e9r\u00e9monies du 6\u00a0juin. Nous avons fait la connaissance du fils du peintre et de son cousin mais le contact a \u00e9t\u00e9 court et nous n\u2019avons pas pu vraiment conna\u00eetre l\u2019histoire de la famille.<\/p>\n<p>Denis B\u00e9jot<\/p><\/blockquote>\n<p class=\" wall-content\">Ce qu\u2019il a pu apprendre est extrait des<b> m\u00e9moires et lettres <\/b>de Franz et de son fr\u00e8re, Albert Ovenhausen, retrouv\u00e9es dans les <b>archives familiales<\/b>.<\/p>\n<p>Votre r\u00e9gion, votre actu !<\/p>\n<p>Recevez chaque jour les infos qui comptent pour vous.<\/p>\n<p>\t<a href=\"https:\/\/actu.fr\/newsletter\" class=\"ac-btn ac-btn--corner ac-btn--medium ac-btn--blue800\" target=\"_blank\" rel=\"noopener\">S&rsquo;incrire<\/a><\/p>\n<p class=\" wall-content\">Franz,<b> n\u00e9 en 1908<\/b>, \u00e9tait<b> fils d\u2019un photographe<\/b>. Il aimait <b>dessiner et peindre<\/b>. Il a \u00e9t\u00e9<b> enr\u00f4l\u00e9 dans la Wehrmacht en 1940<\/b> malgr\u00e9 son \u00e2ge assez avanc\u00e9 et affect\u00e9 \u00e0 une division allemande en Yougoslavie en qualit\u00e9 de photographe au sein de l\u2019\u00c9tat-Major.<\/p>\n<p class=\" wall-content\"><b>Fait prisonnier par les Am\u00e9ricains<\/b>, il\u00a0fut emprisonn\u00e9 \u00e0 \u00c9pinal. Employ\u00e9 sur de chantiers de d\u00e9minage, il <b>peignait des tableaux pendant ses moments libres <\/b>\u00ab\u2009en \u00e9change de tabac\u2009\u00bb. Il \u00e9crit \u00e0 ses parents\u2009: \u00ab\u2009J\u2019ai r\u00e9alis\u00e9 ma premi\u00e8re aquarelle \u00e0 l\u2019eau depuis 20\u00a0ans. \u00c7a marche bien, j\u2019ai d\u00e9j\u00e0 des commandes.\u2009\u00bb<\/p>\n<p class=\" wall-content\">Denis B\u00e9jot <b>souhaite retrouver d\u2019autres tableaux peints <\/b>par cet artiste et mieux conna\u00eetre son parcours.<\/p>\n<p class=\" wall-content\"><b>De notre correspondante Brigitte ACHER<\/b><\/p>\n<p class=\" wall-content\">Personnalisez votre actualit\u00e9 en ajoutant vos villes et m\u00e9dias en favori avec <a href=\"https:\/\/moncompte.actu.fr\" title=\"D\u00e9couvez Mon Actu\" rel=\"nofollow noopener\" data-trk=\"{&quot;cta&quot;:{&quot;action&quot;:&quot;https:\\\/\\\/moncompte.actu.fr&quot;,&quot;category&quot;:&quot;mon compte&quot;,&quot;from&quot;:&quot;article footer&quot;,&quot;name&quot;:&quot;Mon actu&quot;,&quot;type&quot;:&quot;cta&quot;}}\" target=\"_blank\">Mon Actu<\/a>.<\/p>\n","protected":false},"excerpt":{"rendered":"Par R\u00e9daction La Presse de la Manche Publi\u00e9 le 16 janv. 2026 \u00e0 10h54 Le Carentanais Denis B\u00e9jot&hellip;\n","protected":false},"author":2,"featured_media":667695,"comment_status":"","ping_status":"","sticky":false,"template":"","format":"standard","meta":{"footnotes":""},"categories":[1358],"tags":[1348,1384,1385,3168,1386,58,59,1011,27,1652,935],"class_list":{"0":"post-667694","1":"post","2":"type-post","3":"status-publish","4":"format-standard","5":"has-post-thumbnail","7":"category-arts-et-design","8":"tag-arts","9":"tag-arts-and-design","10":"tag-arts-et-design","11":"tag-cotentin","12":"tag-design","13":"tag-divertissement","14":"tag-entertainment","15":"tag-fr","16":"tag-france","17":"tag-loisirs-culture","18":"tag-seconde-guerre-mondiale"},"share_on_mastodon":{"url":"https:\/\/pubeurope.com\/@fr\/115904839923918264","error":""},"_links":{"self":[{"href":"https:\/\/www.europesays.com\/fr\/wp-json\/wp\/v2\/posts\/667694","targetHints":{"allow":["GET"]}}],"collection":[{"href":"https:\/\/www.europesays.com\/fr\/wp-json\/wp\/v2\/posts"}],"about":[{"href":"https:\/\/www.europesays.com\/fr\/wp-json\/wp\/v2\/types\/post"}],"author":[{"embeddable":true,"href":"https:\/\/www.europesays.com\/fr\/wp-json\/wp\/v2\/users\/2"}],"replies":[{"embeddable":true,"href":"https:\/\/www.europesays.com\/fr\/wp-json\/wp\/v2\/comments?post=667694"}],"version-history":[{"count":0,"href":"https:\/\/www.europesays.com\/fr\/wp-json\/wp\/v2\/posts\/667694\/revisions"}],"wp:featuredmedia":[{"embeddable":true,"href":"https:\/\/www.europesays.com\/fr\/wp-json\/wp\/v2\/media\/667695"}],"wp:attachment":[{"href":"https:\/\/www.europesays.com\/fr\/wp-json\/wp\/v2\/media?parent=667694"}],"wp:term":[{"taxonomy":"category","embeddable":true,"href":"https:\/\/www.europesays.com\/fr\/wp-json\/wp\/v2\/categories?post=667694"},{"taxonomy":"post_tag","embeddable":true,"href":"https:\/\/www.europesays.com\/fr\/wp-json\/wp\/v2\/tags?post=667694"}],"curies":[{"name":"wp","href":"https:\/\/api.w.org\/{rel}","templated":true}]}}