{"id":667710,"date":"2026-01-16T12:52:11","date_gmt":"2026-01-16T12:52:11","guid":{"rendered":"https:\/\/www.europesays.com\/fr\/667710\/"},"modified":"2026-01-16T12:52:11","modified_gmt":"2026-01-16T12:52:11","slug":"john-cockerill-et-daimler-vont-fournir-7000-camions-a-larmee-francaise-le-figaro","status":"publish","type":"post","link":"https:\/\/www.europesays.com\/fr\/667710\/","title":{"rendered":"John Cockerill et Daimler vont fournir 7000 camions \u00e0 l&#039;arm\u00e9e fran\u00e7aise &#8211; Le Figaro"},"content":{"rendered":"<ol>\n<li><a href=\"https:\/\/news.google.com\/rss\/articles\/CBMivgFBVV95cUxNdjF6X01KMHRjTFBXVm13aFUzVTBBZjVySzF1SEx0V1FSTmFNRFVVcUpZdlY5RWk4UXk2VXFmOFJBU2hJcldrek9YWFkyQXFhOW81WlRHV2FGVVRqTGVxQVl6NFBSNDNVa3ZKV1Vrc01VNHE2end2Nk5TWWZRYmlzSmNJVmJhVURYRDhKam81VW1wVGZab3I5OUxJNnMzZVVLaEdhZk5vQXNwaUU3OV83M21uT1dETmNEbDdiTWJR?oc=5\" target=\"_blank\" rel=\"noopener\">John Cockerill et Daimler vont fournir 7000 camions \u00e0 l&rsquo;arm\u00e9e fran\u00e7aise<\/a>&nbsp;&nbsp;Le Figaro<\/li>\n<li><a href=\"https:\/\/news.google.com\/rss\/articles\/CBMiqAJBVV95cUxOc2RIcjV6NzRNVzlIbGdlb2lrYWVGMjBtMW94SkRUZTA5TF9DcHpPVHQ5QnAzRjM4UnhKRHltTzFqMk1SejBxVUwxUEpjTHFFcjE1c05HRVF0TDZucXd5YWVzRDZzMExRNlFDVDlieGd0SThPc05jR3N6enhaM21jNnFpWWRMbnZEYjZFSmFJVzFkZGNURFVYOXpkVDA1WG1fNDFtNERuS3pXcW9tTXRZWkcxUVM3ckNPRlJDS3J6Y0ZJdVRndF9zMUdfZkhtNVIwV0lUalpUcjZoZmR6Y3BMX0NUNkRIQW9CZy1IWkc5dVdvWERHY0hOSUN0cGhIdk14TS1jRFM4QTB5S0hVazBBM3pwQ2d2a01aT0gtYU4xSEdOb0thZ0FLVQ?oc=5\" target=\"_blank\" rel=\"noopener\">Un contrat majeur de 2 milliards d\u2019euros : l\u2019arm\u00e9e de terre va acheter 7000 camions logistiques \u00e0 Arquus et Daimler Trucks<\/a>&nbsp;&nbsp;L&rsquo;Usine Nouvelle<\/li>\n<li><a href=\"https:\/\/news.google.com\/rss\/articles\/CBMivwFBVV95cUxPQUd2SGM5Vlh0bVlFdGwtUjVxS0Y1SHlUdi1kc3RXOUY5OURVcGFhS3Vwb0RHTm1uc1c5M1RlYnFpRENRWlpnNjNKMjlqSTZTbUN2T1FEOFNzejJnRHd3Ri1tcW1EYkJWcTBUU3BqRm5YZ2ROb19JTkJteFkzWk5LTi1SVHVlODd1MGMyV1pjeXRVUy1yajI3LXpQY251bktZTnZveGRTNmt4OGNJaEJxTGNWc3FyanhFX0t1Ni00aw?oc=5\" target=\"_blank\" rel=\"noopener\">Le Zetros d\u2019Arquus et Daimler Benz a bien \u00e9t\u00e9 retenu pour \u00e9quiper l\u2019arm\u00e9e fran\u00e7aise<\/a>&nbsp;&nbsp;Lignes de d\u00e9fense<\/li>\n<li><a href=\"https:\/\/news.google.com\/rss\/articles\/CBMiugFBVV95cUxNZ3RIVktoMEpEUGsyWlRvXy1tZXNNeTcwSlF5YjlXVTZRWWZFOEJaYU01MGp2OVMyc1lyQTRONkZONHpmUVN3WkhIYVlqbHNURjh5Q0hUZXM0T29lbGNPZS1GSG1qNzd6cWQ4Mk8wajYzbXdhY3lrRWE0Vm9OVHN1OXdaOU5xdHFzZnUtN0RsZElSc2tlTmlfMnVIN2d5clRsRFpXRnYxeU9oX0JoVEtVUUhZbE9zT1BFVkE?oc=5\" target=\"_blank\" rel=\"noopener\">Gros contrat confirm\u00e9 pour Arquus, notamment bas\u00e9 \u00e0 Limoges<\/a>&nbsp;&nbsp;Le Populaire du Centre<\/li>\n<li><a href=\"https:\/\/news.google.com\/rss\/articles\/CBMimAJBVV95cUxQZ0pwbUowWUctZG04R1dtZmpyQ2ttSEEwUjJWUjgtRXo4V0dxUEtQTjVWdlJyR0JabTV2Xzk3RU4ydHk1LVBhbkoxNXpLb281bXcwNVExVzJRbkl4bWdvc2lydG9HSVZobkl2OFBqZVZPOTVIQ2pZLUFlcUo0d3E4QnlEMmRvRjcwcHVTYVBRWFYzbDBrZUxkNUJqbDRNM3AtUXlweFZGcmNGam5rT1dNRnoyaEdfdHZtblFYMU45TS1PTFNRaEwxajNmVFVSV1UtbWtYOWlsaGtnY0FRbE1ndUkwU2tWbWtWVjNqZ3NEa2g2MzZmaWJQUDlhaW4zOC1hVkFmRFlOWVZndk9ub1QwZGRCamszeGVE?oc=5\" target=\"_blank\" rel=\"noopener\">Les constructeurs fran\u00e7ais Arquus et l\u2019allemand Daimler vont livrer 7.000 camions destin\u00e9s au combat \u00e0 haute intensit\u00e9 \u00e0 l\u2019arm\u00e9e fran\u00e7aise<\/a>&nbsp;&nbsp;Nice-Matin<\/li>\n<\/ol>\n","protected":false},"excerpt":{"rendered":"John Cockerill et Daimler vont fournir 7000 camions \u00e0 l&rsquo;arm\u00e9e fran\u00e7aise&nbsp;&nbsp;Le Figaro Un contrat majeur de 2 milliards&hellip;\n","protected":false},"author":2,"featured_media":667711,"comment_status":"","ping_status":"","sticky":false,"template":"","format":"standard","meta":{"footnotes":""},"categories":[6],"tags":[33183,35,76787,33,34,1011,27],"class_list":{"0":"post-667710","1":"post","2":"type-post","3":"status-publish","4":"format-standard","5":"has-post-thumbnail","7":"category-economie","8":"tag-armee-francaise","9":"tag-business","10":"tag-daimler","11":"tag-economie","12":"tag-economy","13":"tag-fr","14":"tag-france"},"share_on_mastodon":{"url":"https:\/\/pubeurope.com\/@fr\/115904875301306382","error":""},"_links":{"self":[{"href":"https:\/\/www.europesays.com\/fr\/wp-json\/wp\/v2\/posts\/667710","targetHints":{"allow":["GET"]}}],"collection":[{"href":"https:\/\/www.europesays.com\/fr\/wp-json\/wp\/v2\/posts"}],"about":[{"href":"https:\/\/www.europesays.com\/fr\/wp-json\/wp\/v2\/types\/post"}],"author":[{"embeddable":true,"href":"https:\/\/www.europesays.com\/fr\/wp-json\/wp\/v2\/users\/2"}],"replies":[{"embeddable":true,"href":"https:\/\/www.europesays.com\/fr\/wp-json\/wp\/v2\/comments?post=667710"}],"version-history":[{"count":0,"href":"https:\/\/www.europesays.com\/fr\/wp-json\/wp\/v2\/posts\/667710\/revisions"}],"wp:featuredmedia":[{"embeddable":true,"href":"https:\/\/www.europesays.com\/fr\/wp-json\/wp\/v2\/media\/667711"}],"wp:attachment":[{"href":"https:\/\/www.europesays.com\/fr\/wp-json\/wp\/v2\/media?parent=667710"}],"wp:term":[{"taxonomy":"category","embeddable":true,"href":"https:\/\/www.europesays.com\/fr\/wp-json\/wp\/v2\/categories?post=667710"},{"taxonomy":"post_tag","embeddable":true,"href":"https:\/\/www.europesays.com\/fr\/wp-json\/wp\/v2\/tags?post=667710"}],"curies":[{"name":"wp","href":"https:\/\/api.w.org\/{rel}","templated":true}]}}