{"id":66772,"date":"2025-05-01T11:30:13","date_gmt":"2025-05-01T11:30:13","guid":{"rendered":"https:\/\/www.europesays.com\/fr\/66772\/"},"modified":"2025-05-01T11:30:13","modified_gmt":"2025-05-01T11:30:13","slug":"aubin-sparfel-renverser-la-vapeur-actualite","status":"publish","type":"post","link":"https:\/\/www.europesays.com\/fr\/66772\/","title":{"rendered":"Aubin Sparfel : \u00ab Renverser la vapeur \u00bb &#8211; Actualit\u00e9"},"content":{"rendered":"<p style=\"text-align: justify;\">Apr\u00e8s avoir attaqu\u00e9 durant les quatre premi\u00e8res \u00e9tapes du Tour de Bretagne (<strong><a href=\"https:\/\/www.directvelo.com\/actualite\/120263\/aubin-sparfel-des-attaques-dans-tous-les-sens\" target=\"_blank\" rel=\"noopener\">lire ici<\/a><\/strong>), Aubin Sparfel s\u2019est cette fois-ci distingu\u00e9 au sprint, ce mercredi, lors du sixi\u00e8me acte (<strong><a href=\"https:\/\/www.directvelo.com\/actualite\/120152\/tour-de-bretagne-et-6-classements\" target=\"_blank\" rel=\"noopener\">voir classement<\/a><\/strong>). Il a laiss\u00e9 le soin \u00e0 son co\u00e9quipier Antoine L\u2019hote de tenter sa chance sur le circuit final. \u201cJ&rsquo;esp\u00e9rais quand m\u00eame attaquer. Malheureusement, je voyais que \u00e7a revenait tout le temps dans la descente, donc je suis rest\u00e9 calme. Avec une arriv\u00e9e punchy et dure comme \u00e7a, je pouvais jouer quelque chose\u201c, explique au micro de DirectVelo le pensionnaire de Decathlon AG2R La Mondiale DT.<\/p>\n<p>Le coureur, qui f\u00eatera ses 19 ans ce samedi, n\u2019a \u00e9t\u00e9 devanc\u00e9 que par le Britannique Noah Hobbs (EF Education-Aevolo). \u201cLouic (Boussemaere) m&rsquo;a aid\u00e9 dans le final et dans la derni\u00e8re bosse pour bien me placer et revenir sur les petits groupes qui \u00e9taient devant nous. Ensuite, je me suis d\u00e9brouill\u00e9 pour mon sprint. Malheureusement, quand Noah Hobbs sort, je suis coinc\u00e9 aux 300 m\u00e8tres entre Emmanuel Houcou et le mec d\u2019Astana (Ivan Smirnov, NDLR). \u00c7a a jou\u00e9 un peu des coudes, donc j&rsquo;ai perdu quelques m\u00e8tres. Ensuite, j&rsquo;arrive \u00e0 revenir assez fort, mais l&rsquo;\u00e9cart \u00e9tait d\u00e9j\u00e0 fait, c&rsquo;\u00e9tait impossible de remonter. Cependant, j\u2019arrive \u00e0 terminer 2e, donc je suis quand m\u00eame satisfait\u201c.<\/p>\n<p>Avec les six secondes de bonification r\u00e9cup\u00e9r\u00e9es, l\u2019Espoir 1 se rapproche \u00e0 14 secondes du leader Felix-Orn Kristoff (Wanty-Nipo-ReUz) et monte m\u00eame sur le podium au g\u00e9n\u00e9ral, en raison des 20 secondes de p\u00e9nalit\u00e9 inflig\u00e9es \u00e0 l\u2019ancien 2e, Jackson Medway (Tudor U23), pour abri prolong\u00e9 derri\u00e8re la voiture de son directeur sportif. Mais Aubin Sparfel ne compte pas en rester l\u00e0. \u201cLe podium n\u2019est pas l\u2019objectif. Je pense \u00e0 la victoire. Le but est de renverser la vapeur. J\u2019ai vu que la derni\u00e8re \u00e9tape \u00e9tait tr\u00e8s dure\u201c. R\u00e9ponse ce jeudi entre Land\u00e9bia et Planco\u00ebt (C\u00f4tes d&rsquo;Armor).<\/p>\n","protected":false},"excerpt":{"rendered":"Apr\u00e8s avoir attaqu\u00e9 durant les quatre premi\u00e8res \u00e9tapes du Tour de Bretagne (lire ici), Aubin Sparfel s\u2019est cette&hellip;\n","protected":false},"author":2,"featured_media":66773,"comment_status":"","ping_status":"","sticky":false,"template":"","format":"standard","meta":{"footnotes":""},"categories":[1411],"tags":[834,828,836,829,837,827,83,826,824,823,1154,207,814,817,815,816,822,821,832,211,839,1011,27,820,818,819,835,831,830,833,838,60,212,208,825],"class_list":{"0":"post-66772","1":"post","2":"type-post","3":"status-publish","4":"format-standard","5":"has-post-thumbnail","7":"category-cyclisme","8":"tag-attaque","9":"tag-belgique","10":"tag-braquet","11":"tag-bretagne","12":"tag-chute","13":"tag-competition","14":"tag-coupe-de-france","15":"tag-coureur","16":"tag-course-cyclisme","17":"tag-course-cycliste","18":"tag-cycling","19":"tag-cyclisme","20":"tag-direct","21":"tag-direct-velo","22":"tag-directvelo","23":"tag-directvelo-com","24":"tag-epreuve","25":"tag-epreuve-cycliste","26":"tag-federation-francaise-de-cyclisme","27":"tag-ffc","28":"tag-flandres","29":"tag-fr","30":"tag-france","31":"tag-live","32":"tag-live-course","33":"tag-live-epreuve","34":"tag-peloton","35":"tag-radio-peloton","36":"tag-radio-tour","37":"tag-ravitaillement","38":"tag-relance","39":"tag-sports","40":"tag-uci","41":"tag-velo","42":"tag-velos"},"share_on_mastodon":{"url":"https:\/\/pubeurope.com\/@fr\/114432352173812514","error":""},"_links":{"self":[{"href":"https:\/\/www.europesays.com\/fr\/wp-json\/wp\/v2\/posts\/66772","targetHints":{"allow":["GET"]}}],"collection":[{"href":"https:\/\/www.europesays.com\/fr\/wp-json\/wp\/v2\/posts"}],"about":[{"href":"https:\/\/www.europesays.com\/fr\/wp-json\/wp\/v2\/types\/post"}],"author":[{"embeddable":true,"href":"https:\/\/www.europesays.com\/fr\/wp-json\/wp\/v2\/users\/2"}],"replies":[{"embeddable":true,"href":"https:\/\/www.europesays.com\/fr\/wp-json\/wp\/v2\/comments?post=66772"}],"version-history":[{"count":0,"href":"https:\/\/www.europesays.com\/fr\/wp-json\/wp\/v2\/posts\/66772\/revisions"}],"wp:featuredmedia":[{"embeddable":true,"href":"https:\/\/www.europesays.com\/fr\/wp-json\/wp\/v2\/media\/66773"}],"wp:attachment":[{"href":"https:\/\/www.europesays.com\/fr\/wp-json\/wp\/v2\/media?parent=66772"}],"wp:term":[{"taxonomy":"category","embeddable":true,"href":"https:\/\/www.europesays.com\/fr\/wp-json\/wp\/v2\/categories?post=66772"},{"taxonomy":"post_tag","embeddable":true,"href":"https:\/\/www.europesays.com\/fr\/wp-json\/wp\/v2\/tags?post=66772"}],"curies":[{"name":"wp","href":"https:\/\/api.w.org\/{rel}","templated":true}]}}