{"id":667728,"date":"2026-01-16T13:02:14","date_gmt":"2026-01-16T13:02:14","guid":{"rendered":"https:\/\/www.europesays.com\/fr\/667728\/"},"modified":"2026-01-16T13:02:14","modified_gmt":"2026-01-16T13:02:14","slug":"quels-sont-les-evenements-et-les-actions-solidaires-du-secours-populaire","status":"publish","type":"post","link":"https:\/\/www.europesays.com\/fr\/667728\/","title":{"rendered":"quels sont les \u00e9v\u00e9nements et les actions solidaires du Secours Populaire\u00a0?"},"content":{"rendered":"<p>                    Par<br \/>\n        <strong><br \/>\n            <a href=\"https:\/\/actu.fr\/auteur\/jm-aubert\" title=\"Consulter tous les articles de Jean-Marc Aubert\" target=\"_blank\" rel=\"noopener\">Jean-Marc Aubert<\/a><br \/>\n                    <\/strong><\/p>\n<p>        Publi\u00e9 le<\/p>\n<p>            16 janv. 2026 \u00e0 13h27        <\/p>\n<p>La campagne nationale de collecte du <strong>Secours Populaire\u00a0fran\u00e7ais<\/strong> se d\u00e9cline dans l\u2019<strong>H\u00e9rault<\/strong> jusqu\u2019au 27 mars 2026. Baptis\u00e9e Don\u2019Actions, elle est\u00a0essentielle pour permettre \u00e0 l\u2019association de poursuivre ses actions de solidarit\u00e9 en France et dans le monde.<\/p>\n<p class=\" wall-content\">Le coup d\u2019envoi officiel a \u00e9t\u00e9 donn\u00e9 ce samedi 10 janvier avec une grande mobilisation des b\u00e9n\u00e9voles-collecteurs partout en France. \u00ab\u00a0Dans l\u2019H\u00e9rault, nous sommes pr\u00e9sent sur de nombreux \u00e9v\u00e8nements, dont l\u2019Open de tennis Occitanie, aux abords de spectacles et sur des initiatives organis\u00e9es par nos structures.\u00a0Les tickets sont disponibles dans tous les comit\u00e9s et antennes\u00a0\u00bb, indique le Secours Populaire de l\u2019H\u00e9rault.<\/p>\n<p>Tickets-dons \u00e0 2\u20ac<\/p>\n<p class=\" wall-content\">Le principe est simple : en achetant des <strong>tickets-dons \u00e0 2 euros,<\/strong> vous soutenez le Secours populaire, tout en participant \u00e0 un jeu solidaire avec de nombreux lots \u00e0 gagner, dont un v\u00e9lo \u00e9lectrique d\u2019une valeur de 3 740 euros et des s\u00e9jours en village vacances.\u00a0Des lots sp\u00e9ciaux sont mis en jeu pour l\u2019H\u00e9rault.<\/p>\n<p class=\" wall-content\">Dans un contexte de crise sociale o\u00f9 les demandes d\u2019aide ne cessent d\u2019augmenter, chaque don compte. Comme le rappelle le slogan de cette campagne : #PasdActionSansDon \u2014 donnez au Secours populaire les moyens d\u2019agir.<\/p>\n<p>Le D\u00e9fi des Cistes et des Cannel\u00e9s<\/p>\n<p class=\" wall-content\">Cette ann\u00e9e, le Secours Populaire de l\u2019H\u00e9rault et celui de la Gironde ont \u00e9t\u00e9 choisis comme associations b\u00e9n\u00e9ficiaires de la <strong>7\u00e8me \u00e9dition du D\u00e9fi des Cistes et des Cannel\u00e9s<\/strong>.\u00a0De quoi s\u2019agit-il ? Organis\u00e9 par le MHR Solidaire en partenariat avec le fonds de dotation de l\u2019Union Bordeaux B\u00e8gles, ce d\u00e9fi cycliste solidaire reliera Montpellier \u00e0 Bordeaux du 21 au 25 avril 2026.\u00a0<\/p>\n<p>Vid\u00e9os : en ce moment sur Actu<\/p>\n<p class=\" wall-content\">Au programme : 498 km et 4 930 m de d\u00e9nivel\u00e9 positif \u00e0 travers des paysages magnifiques \u2013 les Monts d\u2019Orb, Cordes-sur-Ciel, Saint-Cirq-Lapopie, Rocamadour et les vignobles de Saint-\u00c9milion.<\/p>\n<p class=\" wall-content\">Par ailleurs, l\u00a0\u00bbobjectif solidaire est de financer le<strong>s Journ\u00e9es des Oubli\u00e9s des Vacances<\/strong>. Avec un don de 30 \u20ac, un enfant peut profiter d\u2019une journ\u00e9e inoubliable \u00e0 la mer ou dans un parc de loisirs. L\u2019ambition : offrir ce bonheur \u00e0 1 000 enfants cet \u00e9t\u00e9.<\/p>\n<p>Votre r\u00e9gion, votre actu !<\/p>\n<p>Recevez chaque jour les infos qui comptent pour vous.<\/p>\n<p>\t<a href=\"https:\/\/actu.fr\/newsletter\" class=\"ac-btn ac-btn--corner ac-btn--medium ac-btn--blue800\" target=\"_blank\" rel=\"noopener\">S&rsquo;incrire<\/a><\/p>\n<p class=\" wall-content\">Enfin, le Secours Populaire de l\u2019H\u00e9rault recherche des participants et des partenaires et donateurs : soutenez les cyclistes engag\u00e9s et b\u00e9n\u00e9ficiez d\u2019avantages fiscaux : 66 % pour les particuliers, 60 % pour les entreprises.\u00a0Depuis sa cr\u00e9ation, ce d\u00e9fi a permis de reverser 160 500 \u20ac \u00e0 des associations.<\/p>\n<p>Concert, formation, Solidaribus, tombola<\/p>\n<p class=\" wall-content\">Ce dimanche 18 janvier, \u00e9v\u00e8nement \u00e0 Montpellier au profit du Secours Populaire fran\u00e7ais par L\u2019\u00c9cho des coeurs de Lansargues, avec un<strong> concert.<\/strong>\u00a0La solidarit\u00e9 se chante \u00e0 plusieurs voix.\u00a0Les fonds r\u00e9colt\u00e9s permettront au Secours Populaire d\u2019accompagner les personnes en difficult\u00e9, ici comme ailleurs. Ce concert aura lieu \u00e0 16h, la Maison des Choeurs, place Albert 1er \u00e0 Montpellier. Station Albert 1er lignes 1 et 4 de tramway. R\u00e9servations ici :\u00a0<a href=\"https:\/\/www.helloasso.com\/associations\/federation-de-l-herault-du-secours-populaire-francais\/evenements\/concert-au-profit-du-secours-populaire-a-montpellier\" target=\"_blank\" rel=\"noopener\">https:\/\/www.helloasso.com\/associations\/federation-de-l-herault-du-secours-populaire-francais\/evenements\/concert-au-profit-du-secours-populaire-a-montpellier<\/a><\/p>\n<p class=\" wall-content\"><strong>Formation AOC : <\/strong>mardi 27 et mercredi 28 janvier, formation pour approfondir les connaissances sur le Secours Populaire : ma\u00eetriser les fondamentaux : valeurs, missions, orientations et fonctionnement d\u00e9mocratique ; pour pouvoir informer au mieux les personnes accueillies dans notre association et prendre des responsabilit\u00e9s dans les instances.<\/p>\n<p class=\" wall-content\"><strong>Solidaribus :<\/strong> jeudi 29 janvier 2026, passage du Solidaribus, le camion itin\u00e9rant de solidarit\u00e9 dans les villages de Graissessac et de Camplong dans les hauts cantons de l\u2019H\u00e9rault.<\/p>\n<p class=\" wall-content\"><strong>Tombola<\/strong> : vendredi 6 f\u00e9vrier, dans le cadre du Don\u2019actions 2026 et de l\u2019Open d\u2019Occitanie, jeu solidaire pour gagner 2 raquettes de tennis d\u00e9dicac\u00e9es. 1 ticket = 3 chances de gagner.\u00a02\u20ac le ticket pour cette participation solidaire.<\/p>\n<p class=\" wall-content\"><strong>Info d\u00e9couverte<\/strong> : lundi 5 f\u00e9vrier, une session d\u2019information pour les nouveaux b\u00e9n\u00e9voles.\u00a0Contact\/renseignements et inscriptions par mail <a href=\"https:\/\/actu.fr\/cdn-cgi\/l\/email-protection\" class=\"__cf_email__\" data-cfemail=\"01676e736c6075686e6f4172716732352f6e7366\" target=\"_blank\" rel=\"noopener\">[email\u00a0protected]<\/a>. Ou par tel\u00a006 95 98 35 32.<\/p>\n<p>\u00ab\u00a0Nous b\u00e2tissons des ponts\u00a0\u00bb<\/p>\n<p class=\" wall-content\">2025 fut une ann\u00e9e de solidarit\u00e9, de mobilisation et d\u2019initiatives mises en place, pour un monde plus juste et plus solidaire. \u00ab\u00a0L\u00e0 o\u00f9 certains veulent dresser des barri\u00e8res, nous, nous b\u00e2tissons des ponts. Ce qui nous rassemble, c\u2019est la solidarit\u00e9 comme moteur, le partage comme boussole, la justice comme horizon.\u00a02026, marque le 90\u1d49 anniversaire des cong\u00e9s pay\u00e9s, un symbole fort : le droit aux vacances existe, mais trop d\u2019enfants n\u2019en voient que l\u2019ombre. D\u00e9couvrir le monde ne doit pas rester un privil\u00e8ge, mais \u00eatre accessible \u00e0 toutes et tous. Les vacances sont des temps de respiration, d\u2019\u00e9mancipation et d\u2019ouverture des horizons, essentiels pour grandir et apprendre autrement. Nous souhaitons agir : donner la voix \u00e0 l\u2019espoir, \u00eatre un rempart contre l\u2019indiff\u00e9rence, tracer des chemins pour que chacune et chacun trouve sa place dans notre soci\u00e9t\u00e9. Parce que chaque geste de soutien, chaque sourire rendu, chaque moment de solidarit\u00e9 efface un peu de ce qui divise.\u00a0Ensemble, agissons pour un monde plus juste et plus solidaire\u00a0\u00bb, souligne le Secours Populaire de l\u2019H\u00e9rault.<\/p>\n<p>Un nouveau parvis \u00e0 Montpellier<\/p>\n<p class=\" wall-content\">Jeudi 8 janvier 2026, \u00e0 16h30, a eu lieu l\u2019<a href=\"https:\/\/actu.fr\/occitanie\/montpellier_34172\/montpellier-un-nouveau-parvis-a-hauteur-d-enfant-inaugure-a-la-pompignane_63676389.html\" target=\"_blank\" rel=\"noopener\">inauguration du nouveau parvis du groupe scolaire Jean Zay \/ Sergue\u00ef Prokofiev,<\/a> situ\u00e9 dans le quartier de la Pompignane \u00e0 Montpellier, en hommage \u00e0 Julien Laupr\u00eatre, qui fut pr\u00e9sident du Secours Populaire fran\u00e7ais.\u00a0Cette d\u00e9nomination rev\u00eat une importance particuli\u00e8re, puisqu\u2019elle inscrit durablement la m\u00e9moire de Julien Laupr\u00eatre dans l\u2019espace public, et donne envie aux enfants de d\u00e9couvrir qui \u00e9tait cette personne dont ils voient le nom.\u00a0Quelques jours avant, une sensibilisation Copain Du Monde et solidarit\u00e9 avait \u00e9t\u00e9 organis\u00e9e aupr\u00e8s des classes de l\u2019\u00e9cole primaire.\u00a0<\/p>\n<p class=\" wall-content\">Pour cl\u00f4turer l\u2019ann\u00e9e 2025, le 14 d\u00e9cembre, la Salle des Rencontres de l\u2019H\u00f4tel de Ville de Montpellier s\u2019est transform\u00e9e en un lieu de partage et de convivialit\u00e9.\u00a0Ap\u00e9ritif, menu de f\u00eate, animations musicales, ateliers cr\u00e9atifs pour les enfants\u2026 Un moment chaleureux pour c\u00e9l\u00e9brer ensemble les f\u00eates de fin d\u2019ann\u00e9e, dans l\u2019esprit des P\u00e8res No\u00ebl verts du Secours populaire. Une forte activit\u00e9 solidaire \u00e0 louer pour celles et ceux qui sont \u00e0 la t\u00eate du Secours Populaire de l\u2019H\u00e9rault.<\/p>\n<p>&gt; Secours Populaire de l\u2019H\u00e9rault, centre commercial Saint Martin,\u00a03 rue des Catalpas. Mail :\u00a0<a href=\"https:\/\/actu.fr\/cdn-cgi\/l\/email-protection\" class=\"__cf_email__\" data-cfemail=\"3a5955544e5b594e7a494a5c090e1455485d\" target=\"_blank\" rel=\"noopener\">[email\u00a0protected]<\/a> \/ Tel\u00a004 99 74 23 80<\/p>\n<p class=\" wall-content\">Personnalisez votre actualit\u00e9 en ajoutant vos villes et m\u00e9dias en favori avec <a href=\"https:\/\/moncompte.actu.fr\" title=\"D\u00e9couvez Mon Actu\" rel=\"nofollow noopener\" data-trk=\"{&quot;cta&quot;:{&quot;action&quot;:&quot;https:\\\/\\\/moncompte.actu.fr&quot;,&quot;category&quot;:&quot;mon compte&quot;,&quot;from&quot;:&quot;article footer&quot;,&quot;name&quot;:&quot;Mon actu&quot;,&quot;type&quot;:&quot;cta&quot;}}\" target=\"_blank\">Mon Actu<\/a>.<\/p>\n","protected":false},"excerpt":{"rendered":"Par Jean-Marc Aubert Publi\u00e9 le 16 janv. 2026 \u00e0 13h27 La campagne nationale de collecte du Secours Populaire\u00a0fran\u00e7ais&hellip;\n","protected":false},"author":2,"featured_media":667729,"comment_status":"","ping_status":"","sticky":false,"template":"","format":"standard","meta":{"footnotes":""},"categories":[9599],"tags":[1111,11,1697,1777,674,1011,27,6127,2208,12,2680,25,104,3400],"class_list":{"0":"post-667728","1":"post","2":"type-post","3":"status-publish","4":"format-standard","5":"has-post-thumbnail","7":"category-montpellier","8":"tag-actu","9":"tag-actualites","10":"tag-concert","11":"tag-eu","12":"tag-europe","13":"tag-fr","14":"tag-france","15":"tag-mer","16":"tag-montpellier","17":"tag-news","18":"tag-occitanie","19":"tag-republique-francaise","20":"tag-societe","21":"tag-solidarite"},"share_on_mastodon":{"url":"https:\/\/pubeurope.com\/@fr\/115904914645373780","error":""},"_links":{"self":[{"href":"https:\/\/www.europesays.com\/fr\/wp-json\/wp\/v2\/posts\/667728","targetHints":{"allow":["GET"]}}],"collection":[{"href":"https:\/\/www.europesays.com\/fr\/wp-json\/wp\/v2\/posts"}],"about":[{"href":"https:\/\/www.europesays.com\/fr\/wp-json\/wp\/v2\/types\/post"}],"author":[{"embeddable":true,"href":"https:\/\/www.europesays.com\/fr\/wp-json\/wp\/v2\/users\/2"}],"replies":[{"embeddable":true,"href":"https:\/\/www.europesays.com\/fr\/wp-json\/wp\/v2\/comments?post=667728"}],"version-history":[{"count":0,"href":"https:\/\/www.europesays.com\/fr\/wp-json\/wp\/v2\/posts\/667728\/revisions"}],"wp:featuredmedia":[{"embeddable":true,"href":"https:\/\/www.europesays.com\/fr\/wp-json\/wp\/v2\/media\/667729"}],"wp:attachment":[{"href":"https:\/\/www.europesays.com\/fr\/wp-json\/wp\/v2\/media?parent=667728"}],"wp:term":[{"taxonomy":"category","embeddable":true,"href":"https:\/\/www.europesays.com\/fr\/wp-json\/wp\/v2\/categories?post=667728"},{"taxonomy":"post_tag","embeddable":true,"href":"https:\/\/www.europesays.com\/fr\/wp-json\/wp\/v2\/tags?post=667728"}],"curies":[{"name":"wp","href":"https:\/\/api.w.org\/{rel}","templated":true}]}}