{"id":667730,"date":"2026-01-16T13:03:14","date_gmt":"2026-01-16T13:03:14","guid":{"rendered":"https:\/\/www.europesays.com\/fr\/667730\/"},"modified":"2026-01-16T13:03:14","modified_gmt":"2026-01-16T13:03:14","slug":"municipales-2026-a-montpellier-investie-par-le-rassemblement-national-france-jamet-annonce-sa-candidature","status":"publish","type":"post","link":"https:\/\/www.europesays.com\/fr\/667730\/","title":{"rendered":"Municipales 2026 \u00e0 Montpellier\u00a0: investie par le Rassemblement National, France Jamet annonce sa candidature"},"content":{"rendered":"<p>\n                                                                L\u2019eurod\u00e9put\u00e9e France Jamet a annonc\u00e9 ce vendredi 16\u00a0janvier qu\u2019elle conduira une liste RN aux prochaines \u00e9lections municipales, \u00e0 Montpellier.\n                            <\/p>\n<p>France Jamet est candidate aux \u00e9lections municipales de Montpellier. L\u2019Eurod\u00e9put\u00e9e, membre du bureau national du RN et <a href=\"https:\/\/www.midilibre.fr\/2025\/11\/28\/mort-dalain-jamet-elu-municipal-a-montpellier-ami-de-jean-marie-le-pen-le-cofondateur-du-front-national-est-decede-a-lage-de-91-ans-13079659.php\" target=\"_blank\" rel=\"noopener\">fille du cofondateur du FN Alain Jamet<\/a>\u00a0, a annonc\u00e9 ce vendredi 16\u00a0janvier qu\u2019elle m\u00e8nera\u00a0une liste Rassemblement National, avec le soutien de l\u2019Union des Droites pour la R\u00e9publique (UDR), le 15\u00a0mars prochain.<\/p>\n<p>D\u00e9j\u00e0 candidate en 2014<\/p>\n<p>Convaincue que \u00ab\u00a0le front r\u00e9publicain a fait long feu\u00a0\u00bb et comptant sur \u00ab\u00a0les 80\u00a0% des Fran\u00e7ais m\u00e9contents\u00a0\u00bb, France Jamet retente l\u2019aventure des municipales \u00e0 Montpellier, comme en 2014 o\u00f9 elle avait recueilli 13,8\u00a0% des voix exprim\u00e9es au premier tour, puis 9,2\u00a0% au second.<\/p>\n<p>\u00ab\u00a0De tous mes mandats, celui de conseill\u00e8re municipale est celui o\u00f9 j\u2019ai pris le plus de plaisir. C\u2019est le mandat civique par excellence\u00a0\u00bb, a\u00a0confi\u00e9 ce vendredi la candidate, entour\u00e9e du d\u00e9put\u00e9 UDR de l\u2019H\u00e9rault Charles Alloncle et de l\u2019ex-candidate aux l\u00e9gislatives sur la 2e circonscription de l\u2019H\u00e9rault Flavia Mangano.<\/p>\n","protected":false},"excerpt":{"rendered":"L\u2019eurod\u00e9put\u00e9e France Jamet a annonc\u00e9 ce vendredi 16\u00a0janvier qu\u2019elle conduira une liste RN aux prochaines \u00e9lections municipales, \u00e0&hellip;\n","protected":false},"author":2,"featured_media":667731,"comment_status":"","ping_status":"","sticky":false,"template":"","format":"standard","meta":{"footnotes":""},"categories":[9599],"tags":[1111,11,5949,1777,674,1011,27,7089,2208,3434,12,2680,316,25],"class_list":{"0":"post-667730","1":"post","2":"type-post","3":"status-publish","4":"format-standard","5":"has-post-thumbnail","7":"category-montpellier","8":"tag-actu","9":"tag-actualites","10":"tag-elections","11":"tag-eu","12":"tag-europe","13":"tag-fr","14":"tag-france","15":"tag-herault","16":"tag-montpellier","17":"tag-municipales-2026","18":"tag-news","19":"tag-occitanie","20":"tag-politique","21":"tag-republique-francaise"},"share_on_mastodon":{"url":"https:\/\/pubeurope.com\/@fr\/115904918533119316","error":""},"_links":{"self":[{"href":"https:\/\/www.europesays.com\/fr\/wp-json\/wp\/v2\/posts\/667730","targetHints":{"allow":["GET"]}}],"collection":[{"href":"https:\/\/www.europesays.com\/fr\/wp-json\/wp\/v2\/posts"}],"about":[{"href":"https:\/\/www.europesays.com\/fr\/wp-json\/wp\/v2\/types\/post"}],"author":[{"embeddable":true,"href":"https:\/\/www.europesays.com\/fr\/wp-json\/wp\/v2\/users\/2"}],"replies":[{"embeddable":true,"href":"https:\/\/www.europesays.com\/fr\/wp-json\/wp\/v2\/comments?post=667730"}],"version-history":[{"count":0,"href":"https:\/\/www.europesays.com\/fr\/wp-json\/wp\/v2\/posts\/667730\/revisions"}],"wp:featuredmedia":[{"embeddable":true,"href":"https:\/\/www.europesays.com\/fr\/wp-json\/wp\/v2\/media\/667731"}],"wp:attachment":[{"href":"https:\/\/www.europesays.com\/fr\/wp-json\/wp\/v2\/media?parent=667730"}],"wp:term":[{"taxonomy":"category","embeddable":true,"href":"https:\/\/www.europesays.com\/fr\/wp-json\/wp\/v2\/categories?post=667730"},{"taxonomy":"post_tag","embeddable":true,"href":"https:\/\/www.europesays.com\/fr\/wp-json\/wp\/v2\/tags?post=667730"}],"curies":[{"name":"wp","href":"https:\/\/api.w.org\/{rel}","templated":true}]}}