{"id":667736,"date":"2026-01-16T13:07:15","date_gmt":"2026-01-16T13:07:15","guid":{"rendered":"https:\/\/www.europesays.com\/fr\/667736\/"},"modified":"2026-01-16T13:07:15","modified_gmt":"2026-01-16T13:07:15","slug":"un-nouveau-sondage-en-approche-2","status":"publish","type":"post","link":"https:\/\/www.europesays.com\/fr\/667736\/","title":{"rendered":"un nouveau sondage en approche"},"content":{"rendered":"<p itemprop=\"description\"><strong>Grenoble va enfin avoir droit \u00e0 un sondage officiel depuis le d\u00e9but de la campagne.<\/strong><\/p>\n<p>Selon nos informations, le Dauphin\u00e9 Lib\u00e9r\u00e9 doit publier sous peu un sondage Ipsos.<\/p>\n<p>Ce sera le premier non biais\u00e9 car command\u00e9 par un m\u00e9dia depuis celui d&rsquo;Ipsos r\u00e9alis\u00e9 pour GrenobleMag en mai dernier. A l&rsquo;\u00e9poque, tous les candidats n&rsquo;\u00e9taient pas encore connus, et on ne pouvait pas tester d&rsquo;intentions de vote.<\/p>\n<p>Cet automne, l&rsquo;enqu\u00eate de Cluster 17 pour les \u00e9lus \u00e9cologistes de l&rsquo;Ades avait plac\u00e9 <a href=\"https:\/\/www.grenoblemag.com\/profil-personnalite-lyonnaise\/13\/laurence-ruffin\" target=\"_blank\" rel=\"noopener\">Laurence Ruffin<\/a> largement en t\u00eate au premier tour devant <a href=\"https:\/\/www.grenoblemag.com\/profil-personnalite-lyonnaise\/2\/alain-carignon\" target=\"_blank\" rel=\"noopener\">Alain Carignon<\/a>. Mais la publication des r\u00e9sultats <a href=\"https:\/\/www.grenoblemag.com\/article\/2253\/municipales-a-grenoble-le-dernier-sondage-gravement-mis-en-cause\" target=\"_blank\" rel=\"noopener\">avait \u00e9t\u00e9 largement tronqu\u00e9e<\/a>.<\/p>\n","protected":false},"excerpt":{"rendered":"Grenoble va enfin avoir droit \u00e0 un sondage officiel depuis le d\u00e9but de la campagne. Selon nos informations,&hellip;\n","protected":false},"author":2,"featured_media":667735,"comment_status":"","ping_status":"","sticky":false,"template":"","format":"standard","meta":{"footnotes":""},"categories":[9566],"tags":[1111,11,2813,2430,1109,251,1112,2811,1777,674,118,1011,27,21780,2731,14004,1922,1110,1114,108,12,316,25,2812,517,800],"class_list":{"0":"post-667736","1":"post","2":"type-post","3":"status-publish","4":"format-standard","5":"has-post-thumbnail","7":"category-grenoble","8":"tag-actu","9":"tag-actualites","10":"tag-article","11":"tag-auvergne-rhone-alpes","12":"tag-breves","13":"tag-culture","14":"tag-depeches","15":"tag-economique","16":"tag-eu","17":"tag-europe","18":"tag-faits-divers","19":"tag-fr","20":"tag-france","21":"tag-gf38","22":"tag-grenoble","23":"tag-grenoblemag","24":"tag-info","25":"tag-informations","26":"tag-infos","27":"tag-isere","28":"tag-news","29":"tag-politique","30":"tag-republique-francaise","31":"tag-sociale","32":"tag-sport","33":"tag-transports"},"share_on_mastodon":{"url":"https:\/\/pubeurope.com\/@fr\/115904934492307850","error":""},"_links":{"self":[{"href":"https:\/\/www.europesays.com\/fr\/wp-json\/wp\/v2\/posts\/667736","targetHints":{"allow":["GET"]}}],"collection":[{"href":"https:\/\/www.europesays.com\/fr\/wp-json\/wp\/v2\/posts"}],"about":[{"href":"https:\/\/www.europesays.com\/fr\/wp-json\/wp\/v2\/types\/post"}],"author":[{"embeddable":true,"href":"https:\/\/www.europesays.com\/fr\/wp-json\/wp\/v2\/users\/2"}],"replies":[{"embeddable":true,"href":"https:\/\/www.europesays.com\/fr\/wp-json\/wp\/v2\/comments?post=667736"}],"version-history":[{"count":0,"href":"https:\/\/www.europesays.com\/fr\/wp-json\/wp\/v2\/posts\/667736\/revisions"}],"wp:featuredmedia":[{"embeddable":true,"href":"https:\/\/www.europesays.com\/fr\/wp-json\/wp\/v2\/media\/667735"}],"wp:attachment":[{"href":"https:\/\/www.europesays.com\/fr\/wp-json\/wp\/v2\/media?parent=667736"}],"wp:term":[{"taxonomy":"category","embeddable":true,"href":"https:\/\/www.europesays.com\/fr\/wp-json\/wp\/v2\/categories?post=667736"},{"taxonomy":"post_tag","embeddable":true,"href":"https:\/\/www.europesays.com\/fr\/wp-json\/wp\/v2\/tags?post=667736"}],"curies":[{"name":"wp","href":"https:\/\/api.w.org\/{rel}","templated":true}]}}