{"id":667737,"date":"2026-01-16T13:08:12","date_gmt":"2026-01-16T13:08:12","guid":{"rendered":"https:\/\/www.europesays.com\/fr\/667737\/"},"modified":"2026-01-16T13:08:12","modified_gmt":"2026-01-16T13:08:12","slug":"les-love-rooms-de-rennes","status":"publish","type":"post","link":"https:\/\/www.europesays.com\/fr\/667737\/","title":{"rendered":"Les love rooms de Rennes"},"content":{"rendered":"<p data-skip-lazy=\"1\" class=\"is-style-surtitle\" style=\"padding-top:0;padding-bottom:0\">Sortir \u00e0 Rennes en amoureux<\/p>\n<p>Des spectacles \u00e0 voir \u00e0 deux<\/p>\n<p>Apr\u00e8s avoir pos\u00e9 vos valises dans votre love room \u00e0 Rennes, pourquoi ne pas vous offrir une petite sortie en ville\u00a0? Surtout que la capitale bretonne est connue pour l\u2019effervescence de sa vie culturelle. Triangle, Libert\u00e9, TNB, MeM, Antipode, etc.\u00a0: il y a toujours un nouveau spectacle \u00e0 voir \u00e0 Rennes\u00a0! Et si vous \u00eates l\u00e0 au moment de la <a href=\"https:\/\/www.tourisme-rennes.com\/decouvrir-rennes\/actualites\/saint-valentin\/\" target=\"_blank\" rel=\"noopener\">Saint-Valentin<\/a>, les concerts Candlelight \u2013 \u00e9clair\u00e9s \u00e0 la bougie \u2013 au Couvent des Jacobins sont parfaits pour une soir\u00e9e en amoureux.<\/p>\n","protected":false},"excerpt":{"rendered":"Sortir \u00e0 Rennes en amoureux Des spectacles \u00e0 voir \u00e0 deux Apr\u00e8s avoir pos\u00e9 vos valises dans votre&hellip;\n","protected":false},"author":2,"featured_media":667738,"comment_status":"","ping_status":"","sticky":false,"template":"","format":"standard","meta":{"footnotes":""},"categories":[2821],"tags":[1111,11,829,1777,674,1011,27,12,584,25],"class_list":{"0":"post-667737","1":"post","2":"type-post","3":"status-publish","4":"format-standard","5":"has-post-thumbnail","7":"category-rennes","8":"tag-actu","9":"tag-actualites","10":"tag-bretagne","11":"tag-eu","12":"tag-europe","13":"tag-fr","14":"tag-france","15":"tag-news","16":"tag-rennes","17":"tag-republique-francaise"},"share_on_mastodon":{"url":"https:\/\/pubeurope.com\/@fr\/115904938369213431","error":""},"_links":{"self":[{"href":"https:\/\/www.europesays.com\/fr\/wp-json\/wp\/v2\/posts\/667737","targetHints":{"allow":["GET"]}}],"collection":[{"href":"https:\/\/www.europesays.com\/fr\/wp-json\/wp\/v2\/posts"}],"about":[{"href":"https:\/\/www.europesays.com\/fr\/wp-json\/wp\/v2\/types\/post"}],"author":[{"embeddable":true,"href":"https:\/\/www.europesays.com\/fr\/wp-json\/wp\/v2\/users\/2"}],"replies":[{"embeddable":true,"href":"https:\/\/www.europesays.com\/fr\/wp-json\/wp\/v2\/comments?post=667737"}],"version-history":[{"count":0,"href":"https:\/\/www.europesays.com\/fr\/wp-json\/wp\/v2\/posts\/667737\/revisions"}],"wp:featuredmedia":[{"embeddable":true,"href":"https:\/\/www.europesays.com\/fr\/wp-json\/wp\/v2\/media\/667738"}],"wp:attachment":[{"href":"https:\/\/www.europesays.com\/fr\/wp-json\/wp\/v2\/media?parent=667737"}],"wp:term":[{"taxonomy":"category","embeddable":true,"href":"https:\/\/www.europesays.com\/fr\/wp-json\/wp\/v2\/categories?post=667737"},{"taxonomy":"post_tag","embeddable":true,"href":"https:\/\/www.europesays.com\/fr\/wp-json\/wp\/v2\/tags?post=667737"}],"curies":[{"name":"wp","href":"https:\/\/api.w.org\/{rel}","templated":true}]}}