{"id":667739,"date":"2026-01-16T13:09:19","date_gmt":"2026-01-16T13:09:19","guid":{"rendered":"https:\/\/www.europesays.com\/fr\/667739\/"},"modified":"2026-01-16T13:09:19","modified_gmt":"2026-01-16T13:09:19","slug":"a-rennes-lamuse-bouche-sort-des-pepites-operation-destockage-du-cellier-caviste","status":"publish","type":"post","link":"https:\/\/www.europesays.com\/fr\/667739\/","title":{"rendered":"\u00c0 Rennes, l\u2019Amuse Bouche sort des p\u00e9pites, op\u00e9ration d\u00e9stockage du cellier caviste"},"content":{"rendered":"<p>            <a href=\"https:\/\/unidivers.fr\/wp-content\/uploads\/2026\/01\/jean-sebastien-auberville.jpeg\" data-caption=\"Jean-Se\u0301bastien Auberville\" target=\"_blank\" rel=\"noopener\"><img loading=\"lazy\" decoding=\"async\" width=\"696\" height=\"464\" class=\"entry-thumb td-modal-image\" src=\"https:\/\/www.europesays.com\/fr\/wp-content\/uploads\/2026\/01\/jean-sebastien-auberville-696x464.jpeg\"   alt=\"Jean-Se\u0301bastien Auberville\" title=\"Jean-Se\u0301bastien Auberville\" data-eio=\"p\"\/><\/a>Jean-Se\u0301bastien Auberville<\/p>\n<p><strong>L\u2019Amuse Bouche<\/strong>, \u00e0 deux pas de la place de la R\u00e9publique, est un cellier o\u00f9 l\u2019on vient chercher une id\u00e9e, un accord, une histoire, parfois un petit coup de c\u0153ur impr\u00e9vu et, en janvier, \u00e0 contre-courant, un Drink january ! Bref, un premier pour la route dans cette nouvelle ann\u00e9e !<\/p>\n<p><strong>Alors que janvier s\u2019ouvre souvent sur des injonctions de \u201creset\u201d \u2014 entre Dry\/Drink January et grandes r\u00e9solutions \u2014 le caviste L\u2019Amuse Bouche propose une autre voie, celle du go\u00fbt et de la mod\u00e9ration choisie.<\/strong> <strong>\u00c0 l\u2019occasion d\u2019une grande op\u00e9ration d\u00e9stockage, cette boutique rennaise annonce une s\u00e9lection d\u2019environ 20 vins \u00e0 prix mini : des cuv\u00e9es choisies, en quantit\u00e9 limit\u00e9e, pour remplir la cave\u2026 sans vider le compte en banque.<\/strong><\/p>\n<p><img fetchpriority=\"high\" decoding=\"async\" width=\"1080\" height=\"1350\" src=\"https:\/\/www.europesays.com\/fr\/wp-content\/uploads\/2026\/01\/amuse-bouche-cave-rennes-drink.jpg\" alt=\"amuse-bouche cave rennes\" class=\"wp-image-3596217\"   data-eio=\"p\"\/><\/p>\n<p>Install\u00e9 depuis <strong>octobre 2022<\/strong>, <strong>L\u2019Amuse Bouche<\/strong> cultive une approche tr\u00e8s \u201ccaviste\u201d avec l\u2019envie de transmettre, de guider, d\u2019affiner un choix selon un repas, une humeur, un budget. Aux manettes, <strong>Jean-S\u00e9bastien Auberville<\/strong> revendique une s\u00e9lection tourn\u00e9e vers des vins <strong>\u00e9thiques<\/strong>, souvent <strong>bio<\/strong> et <strong>biodynamiques<\/strong>, et un rapport direct au terrain \u2014 foires, visites, rencontres de domaines. La cave met aussi en avant une mani\u00e8re simple de choisir, <strong>penser les bouteilles par usages et accords<\/strong> (ap\u00e9ritif, viandes, poissons\u2026), plut\u00f4t que de se perdre dans les seules r\u00e9gions.<\/p>\n<p><img loading=\"lazy\" decoding=\"async\" width=\"1440\" height=\"960\" src=\"https:\/\/www.europesays.com\/fr\/wp-content\/uploads\/2026\/01\/amuse-bouche-rennes-caviste.jpeg\" alt=\"amuse-bouche rennes caviste\" class=\"wp-image-3596693\"   data-eio=\"p\"\/><\/p>\n<p>Autre corde \u00e0 l\u2019arc, l\u2019adresse ne se limite pas \u00e0 \u201cvendre\u201d. Elle propose aussi des <strong>d\u00e9gustations<\/strong> et des moments sur mesure (soir\u00e9es entre amis, EVG, afterworks\u2026) <strong>chaleureux<\/strong>, <strong>p\u00e9dagogue<\/strong> et <strong>joyeux<\/strong> \u2014 le genre de cave o\u00f9 l\u2019on ressort avec une bouteille\u2026 et une bonne raison de revenir.<\/p>\n<p><img loading=\"lazy\" decoding=\"async\" width=\"810\" height=\"1440\" src=\"https:\/\/www.europesays.com\/fr\/wp-content\/uploads\/2026\/01\/amuse-bouche-cellier-vins-rennes-1.jpg\" alt=\"amuse-bouche cave rennes\" class=\"wp-image-3596216\"   data-eio=\"p\"\/><\/p>\n<p>La r\u00e8gle du jeu est claire : <strong>environ 20 vins s\u00e9lectionn\u00e9s<\/strong>, propos\u00e9s \u00e0 <strong>tarifs int\u00e9ressants<\/strong>, avec un stock annonc\u00e9 comme limit\u00e9. Traduction : si vous aimez les bonnes affaires, c\u2019est typiquement le moment de passer <strong>au bon timing<\/strong>. Pour les curieux, c\u2019est aussi une occasion id\u00e9ale de <strong>tenter une bouteille \u201chors radar\u201d<\/strong> (celle que vous n\u2019auriez pas prise \u00e0 l\u2019aveugle), ou de constituer un petit lot polyvalent : un blanc net pour l\u2019ap\u00e9ro, un rouge de table s\u00e9rieux, une quille plus festive.<\/p>\n<p><img loading=\"lazy\" decoding=\"async\" width=\"1440\" height=\"960\" src=\"https:\/\/www.europesays.com\/fr\/wp-content\/uploads\/2026\/01\/rennes-amuse-bouche.jpeg\" alt=\"amuse-bouche rennes caviste\" class=\"wp-image-3596694\"   data-eio=\"p\"\/><\/p>\n<p>Et c\u2019est l\u00e0 que l\u2019adresse marque un point : le d\u00e9stockage n\u2019est pas qu\u2019un empilement d\u2019\u00e9tiquettes au rabais. L\u2019id\u00e9e est plut\u00f4t de mettre la main sur des <strong>\u201ctr\u00e9sors vinicoles\u201d<\/strong> \u2014 des cuv\u00e9es choisies \u2014 \u00e0 un prix qui donne envie d\u2019ouvrir, de partager, de comparer.<\/p>\n<p>Infos pratiques<\/p>\n<ul class=\"wp-block-list\">\n<li><strong>L\u2019Amuse Bouche<\/strong> \u2014 cellier \/ caviste<\/li>\n<li><strong>Adresse :<\/strong> 1 rue Jean Jaur\u00e8s, Place de la R\u00e9publique, 35000 Rennes<\/li>\n<li><strong>T\u00e9l\u00e9phone :<\/strong> 09 78 80 01 99<\/li>\n<li><strong>Email :<\/strong> amusebouche.rennes@gmail.com<\/li>\n<li><strong>Horaires (indicatifs) :<\/strong> lundi 13h30\u201319h ; mardi\/mercredi 10h30\u201319h ; jeudi\/vendredi\/samedi 10h30\u201319h30 ; dimanche ferm\u00e9<\/li>\n<li><strong>Site :<\/strong> L\u2019Amuse Bouche (<a href=\"https:\/\/lamusebouche-rennes.fr\/\" target=\"_blank\" rel=\"noopener\">lamusebouche-rennes.fr<\/a>)<\/li>\n<\/ul>\n<p>L\u2019abus d\u2019alcool est dangereux pour la sant\u00e9. \u00c0 consommer avec mod\u00e9ration.<\/p>\n","protected":false},"excerpt":{"rendered":"Jean-Se\u0301bastien Auberville L\u2019Amuse Bouche, \u00e0 deux pas de la place de la R\u00e9publique, est un cellier o\u00f9 l\u2019on&hellip;\n","protected":false},"author":2,"featured_media":667740,"comment_status":"","ping_status":"","sticky":false,"template":"","format":"standard","meta":{"footnotes":""},"categories":[2821],"tags":[1111,11,829,1777,674,1011,27,12,584,25],"class_list":{"0":"post-667739","1":"post","2":"type-post","3":"status-publish","4":"format-standard","5":"has-post-thumbnail","7":"category-rennes","8":"tag-actu","9":"tag-actualites","10":"tag-bretagne","11":"tag-eu","12":"tag-europe","13":"tag-fr","14":"tag-france","15":"tag-news","16":"tag-rennes","17":"tag-republique-francaise"},"share_on_mastodon":{"url":"https:\/\/pubeurope.com\/@fr\/115904942492981764","error":""},"_links":{"self":[{"href":"https:\/\/www.europesays.com\/fr\/wp-json\/wp\/v2\/posts\/667739","targetHints":{"allow":["GET"]}}],"collection":[{"href":"https:\/\/www.europesays.com\/fr\/wp-json\/wp\/v2\/posts"}],"about":[{"href":"https:\/\/www.europesays.com\/fr\/wp-json\/wp\/v2\/types\/post"}],"author":[{"embeddable":true,"href":"https:\/\/www.europesays.com\/fr\/wp-json\/wp\/v2\/users\/2"}],"replies":[{"embeddable":true,"href":"https:\/\/www.europesays.com\/fr\/wp-json\/wp\/v2\/comments?post=667739"}],"version-history":[{"count":0,"href":"https:\/\/www.europesays.com\/fr\/wp-json\/wp\/v2\/posts\/667739\/revisions"}],"wp:featuredmedia":[{"embeddable":true,"href":"https:\/\/www.europesays.com\/fr\/wp-json\/wp\/v2\/media\/667740"}],"wp:attachment":[{"href":"https:\/\/www.europesays.com\/fr\/wp-json\/wp\/v2\/media?parent=667739"}],"wp:term":[{"taxonomy":"category","embeddable":true,"href":"https:\/\/www.europesays.com\/fr\/wp-json\/wp\/v2\/categories?post=667739"},{"taxonomy":"post_tag","embeddable":true,"href":"https:\/\/www.europesays.com\/fr\/wp-json\/wp\/v2\/tags?post=667739"}],"curies":[{"name":"wp","href":"https:\/\/api.w.org\/{rel}","templated":true}]}}