{"id":667741,"date":"2026-01-16T13:10:22","date_gmt":"2026-01-16T13:10:22","guid":{"rendered":"https:\/\/www.europesays.com\/fr\/667741\/"},"modified":"2026-01-16T13:10:22","modified_gmt":"2026-01-16T13:10:22","slug":"strasbourg-gros-panache-de-fumee-a-la-plaine-des-bouchers-lincendie-concerne-des-pneus","status":"publish","type":"post","link":"https:\/\/www.europesays.com\/fr\/667741\/","title":{"rendered":"Strasbourg. Gros panache de fum\u00e9e \u00e0 la Plaine des Bouchers\u00a0: \u00ab\u00a0l\u2019incendie concerne des pneus\u00a0\u00bb"},"content":{"rendered":"<p class=\"xsm-p emxed-markup\">Un important panache de fum\u00e9e, visible depuis la route M35, au niveau de la Plaine des Bouchers \u00e0 Strasbourg, a inqui\u00e9t\u00e9 de nombreux automobilistes ce vendredi 16\u00a0janvier vers 10 h.<\/p>\n<p class=\"xsm-p emxed-markup\">\u00ab\u00a0L\u2019incendie concerne un m\u00e9lange de d\u00e9tritus et de pneus sur une surface de 20m\u00b2\u00a0\u00bb, indique le Service d\u2019incendie et de secours du Bas-Rhin.<\/p>\n<p class=\"xsm-p emxed-markup\">Les sapeurs-pompiers se sont rendus sur place \u00e0 bord de quatre engins. Ils ont d\u00e9ploy\u00e9 une lance pour venir \u00e0 bout des flammes.<\/p>\n<p class=\"xsm-p emxed-markup\">La police \u00e9tait \u00e9galement sur les lieux.<\/p>\n","protected":false},"excerpt":{"rendered":"Un important panache de fum\u00e9e, visible depuis la route M35, au niveau de la Plaine des Bouchers \u00e0&hellip;\n","protected":false},"author":2,"featured_media":667742,"comment_status":"","ping_status":"","sticky":false,"template":"","format":"standard","meta":{"footnotes":""},"categories":[2820],"tags":[1111,11,2880,1777,674,274,107,1011,27,775,1310,12,25,640,2879],"class_list":{"0":"post-667741","1":"post","2":"type-post","3":"status-publish","4":"format-standard","5":"has-post-thumbnail","7":"category-strasbourg","8":"tag-actu","9":"tag-actualites","10":"tag-edition-strasbourg","11":"tag-eu","12":"tag-europe","13":"tag-faits-divers-justice","14":"tag-fil-info","15":"tag-fr","16":"tag-france","17":"tag-grand-est","18":"tag-incendie","19":"tag-news","20":"tag-republique-francaise","21":"tag-strasbourg","22":"tag-strasbourg-ville"},"share_on_mastodon":{"url":"https:\/\/pubeurope.com\/@fr\/115904946268346686","error":""},"_links":{"self":[{"href":"https:\/\/www.europesays.com\/fr\/wp-json\/wp\/v2\/posts\/667741","targetHints":{"allow":["GET"]}}],"collection":[{"href":"https:\/\/www.europesays.com\/fr\/wp-json\/wp\/v2\/posts"}],"about":[{"href":"https:\/\/www.europesays.com\/fr\/wp-json\/wp\/v2\/types\/post"}],"author":[{"embeddable":true,"href":"https:\/\/www.europesays.com\/fr\/wp-json\/wp\/v2\/users\/2"}],"replies":[{"embeddable":true,"href":"https:\/\/www.europesays.com\/fr\/wp-json\/wp\/v2\/comments?post=667741"}],"version-history":[{"count":0,"href":"https:\/\/www.europesays.com\/fr\/wp-json\/wp\/v2\/posts\/667741\/revisions"}],"wp:featuredmedia":[{"embeddable":true,"href":"https:\/\/www.europesays.com\/fr\/wp-json\/wp\/v2\/media\/667742"}],"wp:attachment":[{"href":"https:\/\/www.europesays.com\/fr\/wp-json\/wp\/v2\/media?parent=667741"}],"wp:term":[{"taxonomy":"category","embeddable":true,"href":"https:\/\/www.europesays.com\/fr\/wp-json\/wp\/v2\/categories?post=667741"},{"taxonomy":"post_tag","embeddable":true,"href":"https:\/\/www.europesays.com\/fr\/wp-json\/wp\/v2\/tags?post=667741"}],"curies":[{"name":"wp","href":"https:\/\/api.w.org\/{rel}","templated":true}]}}