{"id":667743,"date":"2026-01-16T13:11:24","date_gmt":"2026-01-16T13:11:24","guid":{"rendered":"https:\/\/www.europesays.com\/fr\/667743\/"},"modified":"2026-01-16T13:11:24","modified_gmt":"2026-01-16T13:11:24","slug":"visite-medicale-deja-planifiee-pour-gessime-yassine","status":"publish","type":"post","link":"https:\/\/www.europesays.com\/fr\/667743\/","title":{"rendered":"visite m\u00e9dicale d\u00e9j\u00e0 planifi\u00e9e pour Gessime Yassine"},"content":{"rendered":"<p>Le mercato s\u2019acc\u00e9l\u00e8re du c\u00f4t\u00e9 de la Meinau. Selon nos informations, le RC <a href=\"https:\/\/www.footmercato.net\/club\/rc-strasbourg-alsace\/\" target=\"_blank\" rel=\"noopener\">Strasbourg<\/a> a boucl\u00e9 l\u2019arriv\u00e9e de <a href=\"https:\/\/www.footmercato.net\/joueur\/gessime-yassine\/\" target=\"_blank\" rel=\"noopener\">Gessime Yassine<\/a>. Un terrain d\u2019entente a \u00e9t\u00e9 trouv\u00e9 entre toutes les parties pour le transfert du champion du monde U20 marocain. La visite m\u00e9dicale est d\u2019ores et d\u00e9j\u00e0 programm\u00e9e dans les toutes prochaines heures en Alsace probablement ce samedi. <\/p>\n<p>            La suite apr\u00e8s cette publicit\u00e9<\/p>\n<p>Si les tests physiques sont concluants, le virevoltant milieu offensif de <a href=\"https:\/\/www.footmercato.net\/club\/us-du-littoral-de-dunkerque\/\" target=\"_blank\" rel=\"noopener\">Dunkerque<\/a> (2 buts et 7 passes d\u00e9cisives en 13 matches de L2) apposera sa signature sur un contrat de 4 ans et demi, soit jusqu\u2019en juin 2030. Le montant de l\u2019op\u00e9ration avoisine les 7 M\u20ac. <\/p>\n<p>\n    Pub. le 16\/01\/2026 12:05<br \/>\n            &#8211; MAJ le 16\/01\/2026 13:50\n    <\/p>\n","protected":false},"excerpt":{"rendered":"Le mercato s\u2019acc\u00e9l\u00e8re du c\u00f4t\u00e9 de la Meinau. Selon nos informations, le RC Strasbourg a boucl\u00e9 l\u2019arriv\u00e9e de&hellip;\n","protected":false},"author":2,"featured_media":667744,"comment_status":"","ping_status":"","sticky":false,"template":"","format":"standard","meta":{"footnotes":""},"categories":[2820],"tags":[1111,11,1777,674,1011,27,775,12,25,640],"class_list":{"0":"post-667743","1":"post","2":"type-post","3":"status-publish","4":"format-standard","5":"has-post-thumbnail","7":"category-strasbourg","8":"tag-actu","9":"tag-actualites","10":"tag-eu","11":"tag-europe","12":"tag-fr","13":"tag-france","14":"tag-grand-est","15":"tag-news","16":"tag-republique-francaise","17":"tag-strasbourg"},"share_on_mastodon":{"url":"https:\/\/pubeurope.com\/@fr\/115904950160035717","error":""},"_links":{"self":[{"href":"https:\/\/www.europesays.com\/fr\/wp-json\/wp\/v2\/posts\/667743","targetHints":{"allow":["GET"]}}],"collection":[{"href":"https:\/\/www.europesays.com\/fr\/wp-json\/wp\/v2\/posts"}],"about":[{"href":"https:\/\/www.europesays.com\/fr\/wp-json\/wp\/v2\/types\/post"}],"author":[{"embeddable":true,"href":"https:\/\/www.europesays.com\/fr\/wp-json\/wp\/v2\/users\/2"}],"replies":[{"embeddable":true,"href":"https:\/\/www.europesays.com\/fr\/wp-json\/wp\/v2\/comments?post=667743"}],"version-history":[{"count":0,"href":"https:\/\/www.europesays.com\/fr\/wp-json\/wp\/v2\/posts\/667743\/revisions"}],"wp:featuredmedia":[{"embeddable":true,"href":"https:\/\/www.europesays.com\/fr\/wp-json\/wp\/v2\/media\/667744"}],"wp:attachment":[{"href":"https:\/\/www.europesays.com\/fr\/wp-json\/wp\/v2\/media?parent=667743"}],"wp:term":[{"taxonomy":"category","embeddable":true,"href":"https:\/\/www.europesays.com\/fr\/wp-json\/wp\/v2\/categories?post=667743"},{"taxonomy":"post_tag","embeddable":true,"href":"https:\/\/www.europesays.com\/fr\/wp-json\/wp\/v2\/tags?post=667743"}],"curies":[{"name":"wp","href":"https:\/\/api.w.org\/{rel}","templated":true}]}}