{"id":667749,"date":"2026-01-16T13:15:17","date_gmt":"2026-01-16T13:15:17","guid":{"rendered":"https:\/\/www.europesays.com\/fr\/667749\/"},"modified":"2026-01-16T13:15:17","modified_gmt":"2026-01-16T13:15:17","slug":"quatre-ans-de-prison-requis-contre-lex-crs","status":"publish","type":"post","link":"https:\/\/www.europesays.com\/fr\/667749\/","title":{"rendered":"quatre ans de prison requis contre l&rsquo;ex-CRS"},"content":{"rendered":"<p>                    Par<br \/>\n        <strong><br \/>\n            <a href=\"https:\/\/actu.fr\/auteur\/laure-gentil\" title=\"Consulter tous les articles de Laure Gentil\" target=\"_blank\" rel=\"noopener\">Laure Gentil<\/a><br \/>\n                    <\/strong><\/p>\n<p>        Publi\u00e9 le<\/p>\n<p>            16 janv. 2026 \u00e0 12h48        <\/p>\n<p><b>En 2018, Aboubacar Fofana,<\/b> 22\u00a0ans, a \u00e9t\u00e9 tu\u00e9 durant un contr\u00f4le dans le quartier du Breil, \u00e0 Nantes. Au volant de sa voiture, le jeune homme avait tent\u00e9 de fuir la police en marche arri\u00e8re.<a href=\"https:\/\/actu.fr\/pays-de-la-loire\/nantes_44109\/mort-daboubacar-fofana-a-nantes-le-crs-clame-toujours-le-tir-accidentel_63686211.html\" target=\"_blank\" rel=\"noopener\"> Le CRS a tir\u00e9 et Aboubacar Fofana a \u00e9t\u00e9 touch\u00e9 au cou.<\/a> Il est d\u00e9c\u00e9d\u00e9 quelques heures plus tard \u00e0 l\u2019h\u00f4pital.<\/p>\n<p class=\" wall-content\">La mort du jeune homme avait provoqu\u00e9<b>\u00a0plusieurs nuits de violences dans les quartiers\u00a0<\/b>du Breil et de Bellevue, ainsi qu\u2019\u00e0 Orvault et Rez\u00e9.<\/p>\n<p class=\" wall-content\">Ce vendredi 16\u00a0janvier 2026, le proc\u00e8s se termine au tribunal de Nantes. Le procureur de la R\u00e9publique a requis quatre ans de prison avec deux ans de sursis \u00e0 l\u2019encontre de R. Hadjadji, le CRS de 59\u00a0ans, aujourd\u2019hui \u00e0 la retraite.<\/p>\n<p>\u00ab\u2009Le seul auquel il ment, c\u2019est lui\u2009\u00bb<\/p>\n<p class=\" wall-content\">Vendredi matin, les avocats de la famille d\u2019Aboubacar Fofana ont plaid\u00e9 pour leurs clients. \u00ab\u2009On parle de la mort d\u2019un homme\u2009\u00bb, rappelle Me Barri\u00e8re, pour qui la version du \u00ab\u2009tir accidentel\u2009\u00bb ne tient pas.<\/p>\n<blockquote class=\"ac-article-quote wall-content\">\n<p>Il n\u2019y a pas de douille dans le v\u00e9hicule, il n\u2019y a pas de poudre, il n\u2019y a pas d\u2019ADN sur l\u2019arme, il n\u2019y a pas de dysfonctionnement de l\u2019arme, il n\u2019y a pas de d\u00e9claration d\u2019accident \u00e0 la radio.<\/p>\n<p>Me Barri\u00e8re, avocat de la famille<\/p><\/blockquote>\n<p class=\" wall-content\">Un avis partag\u00e9 par son confr\u00e8re Me Creach, avocat du cousin de la victime, qui d\u00e9crit la th\u00e8se de l\u2019accident comme \u00ab\u2009confortable\u2009\u00bb. \u00ab\u2009Le seul auquel il ment, c\u2019est \u00e0 lui\u2009\u00bb, explique simplement Me Creach.<\/p>\n<p class=\" wall-content\">\n<p>Du sursis pour le CRS<\/p>\n<p class=\" wall-content\">Le procureur a finalement requis quatre ans de prison avec deux ans de sursis simple ainsi que <b>l\u2019interdiction d\u2019exercer<\/b> car si le CRS est \u00e0 la retraite depuis un an, il pourrait \u00eatre r\u00e9serviste. \u00ab\u2009C\u2019est la grandeur du m\u00e9tier de policier que de respecter la loi\u2009\u00bb, rappelle le magistrat qui regrette que le policier n\u2019ait pas reconnu sa faute mais reconna\u00eet ses \u00e9tats de service et l\u2019absence de risque de service.<\/p>\n<p class=\" wall-content\">Personnalisez votre actualit\u00e9 en ajoutant vos villes et m\u00e9dias en favori avec <a href=\"https:\/\/moncompte.actu.fr\" title=\"D\u00e9couvez Mon Actu\" rel=\"nofollow noopener\" data-trk=\"{&quot;cta&quot;:{&quot;action&quot;:&quot;https:\\\/\\\/moncompte.actu.fr&quot;,&quot;category&quot;:&quot;mon compte&quot;,&quot;from&quot;:&quot;article footer&quot;,&quot;name&quot;:&quot;Mon actu&quot;,&quot;type&quot;:&quot;cta&quot;}}\" target=\"_blank\">Mon Actu<\/a>.<\/p>\n","protected":false},"excerpt":{"rendered":"Par Laure Gentil Publi\u00e9 le 16 janv. 2026 \u00e0 12h48 En 2018, Aboubacar Fofana, 22\u00a0ans, a \u00e9t\u00e9 tu\u00e9&hellip;\n","protected":false},"author":2,"featured_media":667750,"comment_status":"","ping_status":"","sticky":false,"template":"","format":"standard","meta":{"footnotes":""},"categories":[2818],"tags":[1111,11,1777,674,118,1011,27,303,766,12,2636,1072,2694,25],"class_list":{"0":"post-667749","1":"post","2":"type-post","3":"status-publish","4":"format-standard","5":"has-post-thumbnail","7":"category-nantes","8":"tag-actu","9":"tag-actualites","10":"tag-eu","11":"tag-europe","12":"tag-faits-divers","13":"tag-fr","14":"tag-france","15":"tag-justice","16":"tag-nantes","17":"tag-news","18":"tag-pays-de-la-loire","19":"tag-police","20":"tag-proces","21":"tag-republique-francaise"},"share_on_mastodon":{"url":"https:\/\/pubeurope.com\/@fr\/115904965667433091","error":""},"_links":{"self":[{"href":"https:\/\/www.europesays.com\/fr\/wp-json\/wp\/v2\/posts\/667749","targetHints":{"allow":["GET"]}}],"collection":[{"href":"https:\/\/www.europesays.com\/fr\/wp-json\/wp\/v2\/posts"}],"about":[{"href":"https:\/\/www.europesays.com\/fr\/wp-json\/wp\/v2\/types\/post"}],"author":[{"embeddable":true,"href":"https:\/\/www.europesays.com\/fr\/wp-json\/wp\/v2\/users\/2"}],"replies":[{"embeddable":true,"href":"https:\/\/www.europesays.com\/fr\/wp-json\/wp\/v2\/comments?post=667749"}],"version-history":[{"count":0,"href":"https:\/\/www.europesays.com\/fr\/wp-json\/wp\/v2\/posts\/667749\/revisions"}],"wp:featuredmedia":[{"embeddable":true,"href":"https:\/\/www.europesays.com\/fr\/wp-json\/wp\/v2\/media\/667750"}],"wp:attachment":[{"href":"https:\/\/www.europesays.com\/fr\/wp-json\/wp\/v2\/media?parent=667749"}],"wp:term":[{"taxonomy":"category","embeddable":true,"href":"https:\/\/www.europesays.com\/fr\/wp-json\/wp\/v2\/categories?post=667749"},{"taxonomy":"post_tag","embeddable":true,"href":"https:\/\/www.europesays.com\/fr\/wp-json\/wp\/v2\/tags?post=667749"}],"curies":[{"name":"wp","href":"https:\/\/api.w.org\/{rel}","templated":true}]}}