{"id":66776,"date":"2025-05-01T11:32:09","date_gmt":"2025-05-01T11:32:09","guid":{"rendered":"https:\/\/www.europesays.com\/fr\/66776\/"},"modified":"2025-05-01T11:32:09","modified_gmt":"2025-05-01T11:32:09","slug":"combien-gagne-vraiment-patrick-hernandez","status":"publish","type":"post","link":"https:\/\/www.europesays.com\/fr\/66776\/","title":{"rendered":"Combien gagne vraiment Patrick Hernandez ?"},"content":{"rendered":"<p>Il fait partie de ces chanteurs embl\u00e9matiques de la chanson<br \/>\nfran\u00e7aise. C\u2019est en 1978 que Patrick Hernandez a d\u00e9voil\u00e9 son titre<br \/>\n<a href=\"https:\/\/www.closermag.fr\/vecu\/cette-chanson-des-annees-70-lui-rapporte-encore-des-millions-3538912\" rel=\"nofollow noopener\" target=\"_blank\"><br \/>\nBorn to be alive.<\/a> Un tube plan\u00e9taire qui lui a permis<br \/>\nde faire une belle carri\u00e8re et <strong>qui lui rapporte encore de<br \/>\nbelles sommes.<\/strong><\/p>\n<p>Dans une \u00e9mission sur C8, l\u2019artiste \u00e9tait revenu sur l\u2019origine<br \/>\nde cette chanson : \u201cJe chante un titre que j\u2019ai \u00e9crit et qui<br \/>\ns\u2019appelle Born to be wild en r\u00e9f\u00e9rence \u00e0 Steppenwolf. Je dois<br \/>\nchanger le mot. Le premier mot qui me vient \u00e0 l\u2019esprit c\u2019est<br \/>\n\u2018alive\u2019. M\u00eame si c\u2019est un pl\u00e9onasme. Mais \u00e7a fera sa petite<br \/>\ncarri\u00e8re\u201d, confie-t-il. A sa sortie, le tube est num\u00e9ro 1 dans<br \/>\n23 pays.\u00a0<\/p>\n<p>Patrick Hernandez gagne 1.500 euros par jour gr\u00e2ce \u00e0 Born to be<br \/>\nalive !<\/p>\n<p>Avec 25 millions de disques vendus, <a href=\"https:\/\/www.closermag.fr\/people\/patrick-hernandez-cet-incroyable-stratageme-pour-echapper-a-une-horde-de-fans-bresiliens-1567341\" rel=\"nofollow noopener\" target=\"_blank\"><br \/>\nPatrick Hernandez<\/a> est fier de cette musique. Et encore<br \/>\naujourd\u2019hui, elle lui rapporte gros :<br \/>\n<strong>\u201c<\/strong><strong>1.500 euros par jour<\/strong><br \/>\ntellement cette chanson diabolique est jou\u00e9e \u00e0 la radio, dans les<br \/>\ndiscoth\u00e8ques ou \u00e0 la t\u00e9l\u00e9vision. Je ne fais plus ce m\u00e9tier pour<br \/>\nl\u2019argent, mais pour le plaisir.\u201d.<\/p>\n<p>Sur le plateau de Touche pas \u00e0 mon poste, il indiquait : \u00ab\u00a0Il<br \/>\nfaut quand m\u00eame donner une explication \u00e0 \u00e7a parce que les chiffres<br \/>\nsont exacts effectivement\u00a0\u00bb, confiait le chanteur sur \u00ab\u00a0cette<br \/>\nfourchette assez large, entre 800 et 1 500 euros par jour\u00a0\u00bb.<br \/>\nAinsi, par an, Born to be alive lui rapporte la coquette<br \/>\nsomme de 547.000 euros.\u00a0<\/p>\n<p>Comment expliquer de tels gains ?<\/p>\n<p>Mais comment expliquer tant de succ\u00e8s et de revenus ?<br \/>\n<strong>\u00ab\u00a0J&rsquo;ai toutes les casquettes sur cette<br \/>\nchanson-l\u00e0,<\/strong> et donc sur une chanson [dont le succ\u00e8s] est<br \/>\nplan\u00e9taire, qu&rsquo;est-ce que tu veux ? \u00c7a rapporte un petit peu de<br \/>\nsous quand m\u00eame, forc\u00e9ment\u00a0\u00bb, avait-il pr\u00e9cis\u00e9 sur C8.<\/p>\n<p>Ainsi, tout l\u2019argent lui revient : \u00ab\u00a0Bien \u00e9videmment, il ne<br \/>\nte reste pas \u00e7a dans ta poche \u00e0 la fin de chaque jour ou de chaque<br \/>\nmois\u00a0\u00bb, a-t-il indiqu\u00e9. \u00ab\u00a0Cette chanson est un cas d&rsquo;\u00e9cole,<br \/>\nexceptionnel, [elle est] jou\u00e9e au Mexique, au P\u00e9rou, en Allemagne,<br \/>\nen Su\u00e8de\u00a0\u00bb. Mais le <a href=\"https:\/\/www.closermag.fr\/people\/madonna-a-t-elle-eu-une-liaison-avec-patrick-hernandez-la-star-du-disco-repond-1084157\" rel=\"nofollow noopener\" target=\"_blank\"><br \/>\nchanteur Patrick Hernandez<\/a> pr\u00e9cise que l\u2019argent ne l\u2019int\u00e9resse<br \/>\npas. \u00ab\u00a0Je ne suis pas pour amasser des fortunes. <strong>La vie<br \/>\nm\u2019a apport\u00e9 \u00e7a et je ne crache pas dessus.<\/strong> Honn\u00eatement je<br \/>\nsuis tr\u00e8s heureux, encore aujourd\u2019hui, d\u2019interpr\u00e9ter cette chanson.<br \/>\nDe v\u00e9hiculer ce message qui est tr\u00e8s positif\u00a0\u00bb.<\/p>\n","protected":false},"excerpt":{"rendered":"Il fait partie de ces chanteurs embl\u00e9matiques de la chanson fran\u00e7aise. C\u2019est en 1978 que Patrick Hernandez a&hellip;\n","protected":false},"author":2,"featured_media":66777,"comment_status":"","ping_status":"","sticky":false,"template":"","format":"standard","meta":{"footnotes":""},"categories":[1359],"tags":[548,58,59,1011,27,16749,973,14099],"class_list":{"0":"post-66776","1":"post","2":"type-post","3":"status-publish","4":"format-standard","5":"has-post-thumbnail","7":"category-people","8":"tag-article-simple","9":"tag-divertissement","10":"tag-entertainment","11":"tag-fr","12":"tag-france","13":"tag-patrick-h","14":"tag-people","15":"tag-salaire"},"share_on_mastodon":{"url":"https:\/\/pubeurope.com\/@fr\/114432360041877492","error":""},"_links":{"self":[{"href":"https:\/\/www.europesays.com\/fr\/wp-json\/wp\/v2\/posts\/66776","targetHints":{"allow":["GET"]}}],"collection":[{"href":"https:\/\/www.europesays.com\/fr\/wp-json\/wp\/v2\/posts"}],"about":[{"href":"https:\/\/www.europesays.com\/fr\/wp-json\/wp\/v2\/types\/post"}],"author":[{"embeddable":true,"href":"https:\/\/www.europesays.com\/fr\/wp-json\/wp\/v2\/users\/2"}],"replies":[{"embeddable":true,"href":"https:\/\/www.europesays.com\/fr\/wp-json\/wp\/v2\/comments?post=66776"}],"version-history":[{"count":0,"href":"https:\/\/www.europesays.com\/fr\/wp-json\/wp\/v2\/posts\/66776\/revisions"}],"wp:featuredmedia":[{"embeddable":true,"href":"https:\/\/www.europesays.com\/fr\/wp-json\/wp\/v2\/media\/66777"}],"wp:attachment":[{"href":"https:\/\/www.europesays.com\/fr\/wp-json\/wp\/v2\/media?parent=66776"}],"wp:term":[{"taxonomy":"category","embeddable":true,"href":"https:\/\/www.europesays.com\/fr\/wp-json\/wp\/v2\/categories?post=66776"},{"taxonomy":"post_tag","embeddable":true,"href":"https:\/\/www.europesays.com\/fr\/wp-json\/wp\/v2\/tags?post=66776"}],"curies":[{"name":"wp","href":"https:\/\/api.w.org\/{rel}","templated":true}]}}