{"id":667763,"date":"2026-01-16T13:22:11","date_gmt":"2026-01-16T13:22:11","guid":{"rendered":"https:\/\/www.europesays.com\/fr\/667763\/"},"modified":"2026-01-16T13:22:11","modified_gmt":"2026-01-16T13:22:11","slug":"apres-kaporal-et-naf-naf-deux-autres-boutiques-en-grand-danger-a-marseille","status":"publish","type":"post","link":"https:\/\/www.europesays.com\/fr\/667763\/","title":{"rendered":"Apr\u00e8s Kaporal et Naf Naf, deux autres boutiques en grand danger \u00e0 Marseille"},"content":{"rendered":"<p>                    Par<br \/>\n        <strong><br \/>\n            <a href=\"https:\/\/actu.fr\/auteur\/fabien-binacchi\" title=\"Consulter tous les articles de Fabien Binacchi\" target=\"_blank\" rel=\"noopener\">Fabien Binacchi<\/a><br \/>\n                    <\/strong><\/p>\n<p>        Publi\u00e9 le<\/p>\n<p>            16 janv. 2026 \u00e0 10h30        <\/p>\n<p>\u00ab\u2009Une success-story marseillaise\u2009\u00bb d\u00e9sormais dans le rouge. L\u2019entreprise de pr\u00eat-\u00e0-porter Jott, cr\u00e9\u00e9 en 2010 dans <a href=\"https:\/\/actu.fr\/marseille\/\" target=\"_blank\" rel=\"noopener\">la deuxi\u00e8me ville de France,<\/a> est en <strong>redressement judiciaire<\/strong> depuis le fin du mois de d\u00e9cembre 2025. Pr\u00e8s de 200 emplois sont menac\u00e9s. Et les 142 magasins de la marque, dont deux dans la cit\u00e9 phoc\u00e9enne, pourraient fermer. Une nouvelle mauvaise nouvelles apr\u00e8s les disparitions de <a href=\"https:\/\/actu.fr\/provence-alpes-cote-d-azur\/marseille_13055\/kaporal-doit-servir-de-lecon-a-marseille-mobilisation-contre-la-fast-fashion_62461562.html\" target=\"_blank\" rel=\"noopener\">Kaporal<\/a> ou encore <a href=\"https:\/\/actu.fr\/provence-alpes-cote-d-azur\/aix-en-provence_13001\/naf-naf-place-en-redressement-judiciaire-cette-boutique-menacee-dans-les-bouches-du-rhone_62675211.html\" target=\"_blank\" rel=\"noopener\">Naf Naf.<\/a> Explications.<\/p>\n<p>Une date butoir le 5\u00a0f\u00e9vrier 2026<\/p>\n<p class=\" wall-content\">La SAS Jott (Just over the top), connue pour ses doudounes color\u00e9es, est en grande difficult\u00e9. Le tribunal de commerce de Marseille a \u00e9t\u00e9 saisi apr\u00e8s une d\u00e9claration de cessation des paiements. Avec la proc\u00e9dure de redressement judiciaire qui vient d\u2019\u00eatre engag\u00e9e, c\u2019est une p\u00e9riode d\u2019observation de six mois qui a \u00e9t\u00e9 ouverte. Et elle est cruciale pour la p\u00e9rennit\u00e9 de l\u2019activit\u00e9 de la soci\u00e9t\u00e9 <strong>qui embauche 183\u00a0personnes.<\/strong><\/p>\n<p class=\" wall-content\">Avec une premi\u00e8re date butoir\u2009: le 5\u00a0f\u00e9vrier 2026. Une audience interm\u00e9diaire est fix\u00e9e afin de \u00ab\u2009statuer sur le m\u00e9rite de la poursuite de la p\u00e9riode d\u2019observation ou l\u2019\u00e9ventuelle conversion en liquidation judiciaire\u2009\u00bb. En clair, <strong>continuer ou arr\u00eater.<\/strong><\/p>\n<p>Dans les boutiques, \u00ab\u2009on croise les doigts\u2009\u00bb<\/p>\n<p class=\" wall-content\">En plus des cons\u00e9quences sociales, l\u2019ensemble du r\u00e9seau de boutiques pourrait donc mettre la cl\u00e9 sous la porte d\u00e8s cette date. \u00c0 Marseille, les magasins des <strong>Terrasses du Port<\/strong> (2e arrondissement) et du <strong>Centre commercial La Valentine<\/strong> (11e) sont concern\u00e9s.<\/p>\n<p class=\" wall-content\">Deux <a href=\"https:\/\/jott.com\/pages\/storelocator\" target=\"_blank\" rel=\"noopener\">autres adresses<\/a> dans le d\u00e9partement des Bouches-du-Rh\u00f4ne, \u00e0 <strong>Cassis et Aix-en-Provence,<\/strong> sont \u00e9galement suspendues \u00e0 la d\u00e9cision du tribunal.<\/p>\n<p class=\" wall-content\">\u00ab\u2009Nous attendons qu\u2019un repreneur se manifeste <strong>avant le 31\u00a0janvier<\/strong> de cette ann\u00e9e. Si rien ne se passe d\u2019ici l\u00e0\u2026 cela pourrait avoir de lourdes cons\u00e9quences, jusqu\u2019\u00e0 la fermeture. On croise les doigts\u2009\u00bb, a confi\u00e9 une vendeuse \u00e0 <a href=\"https:\/\/actu.fr\/bourgogne-franche-comte\/dijon_21231\/apres-camaieu-et-naf-naf-deux-autres-boutique-en-grand-danger-a-dijon_63696945.html\" target=\"_blank\" rel=\"noopener\">actu Dijon.<\/a><\/p>\n<p>Votre r\u00e9gion, votre actu !<\/p>\n<p>Recevez chaque jour les infos qui comptent pour vous.<\/p>\n<p>\t<a href=\"https:\/\/actu.fr\/newsletter\" class=\"ac-btn ac-btn--corner ac-btn--medium ac-btn--blue800\" target=\"_blank\" rel=\"noopener\">S&rsquo;incrire<\/a><br \/>\nLa concurrence des g\u00e9ants de l\u2019e-commerce<\/p>\n<p class=\" wall-content\">En attendant, les difficult\u00e9s rencontr\u00e9es par Jott ont fait vivement r\u00e9agir Mode in Sud, le syndicat des soci\u00e9t\u00e9s de pr\u00eat-\u00e0-porter de la r\u00e9gion, d\u00e9j\u00e0 touch\u00e9 par la liquidation de <a href=\"https:\/\/actu.fr\/provence-alpes-cote-d-azur\/marseille_13055\/kaporal-doit-servir-de-lecon-a-marseille-mobilisation-contre-la-fast-fashion_62461562.html\" target=\"_blank\" rel=\"noopener\">Kaporal<\/a> au printemps 2025. Selon son pr\u00e9sident, Jocelyn Meire, \u00ab\u2009la fragilisation d\u2019une marque fran\u00e7aise structurante face \u00e0 des d\u00e9fis \u00e9conomiques r\u00e9els illustre de fa\u00e7on aigu\u00eb les tensions qui traversent aujourd\u2019hui le secteur\u2009\u00bb. Il \u00e9voque notamment \u00ab\u2009l\u2019enjeu r\u00e9glementaire autour d\u2019un g\u00e9ant global de l\u2019e-commerce comme <strong>Shein<\/strong>\u2009\u00bb.<\/p>\n<blockquote class=\"ac-article-quote wall-content\">\n<p>Jott n\u2019est pas seulement une entreprise locale, mais une success-story marseillaise.<\/p>\n<p>    <strong>Jocelyn Meire<\/strong><br \/>\n        Pr\u00e9sident de Mode in Sud    <\/p><\/blockquote>\n<p class=\" wall-content\">Le pr\u00eat-\u00e0-porter fran\u00e7ais souffre d\u2019une grave crise depuis ces derni\u00e8res ann\u00e9es, plomb\u00e9 par\u00a0la concurrence de la seconde main et de la mode ultra-\u00e9ph\u00e9m\u00e8re venue d\u2019Asie.<\/p>\n<p class=\" wall-content\">Personnalisez votre actualit\u00e9 en ajoutant vos villes et m\u00e9dias en favori avec <a href=\"https:\/\/moncompte.actu.fr\" title=\"D\u00e9couvez Mon Actu\" rel=\"nofollow noopener\" data-trk=\"{&quot;cta&quot;:{&quot;action&quot;:&quot;https:\\\/\\\/moncompte.actu.fr&quot;,&quot;category&quot;:&quot;mon compte&quot;,&quot;from&quot;:&quot;article footer&quot;,&quot;name&quot;:&quot;Mon actu&quot;,&quot;type&quot;:&quot;cta&quot;}}\" target=\"_blank\">Mon Actu<\/a>.<\/p>\n","protected":false},"excerpt":{"rendered":"Par Fabien Binacchi Publi\u00e9 le 16 janv. 2026 \u00e0 10h30 \u00ab\u2009Une success-story marseillaise\u2009\u00bb d\u00e9sormais dans le rouge. L\u2019entreprise&hellip;\n","protected":false},"author":2,"featured_media":667764,"comment_status":"","ping_status":"","sticky":false,"template":"","format":"standard","meta":{"footnotes":""},"categories":[2814],"tags":[1111,11,215,33,1777,674,1011,27,303,884,12,882,25,43852],"class_list":{"0":"post-667763","1":"post","2":"type-post","3":"status-publish","4":"format-standard","5":"has-post-thumbnail","7":"category-marseille","8":"tag-actu","9":"tag-actualites","10":"tag-commerce","11":"tag-economie","12":"tag-eu","13":"tag-europe","14":"tag-fr","15":"tag-france","16":"tag-justice","17":"tag-marseille","18":"tag-news","19":"tag-provence-alpes-cote-dazur","20":"tag-republique-francaise","21":"tag-terrasse-du-port"},"share_on_mastodon":{"url":"https:\/\/pubeurope.com\/@fr\/115904993357182797","error":""},"_links":{"self":[{"href":"https:\/\/www.europesays.com\/fr\/wp-json\/wp\/v2\/posts\/667763","targetHints":{"allow":["GET"]}}],"collection":[{"href":"https:\/\/www.europesays.com\/fr\/wp-json\/wp\/v2\/posts"}],"about":[{"href":"https:\/\/www.europesays.com\/fr\/wp-json\/wp\/v2\/types\/post"}],"author":[{"embeddable":true,"href":"https:\/\/www.europesays.com\/fr\/wp-json\/wp\/v2\/users\/2"}],"replies":[{"embeddable":true,"href":"https:\/\/www.europesays.com\/fr\/wp-json\/wp\/v2\/comments?post=667763"}],"version-history":[{"count":0,"href":"https:\/\/www.europesays.com\/fr\/wp-json\/wp\/v2\/posts\/667763\/revisions"}],"wp:featuredmedia":[{"embeddable":true,"href":"https:\/\/www.europesays.com\/fr\/wp-json\/wp\/v2\/media\/667764"}],"wp:attachment":[{"href":"https:\/\/www.europesays.com\/fr\/wp-json\/wp\/v2\/media?parent=667763"}],"wp:term":[{"taxonomy":"category","embeddable":true,"href":"https:\/\/www.europesays.com\/fr\/wp-json\/wp\/v2\/categories?post=667763"},{"taxonomy":"post_tag","embeddable":true,"href":"https:\/\/www.europesays.com\/fr\/wp-json\/wp\/v2\/tags?post=667763"}],"curies":[{"name":"wp","href":"https:\/\/api.w.org\/{rel}","templated":true}]}}