{"id":667773,"date":"2026-01-16T13:28:11","date_gmt":"2026-01-16T13:28:11","guid":{"rendered":"https:\/\/www.europesays.com\/fr\/667773\/"},"modified":"2026-01-16T13:28:11","modified_gmt":"2026-01-16T13:28:11","slug":"dormir-pour-15-euros-au-sacre-coeur-a-paris-cest-possible-mais-il-y-a-une-contrepartie","status":"publish","type":"post","link":"https:\/\/www.europesays.com\/fr\/667773\/","title":{"rendered":"dormir pour 15 euros au Sacr\u00e9-C\u0153ur \u00e0 Paris, c&rsquo;est possible, mais il y a une contrepartie"},"content":{"rendered":"<p>                    Par<br \/>\n        <strong><br \/>\n            <a href=\"https:\/\/actu.fr\/auteur\/m-pomme\" title=\"Consulter tous les articles de Marie Pomme\" target=\"_blank\" rel=\"noopener\">Marie Pomme<\/a><br \/>\n                    <\/strong><\/p>\n<p>        Publi\u00e9 le<\/p>\n<p>            16 janv. 2026 \u00e0 14h01        <\/p>\n<p>Dormir au <a href=\"https:\/\/actu.fr\/tag\/sacre-coeur\" target=\"_blank\" rel=\"noopener\">Sacr\u00e9-C\u0153ur, \u00e0 Montmartre<\/a>, pour seulement 15\u00a0euros la nuit\u2009? Non, vous ne r\u00eavez pas, c\u2019est bien ce que propose <a href=\"https:\/\/actu.fr\/ile-de-france\/paris_75056\/le-sacre-coeur-a-paris-est-desormais-un-monument-historique_55846365.html\" target=\"_blank\" rel=\"noopener\">l\u2019embl\u00e9matique monument<\/a> de Paris, situ\u00e9 dans le 18e arrondissement. L\u2019occasion de se r\u00e9veiller avec une vue imprenable sur la capitale. Pour pouvoir y avoir acc\u00e8s, il faut prier. Litt\u00e9ralement. Car cette exp\u00e9rience insolite vient avec une contrepartie\u2009: entre 23\u00a0heures et 6\u00a0heures du matin, il faut choisir un cr\u00e9neau pour aller prier dans la basilique. C\u2019est ce qu\u2019on appelle la \u00ab\u2009nuit d\u2019adoration\u2009\u00bb. Le principe\u2009: conserver un relais pour que la <a href=\"https:\/\/actu.fr\/ile-de-france\/paris_75056\/pourquoi-des-pelerins-du-monde-entier-se-pressent-chaque-jour-que-dieu-fait-rue-du-bac-a-paris_59966968.html\" target=\"_blank\" rel=\"noopener\">pri\u00e8re<\/a> ne s\u2019interrompe jamais dans les murs. C\u2019est la mission qu\u2019elle a re\u00e7ue \u00e0 sa cons\u00e9cration\u2009: \u00eatre une intercession constante pour l\u2019\u00c9glise et le monde. Et \u00e7a dure depuis longtemps\u2009: sur son site internet, la basilique se ravit d\u2019accueillir les participants \u00ab\u00a0depuis le 1er ao\u00fbt 1885\u2033\u2026 C\u2019est-\u00e0-dire pratiquement son ouverture. Des guerres au <a href=\"https:\/\/actu.fr\/societe\/coronavirus\/a-l-eglise-saint-jean-baptiste-de-neuilly-les-retrouvailles-des-fideles-catholiques_33806942.html\" target=\"_blank\" rel=\"noopener\">covid<\/a>, rien n\u2019a jamais interrompu cette pri\u00e8re. Il n\u2019y a qu\u2019un jour et une nuit dans l\u2019ann\u00e9e o\u00f9 l\u2019adoration prend une pause\u2009: c\u2019est le jour et la nuit du <a href=\"https:\/\/actu.fr\/societe\/une-journee-de-deuil-que-symbolise-vraiment-le-vendredi-saint-dans-la-tradition-chretienne_62522265.html\" target=\"_blank\" rel=\"noopener\">Vendredi saint<\/a>.<\/p>\n<p>Logement, repas, pri\u00e8re\u2026<\/p>\n<p class=\" wall-content\">En pratique, plusieurs types de logement sont propos\u00e9s, avec des tarifs diff\u00e9rents, allant de 15\u00a0euros en dortoir \u00e0 45\u00a0euros pour une chambre individuelle avec douche et toilettes. Le d\u00eener, servi \u00e0 19\u2009h\u200930, est soumis \u00e0 r\u00e9servation et co\u00fbte entre 10 et 15\u00a0euros. Sinon, il est possible d\u2019arriver apr\u00e8s le repas, entre 20\u2009h\u200930 et 21\u2009h\u200930. Le lendemain matin, le petit-d\u00e9jeuner, ouvert de 7\u00a0heures \u00e0 8\u2009h\u200930, est offert pour toute personne ayant particip\u00e9 \u00e0 la nuit d\u2019adoration.<\/p>\n<p>    <img   decoding=\"async\" loading=\"lazy\" src=\"https:\/\/www.europesays.com\/fr\/wp-content\/uploads\/2026\/01\/capture-decran-2026-01-16-114831-960x640.png\" alt=\"La chambre partag\u00e9e (photo ci-contre) avec lavabo, douche et toilettes, co\u00fbte 40 euros.\" width=\"960\" height=\"640\"\/><br \/>\n    La chambre partag\u00e9e (photo ci-contre) avec lavabo et douche co\u00fbte 35\u00a0euros. Rajoutez 5\u00a0euros pour une chambre avec toilettes privatives. (\u00a9Capture d\u2019\u00e9cran sacre-coeur-montmartre.com)<\/p>\n<p class=\" wall-content\">L\u2019accueil de la nuit d\u2019adoration se fait entre 20\u2009h\u200915 et 21\u2009h\u200930. \u00ab\u2009Lors de votre accueil, vous \u00eates dirig\u00e9 vers votre dortoir ou votre chambre. D\u00e8s cet accueil, vous choisissez l\u2019heure \u00e0 laquelle vous souhaitez prier pendant la nuit entre 23\u00a0heures et 6\u00a0heures en veillant, avec nous, \u00e0 ce que le relais de pri\u00e8re soit respect\u00e9\u2009\u00bb, pr\u00e9cise le <a href=\"https:\/\/www.sacre-coeur-montmartre.com\/app\/uploads\/2024\/01\/tarif-hotellerie.pdf\" target=\"_blank\" rel=\"noopener\">site internet<\/a>.<\/p>\n<p class=\" wall-content\">En pleine nuit, pas besoin de sortir \u00e0 l\u2019ext\u00e9rieur pour se rendre sur les bancs de la pri\u00e8re, un couloir relie les chambres \u00e0 la basilique. L\u00e0, il faut donner une heure de sa nuit pour prier\u2009; pour les ath\u00e9es et les agnostiques, c\u2019est aussi une invitation \u00e0 l\u2019introspection, sous le d\u00f4me spectaculaire du Sacr\u00e9-C\u0153ur.<\/p>\n<p>Pratique<br \/>\nInscriptions au moins 24\u00a0heures \u00e0 l\u2019avance. Par t\u00e9l\u00e9phone au 01\u200953\u200941\u200989\u200900 entre 9\u2009h et 18\u2009h. Renseignements sur le <a href=\"http:\/\/www.sacre-coeur-montmartre.com\" target=\"_blank\" rel=\"noopener\">site internet<\/a>.<\/p>\n<p class=\" wall-content\">Personnalisez votre actualit\u00e9 en ajoutant vos villes et m\u00e9dias en favori avec <a href=\"https:\/\/moncompte.actu.fr\" title=\"D\u00e9couvez Mon Actu\" rel=\"nofollow noopener\" data-trk=\"{&quot;cta&quot;:{&quot;action&quot;:&quot;https:\\\/\\\/moncompte.actu.fr&quot;,&quot;category&quot;:&quot;mon compte&quot;,&quot;from&quot;:&quot;article footer&quot;,&quot;name&quot;:&quot;Mon actu&quot;,&quot;type&quot;:&quot;cta&quot;}}\" target=\"_blank\">Mon Actu<\/a>.<\/p>\n","protected":false},"excerpt":{"rendered":"Par Marie Pomme Publi\u00e9 le 16 janv. 2026 \u00e0 14h01 Dormir au Sacr\u00e9-C\u0153ur, \u00e0 Montmartre, pour seulement 15\u00a0euros&hellip;\n","protected":false},"author":2,"featured_media":667774,"comment_status":"","ping_status":"","sticky":false,"template":"","format":"standard","meta":{"footnotes":""},"categories":[1888],"tags":[1111,1928,11,1927,1777,674,1011,27,1757,12,1926,626,1925,4020,25,61084,104],"class_list":{"0":"post-667773","1":"post","2":"type-post","3":"status-publish","4":"format-standard","5":"has-post-thumbnail","7":"category-paris","8":"tag-actu","9":"tag-actu-paris","10":"tag-actualites","11":"tag-actualites-paris","12":"tag-eu","13":"tag-europe","14":"tag-fr","15":"tag-france","16":"tag-insolite","17":"tag-news","18":"tag-news-paris","19":"tag-paris","20":"tag-paris-news","21":"tag-religion","22":"tag-republique-francaise","23":"tag-sacre-coeur","24":"tag-societe"},"share_on_mastodon":{"url":"https:\/\/pubeurope.com\/@fr\/115905017001532242","error":""},"_links":{"self":[{"href":"https:\/\/www.europesays.com\/fr\/wp-json\/wp\/v2\/posts\/667773","targetHints":{"allow":["GET"]}}],"collection":[{"href":"https:\/\/www.europesays.com\/fr\/wp-json\/wp\/v2\/posts"}],"about":[{"href":"https:\/\/www.europesays.com\/fr\/wp-json\/wp\/v2\/types\/post"}],"author":[{"embeddable":true,"href":"https:\/\/www.europesays.com\/fr\/wp-json\/wp\/v2\/users\/2"}],"replies":[{"embeddable":true,"href":"https:\/\/www.europesays.com\/fr\/wp-json\/wp\/v2\/comments?post=667773"}],"version-history":[{"count":0,"href":"https:\/\/www.europesays.com\/fr\/wp-json\/wp\/v2\/posts\/667773\/revisions"}],"wp:featuredmedia":[{"embeddable":true,"href":"https:\/\/www.europesays.com\/fr\/wp-json\/wp\/v2\/media\/667774"}],"wp:attachment":[{"href":"https:\/\/www.europesays.com\/fr\/wp-json\/wp\/v2\/media?parent=667773"}],"wp:term":[{"taxonomy":"category","embeddable":true,"href":"https:\/\/www.europesays.com\/fr\/wp-json\/wp\/v2\/categories?post=667773"},{"taxonomy":"post_tag","embeddable":true,"href":"https:\/\/www.europesays.com\/fr\/wp-json\/wp\/v2\/tags?post=667773"}],"curies":[{"name":"wp","href":"https:\/\/api.w.org\/{rel}","templated":true}]}}