{"id":667775,"date":"2026-01-16T13:29:10","date_gmt":"2026-01-16T13:29:10","guid":{"rendered":"https:\/\/www.europesays.com\/fr\/667775\/"},"modified":"2026-01-16T13:29:10","modified_gmt":"2026-01-16T13:29:10","slug":"paris-un-pieton-de-33-ans-tue-par-un-chauffeur-vtc-qui-assure-avoir-ete-victime-dun-malaise","status":"publish","type":"post","link":"https:\/\/www.europesays.com\/fr\/667775\/","title":{"rendered":"Paris : Un pi\u00e9ton de 33 ans tu\u00e9 par un chauffeur VTC, qui assure avoir \u00e9t\u00e9 victime d\u2019un malaise"},"content":{"rendered":"<p class=\"mb-4 text-lg md:leading-8 break-words\"><strong>enqu\u00eate &#8211; Un chauffeur VTC a \u00e9t\u00e9 mis en examen apr\u00e8s la mort d\u2019un pi\u00e9ton qu\u2019il a violemment percut\u00e9\u00a0\u00e0 Paris dans la nuit du 9 au 10\u00a0janvier. Il affirme avoir \u00e9t\u00e9 victime d\u2019un malaise<\/strong><\/p>\n<p class=\"mb-4 text-lg md:leading-8 break-words\">Que s\u2019est-il r\u00e9ellement pass\u00e9 dans le 15e\u00a0arrondissement de <a href=\"https:\/\/www.20minutes.fr\/paris\/?at_medium=RSS%20feed&amp;at_campaign=ynews&amp;utm_source=yahoo&amp;utm_medium=rss&amp;utm_campaign=news_feed&amp;utm_content=in_article_link\" rel=\"nofollow noopener\" target=\"_blank\" data-ylk=\"slk:Paris;elm:context_link;itc:0;sec:content-canvas\" class=\"link \">Paris<\/a> dans la nuit du 9 au 10\u00a0janvier\u00a0? Un homme, qui marchait sur le trottoir, a \u00e9t\u00e9 <a href=\"https:\/\/www.20minutes.fr\/faits_divers\/faits-divers-paris\/4195208-20260109-paris-pieton-urgence-absolue-apres-avoir-percute-vtc-fini-course-bar?at_medium=RSS%20feed&amp;at_campaign=ynews&amp;utm_source=yahoo&amp;utm_medium=rss&amp;utm_campaign=news_feed&amp;utm_content=in_article_link\" rel=\"nofollow noopener\" target=\"_blank\" data-ylk=\"slk:mortellement fauch\u00e9 par un chauffeur VTC;elm:context_link;itc:0;sec:content-canvas\" class=\"link \">mortellement fauch\u00e9 par un chauffeur VTC<\/a>. Selon une information r\u00e9v\u00e9l\u00e9e par <a href=\"https:\/\/www.leparisien.fr\/faits-divers\/paris-le-chauffeur-vtc-qui-a-mortellement-renverse-un-pieton-aurait-ete-victime-dun-malaise-16-01-2026-247GE67VXVCGZMIOCMQEM5KQJ4.php?at_medium=RSS%20feed&amp;at_campaign=ynews&amp;utm_source=yahoo&amp;utm_medium=rss&amp;utm_campaign=news_feed&amp;utm_content=in_article_link\" rel=\"nofollow noopener\" target=\"_blank\" data-ylk=\"slk:Le Parisien;elm:context_link;itc:0;sec:content-canvas\" class=\"link \">Le Parisien<\/a> ce vendredi, le conducteur affirme avoir \u00e9t\u00e9 victime d\u2019un malaise mais \u00ab\u00a0les enqu\u00eateurs sont perplexes\u00a0\u00bb.<\/p>\n<p class=\"mb-4 text-lg md:leading-8 break-words\">Les faits se sont d\u00e9roul\u00e9s vers 2 heures du matin. Apr\u00e8s avoir quitt\u00e9 la route, le v\u00e9hicule est mont\u00e9 sur le trottoir et a violemment percut\u00e9 un habitant du quartier \u00e2g\u00e9 de 33 ans. Gravement bless\u00e9, il a \u00e9t\u00e9 transport\u00e9 \u00e0 l\u2019h\u00f4pital o\u00f9 il est malheureusement d\u00e9c\u00e9d\u00e9. Le conducteur de 44 ans a lui aussi \u00e9t\u00e9 hospitalis\u00e9 avant d\u2019\u00eatre plac\u00e9 en garde \u00e0 vue.<\/p>\n<p>D\u00e9j\u00e0 condamn\u00e9 pour avoir exerc\u00e9 clandestinement<\/p>\n<p class=\"mb-4 text-lg md:leading-8 break-words\">Auditionn\u00e9, il a affirm\u00e9 avoir \u00e9t\u00e9 victime d\u2019un malaise au volant et les deux clients qui se trouvaient alors dans son van ont confirm\u00e9 sa version. Mais d\u2019apr\u00e8s une source proche du dossier cit\u00e9e par nos confr\u00e8res, les enqu\u00eateurs \u00ab\u00a0sont perplexes et peinent \u00e0 trouver les causes profondes de l\u2019accident\u00a0\u00bb. Car le chauffeur VTC \u00ab\u00a0n\u2019\u00e9tait pas fatigu\u00e9 et n\u2019avait pris aucun produit psychotrope\u00a0\u00bb.<\/p>\n<p class=\"mb-4 text-lg md:leading-8 break-words\">L\u2019enqu\u00eate se poursuit donc pour d\u00e9terminer les circonstances pr\u00e9cises des faits. D\u2019apr\u00e8s le quotidien francilien, le mis en cause n\u2019a jamais obtenu le dipl\u00f4me de VTC et a\u00a0d\u00e9j\u00e0 \u00e9t\u00e9 condamn\u00e9 pour avoir exerc\u00e9 clandestinement cette profession. Il\u00a0a \u00e9t\u00e9 mis en examen jeudi pour homicide involontaire avant d\u2019\u00eatre remis en libert\u00e9 sous contr\u00f4le judiciaire.<\/p>\n<p class=\"mb-4 text-lg md:leading-8 break-words\"><a href=\"https:\/\/www.20minutes.fr\/faits_divers\/4196420-20260116-paris-pieton-33-ans-tue-chauffeur-vtc-assure-avoir-victime-malaise?at_medium=RSS%20feed&amp;at_campaign=ynews&amp;utm_source=yahoo&amp;utm_medium=rss&amp;utm_campaign=news_feed&amp;utm_content=read_more_link&quot;\" rel=\"nofollow noopener\" target=\"_blank\" data-ylk=\"slk:Lire la suite sur 20minutes;elm:context_link;itc:0;sec:content-canvas\" class=\"link \">Lire la suite sur 20minutes<\/a><\/p>\n<p>\u00c0 lire aussi :<br \/><a href=\"https:\/\/www.20minutes.fr\/faits_divers\/4182106-20251028-manche-pieton-25-ans-meurt-apres-avoir-fauche-voiture?at_medium=RSS%20feed&amp;at_campaign=ynews&amp;utm_source=yahoo&amp;utm_medium=rss&amp;utm_campaign=news_feed&amp;utm_content=related_content_link\" rel=\"nofollow noopener\" target=\"_blank\" data-ylk=\"slk:Manche\u00a0: Un pi\u00e9ton de 25 ans meurt apr\u00e8s avoir \u00e9t\u00e9 fauch\u00e9 par une voiture;elm:context_link;itc:0;sec:content-canvas\" class=\"link \">Manche\u00a0: Un pi\u00e9ton de 25 ans meurt apr\u00e8s avoir \u00e9t\u00e9 fauch\u00e9 par une voiture<\/a><br \/><a href=\"https:\/\/www.20minutes.fr\/faits_divers\/faits-divers-paris\/4195208-20260109-paris-pieton-urgence-absolue-apres-avoir-percute-vtc-fini-course-bar?at_medium=RSS%20feed&amp;at_campaign=ynews&amp;utm_source=yahoo&amp;utm_medium=rss&amp;utm_campaign=news_feed&amp;utm_content=related_content_link\" rel=\"nofollow noopener\" target=\"_blank\" data-ylk=\"slk:Paris\u00a0: Un pi\u00e9ton en urgence absolue apr\u00e8s avoir \u00e9t\u00e9 percut\u00e9 par un VTC qui a fini sa course dans un bar;elm:context_link;itc:0;sec:content-canvas\" class=\"link \">Paris\u00a0: Un pi\u00e9ton en urgence absolue apr\u00e8s avoir \u00e9t\u00e9 percut\u00e9 par un VTC qui a fini sa course dans un bar<\/a><\/p>\n","protected":false},"excerpt":{"rendered":"enqu\u00eate &#8211; Un chauffeur VTC a \u00e9t\u00e9 mis en examen apr\u00e8s la mort d\u2019un pi\u00e9ton qu\u2019il a violemment&hellip;\n","protected":false},"author":2,"featured_media":667776,"comment_status":"","ping_status":"","sticky":false,"template":"","format":"standard","meta":{"footnotes":""},"categories":[1888],"tags":[29690,1111,1928,11,1927,2883,1777,674,1011,27,33355,12,1926,626,1925,29988,25,9699],"class_list":{"0":"post-667775","1":"post","2":"type-post","3":"status-publish","4":"format-standard","5":"has-post-thumbnail","7":"category-paris","8":"tag-33-ans","9":"tag-actu","10":"tag-actu-paris","11":"tag-actualites","12":"tag-actualites-paris","13":"tag-ete","14":"tag-eu","15":"tag-europe","16":"tag-fr","17":"tag-france","18":"tag-malaise","19":"tag-news","20":"tag-news-paris","21":"tag-paris","22":"tag-paris-news","23":"tag-pieton","24":"tag-republique-francaise","25":"tag-vtc"},"share_on_mastodon":{"url":"https:\/\/pubeurope.com\/@fr\/115905020946455170","error":""},"_links":{"self":[{"href":"https:\/\/www.europesays.com\/fr\/wp-json\/wp\/v2\/posts\/667775","targetHints":{"allow":["GET"]}}],"collection":[{"href":"https:\/\/www.europesays.com\/fr\/wp-json\/wp\/v2\/posts"}],"about":[{"href":"https:\/\/www.europesays.com\/fr\/wp-json\/wp\/v2\/types\/post"}],"author":[{"embeddable":true,"href":"https:\/\/www.europesays.com\/fr\/wp-json\/wp\/v2\/users\/2"}],"replies":[{"embeddable":true,"href":"https:\/\/www.europesays.com\/fr\/wp-json\/wp\/v2\/comments?post=667775"}],"version-history":[{"count":0,"href":"https:\/\/www.europesays.com\/fr\/wp-json\/wp\/v2\/posts\/667775\/revisions"}],"wp:featuredmedia":[{"embeddable":true,"href":"https:\/\/www.europesays.com\/fr\/wp-json\/wp\/v2\/media\/667776"}],"wp:attachment":[{"href":"https:\/\/www.europesays.com\/fr\/wp-json\/wp\/v2\/media?parent=667775"}],"wp:term":[{"taxonomy":"category","embeddable":true,"href":"https:\/\/www.europesays.com\/fr\/wp-json\/wp\/v2\/categories?post=667775"},{"taxonomy":"post_tag","embeddable":true,"href":"https:\/\/www.europesays.com\/fr\/wp-json\/wp\/v2\/tags?post=667775"}],"curies":[{"name":"wp","href":"https:\/\/api.w.org\/{rel}","templated":true}]}}