{"id":667811,"date":"2026-01-16T13:51:10","date_gmt":"2026-01-16T13:51:10","guid":{"rendered":"https:\/\/www.europesays.com\/fr\/667811\/"},"modified":"2026-01-16T13:51:10","modified_gmt":"2026-01-16T13:51:10","slug":"adriana-karembeu-54-ans-dit-sans-tabou-ce-quelle-aime-faire-sous-la-couette-je-fais-tout-meme","status":"publish","type":"post","link":"https:\/\/www.europesays.com\/fr\/667811\/","title":{"rendered":"Adriana Karembeu (54 ans) dit sans tabou ce qu&rsquo;elle aime faire sous la couette : \u00ab\u00a0Je fais tout, m\u00eame&#8230;\u00a0\u00bb"},"content":{"rendered":"<p>Pendant de nombreuses ann\u00e9es, Adriana Karembeu a marqu\u00e9 les<br \/>\nesprits dans le monde de la mode et des m\u00e9dias. Avec sa silhouette<br \/>\n\u00e9lanc\u00e9e et son charisme naturel, cette derni\u00e8re est parvenue \u00e0<br \/>\ns\u2019imposer sur les podiums mondiaux aux c\u00f4t\u00e9s de Victoria\u2019s Secret<br \/>\net Roberto Cavalli. V\u00e9ritable bombe, elle a m\u00eame \u00e9t\u00e9 consacr\u00e9e<br \/>\nfemme la plus sexy du monde selon FHM en 2006. Par la suite,<br \/>\nAdriana Karembeu est \u00e9galement parvenue \u00e0 s\u00e9duire au cin\u00e9ma,<br \/>\nnotamment dans Ast\u00e9rix aux Jeux olympiques en 2008. Avant de se<br \/>\nd\u00e9marquer \u00e0 la t\u00e9l\u00e9vision dans des \u00e9missions comme Top Model, Les<br \/>\nPouvoirs extraordinaires du corps humain ou encore Danse avec les<br \/>\nstars.<\/p>\n<p>Une vie particuli\u00e8rement mouvement\u00e9e<\/p>\n<p>\u00c0 54 ans, Adriana Karembeu refuse de s\u2019enfermer dans le confort<br \/>\nd\u2019un quotidien bien rang\u00e9. La femme d\u2019affaires vit au rythme des<br \/>\nfuseaux horaires. Entrepreneuse hyperactive et visage embl\u00e9matique<br \/>\ndu petit-\u00e9cran, <strong>elle a fait du mouvement son mode de<br \/>\nvie<\/strong>. Elle jongle avec une \u00e9nergie d\u00e9bordante entre ses<br \/>\ndiff\u00e9rents projets, pr\u00e9f\u00e9rant l\u2019effervescence des a\u00e9roports au<br \/>\ncalme d\u2019un salon.<\/p>\n<p>En effet, <a href=\"https:\/\/www.melty.fr\/people\/meconnaissable-adriana-karembeu-se-rase-la-moitie-du-crane-les-cheveux-courts-lui-vont-divinement-bien-2281511.html\" target=\"_blank\" rel=\"noopener\"><br \/>\ncelle qui a surpris avec sa nouvelle coupe de cheveux<\/a> se trouve<br \/>\nsouvent entre deux nuages ou dans le hall d\u2019un h\u00f4tel. <strong>Loin<br \/>\nde subir ce rythme effr\u00e9n\u00e9, elle l\u2019embrasse avec passion<\/strong>,<br \/>\nquitte \u00e0 r\u00e9inventer totalement sa mani\u00e8re de vivre. Pour Adriana<br \/>\nKarembeu, la routine est un luxe dont elle ne veut pas. Chaque<br \/>\nvalise boucl\u00e9e est la promesse d\u2019un nouveau d\u00e9fi et d\u2019une<br \/>\norganisation millim\u00e9tr\u00e9e qu\u2019elle a su b\u00e2tir sur mesure. Une fa\u00e7on<br \/>\nde vivre sur laquelle cette derni\u00e8re n\u2019a pas manqu\u00e9 de se<br \/>\nconfier.<\/p>\n<p>L\u2019ex-top model cash sur son rythme de vie<\/p>\n<p>Lors d\u2019un entretien avec Pure People, Adriana Karembeu est<br \/>\nrevenue sur son rythme de vie. Un quotidien marqu\u00e9 par de nombreux<br \/>\nd\u00e9placements. Mais si pour certains cela serait fatigant, ce n\u2019est<br \/>\npas le cas pour <a href=\"https:\/\/www.melty.fr\/people\/en-couple-avec-marc-lavoine-adriana-karembeu-balance-une-verite-rien-de-pire-quun-homme-2275125.html\" target=\"_blank\" rel=\"noopener\"><br \/>\nla compagne de Marc Lavoine.<\/a> Il faut dire qu\u2019avec le temps,<br \/>\n<strong>elle a fini par s\u2019y habituer<\/strong>. En effet, cela fait<br \/>\nplus de trois d\u00e9cennies que la quinquag\u00e9naire m\u00e8ne ce style de vie.<br \/>\nUne habitude qui a pouss\u00e9 cette derni\u00e8re a d\u00e9test\u00e9 la routine.<\/p>\n<p>\u201cDepuis que je suis mannequin, <strong>depuis que j\u2019ai 20<br \/>\nans, je n\u2019arr\u00eate pas<\/strong>. Je prends l\u2019avion six fois par<br \/>\nsemaine. C\u2019est une normalit\u00e9 pour moi. La seule pause que je me<br \/>\nsuis donn\u00e9, c\u2019est quand j\u2019avais la petite qui \u00e9tait vraiment<br \/>\npetite\u201d, a-t-elle confi\u00e9. Avant de poursuivre : \u201cMais je<br \/>\nvis dans les valises, <strong>il y a toujours des valises chez<br \/>\nmoi<\/strong>. Tout est pr\u00eat, je choisis ma valise en fonction de la<br \/>\ntemp\u00e9rature du pays dans lequel je vais. Mais j\u2019aime bien, il n\u2019y a<br \/>\npas de routine. <strong>La routine, c\u2019est chiant !<\/strong><br \/>\n\u201d<\/p>\n<p>Adriana Karembeu sans d\u00e9tour sur ces<br \/>\nchoses qu\u2019elle appr\u00e9cie faire dans le lit<\/p>\n<p>\u00c0 force de parcourir le globe, Adriana Karembeu a fini par<br \/>\npercer le secret de la stabilit\u00e9. \u00c0 savoir se cr\u00e9er un sanctuaire<br \/>\nmobile. Peu importe la ville ou la langue parl\u00e9e \u00e0 l\u2019ext\u00e9rieur,<br \/>\nelle s\u2019est am\u00e9nag\u00e9e un cocon immuable. Un lieu \u00e0 la fois<br \/>\nfonctionnel et protecteur qui lui sert de boussole. C\u2019est<br \/>\nd\u2019ailleurs dans ce r\u00e9gime intime, devenu le v\u00e9ritable c\u0153ur battant<br \/>\nde ses activit\u00e9s, qu\u2019elle puise l\u2019\u00e9nergie n\u00e9cessaire pour g\u00e9rer sa<br \/>\nvie de femme d\u2019affaires.<\/p>\n<p>Toujours lors de son entretien avec Pure People, elle a lev\u00e9 le<br \/>\nvoile sur cette routine surprenante. \u201cJe fais tout dans mon<br \/>\nlit, tout ! Je mange m\u00eame dans mon lit. Mais je suis propre, je<br \/>\nmange proprement ! Oui, <strong>je fais tout dans mon lit, mon<br \/>\nbureau est dans le lit.<\/strong> [\u2026] Je travaille en France et<br \/>\naussi ailleurs d\u2019ailleurs, mais de temps en temps en France, de<br \/>\ntemps en temps en Italie, \u00e7a d\u00e9pend\u2026 \u201d<\/p>\n","protected":false},"excerpt":{"rendered":"Pendant de nombreuses ann\u00e9es, Adriana Karembeu a marqu\u00e9 les esprits dans le monde de la mode et des&hellip;\n","protected":false},"author":2,"featured_media":667812,"comment_status":"","ping_status":"","sticky":false,"template":"","format":"standard","meta":{"footnotes":""},"categories":[1359],"tags":[6382,58,59,1011,27,973,65861],"class_list":{"0":"post-667811","1":"post","2":"type-post","3":"status-publish","4":"format-standard","5":"has-post-thumbnail","7":"category-people","8":"tag-adriana-karembeu","9":"tag-divertissement","10":"tag-entertainment","11":"tag-fr","12":"tag-france","13":"tag-people","14":"tag-trend"},"share_on_mastodon":{"url":"https:\/\/pubeurope.com\/@fr\/115905107441793097","error":""},"_links":{"self":[{"href":"https:\/\/www.europesays.com\/fr\/wp-json\/wp\/v2\/posts\/667811","targetHints":{"allow":["GET"]}}],"collection":[{"href":"https:\/\/www.europesays.com\/fr\/wp-json\/wp\/v2\/posts"}],"about":[{"href":"https:\/\/www.europesays.com\/fr\/wp-json\/wp\/v2\/types\/post"}],"author":[{"embeddable":true,"href":"https:\/\/www.europesays.com\/fr\/wp-json\/wp\/v2\/users\/2"}],"replies":[{"embeddable":true,"href":"https:\/\/www.europesays.com\/fr\/wp-json\/wp\/v2\/comments?post=667811"}],"version-history":[{"count":0,"href":"https:\/\/www.europesays.com\/fr\/wp-json\/wp\/v2\/posts\/667811\/revisions"}],"wp:featuredmedia":[{"embeddable":true,"href":"https:\/\/www.europesays.com\/fr\/wp-json\/wp\/v2\/media\/667812"}],"wp:attachment":[{"href":"https:\/\/www.europesays.com\/fr\/wp-json\/wp\/v2\/media?parent=667811"}],"wp:term":[{"taxonomy":"category","embeddable":true,"href":"https:\/\/www.europesays.com\/fr\/wp-json\/wp\/v2\/categories?post=667811"},{"taxonomy":"post_tag","embeddable":true,"href":"https:\/\/www.europesays.com\/fr\/wp-json\/wp\/v2\/tags?post=667811"}],"curies":[{"name":"wp","href":"https:\/\/api.w.org\/{rel}","templated":true}]}}