{"id":667813,"date":"2026-01-16T13:52:18","date_gmt":"2026-01-16T13:52:18","guid":{"rendered":"https:\/\/www.europesays.com\/fr\/667813\/"},"modified":"2026-01-16T13:52:18","modified_gmt":"2026-01-16T13:52:18","slug":"challenge-jacqueline-combier-a-vos-appareils-photos","status":"publish","type":"post","link":"https:\/\/www.europesays.com\/fr\/667813\/","title":{"rendered":"Challenge Jacqueline Combier &#8211; A vos appareils photos !"},"content":{"rendered":"<p><img fetchpriority=\"high\" decoding=\"async\" data-attachment-id=\"208917\" data-permalink=\"https:\/\/linformateurdebourgogne.com\/challenge-jacqueline-combier-a-vos-appareils-photos\/photo-29\/\" data-orig-file=\"https:\/\/linformateurdebourgogne.com\/wp-content\/uploads\/2026\/01\/photo-e1768523933831.jpg\" data-orig-size=\"584,407\" data-comments-opened=\"0\" data-image-meta=\"{&quot;aperture&quot;:&quot;0&quot;,&quot;credit&quot;:&quot;&quot;,&quot;camera&quot;:&quot;&quot;,&quot;caption&quot;:&quot;&quot;,&quot;created_timestamp&quot;:&quot;0&quot;,&quot;copyright&quot;:&quot;&quot;,&quot;focal_length&quot;:&quot;0&quot;,&quot;iso&quot;:&quot;0&quot;,&quot;shutter_speed&quot;:&quot;0&quot;,&quot;title&quot;:&quot;&quot;,&quot;orientation&quot;:&quot;0&quot;}\" data-image-title=\"photo\" data-image-description=\"\" data-image-caption=\"\" data-medium-file=\"https:\/\/linformateurdebourgogne.com\/wp-content\/uploads\/2026\/01\/photo-e1768523933831-300x209.jpg\" data-large-file=\"https:\/\/linformateurdebourgogne.com\/wp-content\/uploads\/2026\/01\/photo-e1768523933831.jpg\" class=\"alignnone wp-image-208917 size-full\" src=\"https:\/\/www.europesays.com\/fr\/wp-content\/uploads\/2026\/01\/photo.jpg\" alt=\"\" width=\"800\" height=\"407\"\/><\/p>\n<p><img loading=\"lazy\" decoding=\"async\" data-attachment-id=\"208849\" data-permalink=\"https:\/\/linformateurdebourgogne.com\/blanzy-la-nuit-de-la-lecture-le-rat-en-invite-dhonneur\/vide-158\/\" data-orig-file=\"https:\/\/linformateurdebourgogne.com\/wp-content\/uploads\/2026\/01\/vide-4.png\" data-orig-size=\"455,37\" data-comments-opened=\"0\" data-image-meta=\"{&quot;aperture&quot;:&quot;0&quot;,&quot;credit&quot;:&quot;&quot;,&quot;camera&quot;:&quot;&quot;,&quot;caption&quot;:&quot;&quot;,&quot;created_timestamp&quot;:&quot;0&quot;,&quot;copyright&quot;:&quot;&quot;,&quot;focal_length&quot;:&quot;0&quot;,&quot;iso&quot;:&quot;0&quot;,&quot;shutter_speed&quot;:&quot;0&quot;,&quot;title&quot;:&quot;&quot;,&quot;orientation&quot;:&quot;0&quot;}\" data-image-title=\"vide\" data-image-description=\"\" data-image-caption=\"\" data-medium-file=\"https:\/\/www.europesays.com\/fr\/wp-content\/uploads\/2026\/01\/vide-4-300x24.png\" data-large-file=\"https:\/\/linformateurdebourgogne.com\/wp-content\/uploads\/2026\/01\/vide-4.png\" class=\"alignnone size-medium wp-image-208849\" src=\"https:\/\/www.europesays.com\/fr\/wp-content\/uploads\/2026\/01\/vide-4-300x24.png\" alt=\"\" width=\"300\" height=\"24\"  \/><\/p>\n<p>Apr\u00e8s avoir remis le 1er challenge photo \u00ab Jacqueline Combier \u00bb dont le th\u00e8me \u00e9tait les fleurs \u00e0 la ville gagnante d\u2019Eisenberg lors de leur march\u00e9 de No\u00ebl, il est maintenant tant de lancer la seconde \u00e9dition.<br \/>Rappelons que Jacqueline nous a quitt\u00e9 tragiquement en f\u00e9vrier 2024 et que ce challenge a \u00e9t\u00e9 cr\u00e9\u00e9 pour perp\u00e9tuer sa m\u00e9moire, sur les 3 communes jumel\u00e9es Baldock (Angleterre), Eisenberg (Allemagne), Sanvignes et leurs environs proche.<br \/>Le th\u00e8me de cette ann\u00e9e 2026, fix\u00e9 par Eisenberg est \u00ab Portes, portails et fen\u00eatres r\u00e9gionaux, symboles d\u2019ouverture et de rencontre \u00bb.<br \/>Il n\u2019y a pas de sp\u00e9cifications particuli\u00e8res, les clich\u00e9s peuvent \u00eatre en couleur ou noir et blanc, mais leur d\u00e9finition doit permettre une impression en format 30X45 ou \u00e9quivalent.<br \/>Les photos ne sont pas obligatoirement prises sur le territoire, elles doivent simplement r\u00e9pondre au th\u00e8me choisi.<br \/>Chacune d\u2019entre elles devra \u00eatre accompagn\u00e9e de l\u2019identit\u00e9 du photographe, de sa date de naissance, de son adresse postale, de son email et de son t\u00e9l\u00e9phone mais aussi de la date de prise de vue, du lieu et du titre choisi pour la photo.<br \/>Rappelons \u00e9galement qu\u2019un participant ne peut \u00eatre membre d\u2019un jury, et que les photos sont toujours transmises aux jur\u00e9s de mani\u00e8re anonyme.<br \/>Une modification par rapport \u00e0 l\u2019ann\u00e9e derni\u00e8re, seules 3 photos seront admises par participant.<br \/>La d\u00e9marche de s\u00e9lection est identique, une s\u00e9lection de 3 photos sera faite par comit\u00e9 et parmi les 9 photos finalistes sera d\u00e9sign\u00e9e le clich\u00e9 gagnant. Le jury final, sous la pr\u00e9sidence de No\u00ebmie Lekehal, la petite fille de Jacqueline, est ind\u00e9pendant des comit\u00e9s de jumelage.<br \/>Il n\u2019y a pas de prix individuel, le challenge est remis en jeu chaque ann\u00e9e et va \u00e0 la ville gagnante.<br \/>Le r\u00e8glement complet est disponible sur demande au comit\u00e9 de jumelage de Sanvignes.<br \/>En ce qui concerne les photos des habitants de Sanvignes et de la r\u00e9gion, la date limite de r\u00e9ception est fix\u00e9e au 9 juin 2026 \u00e0 l\u2019adresse mail suivante:<br \/>jumelagesanvigneslesmines@gmail.com<br \/>A vos appareils photos !<\/p>\n<p>J\u2019aime \u00e7a\u00a0:<\/p>\n<p>J\u2019aime chargement\u2026<\/p>\n<p><a class=\"sd-link-color\"\/><\/p>\n<p>\n\tArticles similaires\n<\/p>\n<p>\t\t\t\t\t\t <a href=\"https:\/\/linformateurdebourgogne.com\/challenge-jacqueline-combier-a-vos-appareils-photos\/\" title=\"Lien vers  Challenge Jacqueline Combier \u2013 A vos appareils photos !\" rel=\"bookmark noopener\" target=\"_blank\"> Favori<\/a>.\t\t\t\t\t\t\t\t\t\t\t<\/p>\n","protected":false},"excerpt":{"rendered":"Apr\u00e8s avoir remis le 1er challenge photo \u00ab Jacqueline Combier \u00bb dont le th\u00e8me \u00e9tait les fleurs \u00e0&hellip;\n","protected":false},"author":2,"featured_media":667814,"comment_status":"","ping_status":"","sticky":false,"template":"","format":"standard","meta":{"footnotes":""},"categories":[1358],"tags":[1348,1384,1385,1386,58,59,1011,27],"class_list":{"0":"post-667813","1":"post","2":"type-post","3":"status-publish","4":"format-standard","5":"has-post-thumbnail","7":"category-arts-et-design","8":"tag-arts","9":"tag-arts-and-design","10":"tag-arts-et-design","11":"tag-design","12":"tag-divertissement","13":"tag-entertainment","14":"tag-fr","15":"tag-france"},"share_on_mastodon":{"url":"https:\/\/pubeurope.com\/@fr\/115905111297987943","error":""},"_links":{"self":[{"href":"https:\/\/www.europesays.com\/fr\/wp-json\/wp\/v2\/posts\/667813","targetHints":{"allow":["GET"]}}],"collection":[{"href":"https:\/\/www.europesays.com\/fr\/wp-json\/wp\/v2\/posts"}],"about":[{"href":"https:\/\/www.europesays.com\/fr\/wp-json\/wp\/v2\/types\/post"}],"author":[{"embeddable":true,"href":"https:\/\/www.europesays.com\/fr\/wp-json\/wp\/v2\/users\/2"}],"replies":[{"embeddable":true,"href":"https:\/\/www.europesays.com\/fr\/wp-json\/wp\/v2\/comments?post=667813"}],"version-history":[{"count":0,"href":"https:\/\/www.europesays.com\/fr\/wp-json\/wp\/v2\/posts\/667813\/revisions"}],"wp:featuredmedia":[{"embeddable":true,"href":"https:\/\/www.europesays.com\/fr\/wp-json\/wp\/v2\/media\/667814"}],"wp:attachment":[{"href":"https:\/\/www.europesays.com\/fr\/wp-json\/wp\/v2\/media?parent=667813"}],"wp:term":[{"taxonomy":"category","embeddable":true,"href":"https:\/\/www.europesays.com\/fr\/wp-json\/wp\/v2\/categories?post=667813"},{"taxonomy":"post_tag","embeddable":true,"href":"https:\/\/www.europesays.com\/fr\/wp-json\/wp\/v2\/tags?post=667813"}],"curies":[{"name":"wp","href":"https:\/\/api.w.org\/{rel}","templated":true}]}}