{"id":667817,"date":"2026-01-16T13:55:12","date_gmt":"2026-01-16T13:55:12","guid":{"rendered":"https:\/\/www.europesays.com\/fr\/667817\/"},"modified":"2026-01-16T13:55:12","modified_gmt":"2026-01-16T13:55:12","slug":"date-de-sortie-prix-tout-ce-quil-y-a-savoir-sur-son-nouvel-album-evenement","status":"publish","type":"post","link":"https:\/\/www.europesays.com\/fr\/667817\/","title":{"rendered":"date de sortie, prix&#8230; Tout ce qu&rsquo;il y \u00e0 savoir sur son nouvel album \u00e9v\u00e9nement"},"content":{"rendered":"<p>\n        Enfin ! Apr\u00e8s des mois de silence et de myst\u00e9rieuses affiches, Harry Styles confirme l&rsquo;arriv\u00e9e de son quatri\u00e8me album \u00e9v\u00e9nement, qui s&rsquo;intitulera \u00ab\u00a0Kiss All the Time. Disco, Occasionally\u00a0\u00bb. Toutes les infos sur Purecharts.\n    <\/p>\n<p class=\"content-paragraph\"><img decoding=\"async\" src=\"https:\/\/www.europesays.com\/fr\/wp-content\/uploads\/2026\/01\/photo_1768557872.jpg\" class=\"textcenter img-content\" loading=\"lazy\" style=\"margin-bottom: 0;\"\/>Alamy <br \/>Une vid\u00e9o souvenir publi\u00e9e fin d\u00e9cembre autour de <a href=\"https:\/\/www.chartsinfrance.net\/Harry-Styles\/news-125061.html\" class=\"articlepage-link\" target=\"_blank\" rel=\"noopener\">sa derni\u00e8re tourn\u00e9e<\/a> a relanc\u00e9 les rumeurs. Puis de myst\u00e9rieuses affiches avec le message \u00ab We belong together \u00bb (\u00ab Nous sommes faits l&rsquo;un pour l&rsquo;autre \u00bb) sont apparues sur des murs \u00e0 New York, Manchester, Palermo, Sao Paulo et Berlin avec, comme arri\u00e8re-plan, une photographie prise lors d&rsquo;un concert. Et c&rsquo;est ainsi que la machine Harry Styles s&rsquo;est r\u00e9activ\u00e9e. L&rsquo;ancien leader du boys band One Direction s&rsquo;est v\u00e9ritablement m\u00e9tamorphos\u00e9 en superstar de la pop en 2022 gr\u00e2ce au tube irr\u00e9sistible <a href=\"https:\/\/www.chartsinfrance.net\/actualite\/news-120800.html\" class=\"articlepage-link\" target=\"_blank\" rel=\"noopener\">\u00ab\u00a0As It Was\u00a0\u00bb<\/a> (4,2 milliards d&rsquo;\u00e9coutes sur Spotify !), au succ\u00e8s mondial de l&rsquo;album <a href=\"https:\/\/www.chartsinfrance.net\/actualite\/news-121322.html\" class=\"articlepage-link\" target=\"_blank\" rel=\"noopener\">\u00ab\u00a0Harry&rsquo;s House\u00a0\u00bb<\/a> (200.000 ventes en France, 3 Grammy Awards) et \u00e0 sa tourn\u00e9e \u00e0 guichets ferm\u00e9s, notamment pass\u00e9e <a href=\"https:\/\/www.chartsinfrance.net\/actualite\/news-125061.html\" class=\"articlepage-link\" target=\"_blank\" rel=\"noopener\">\u00e0 deux reprises au Stade de France<\/a>. Forc\u00e9ment, l&rsquo;attente est grande, pour ne pas dire d\u00e9mesur\u00e9e, concernant ce nouveau chapitre d\u00e9sormais officialis\u00e9 en bonne et due forme.<\/p>\n<p>Rendez-vous le 6 mars !<\/p>\n<p class=\"content-paragraph\"> Jeudi soir sur ses r\u00e9seaux sociaux, Harry Styles a agit\u00e9 la plan\u00e8te pop en divulguant la date de sortie de son quatri\u00e8me album studio, qui se nommera \u00ab\u00a0Kiss All the Time. Disco, Occasionally\u00a0\u00bb et para\u00eetra le 6 mars. Un titre aussi prometteur que sa pochette, sur laquelle le chanteur britannique appara\u00eet dehors en pleine nuit en train de danser, des lunettes sur les yeux, alors que la lune est remplac\u00e9e par une boule \u00e0 facettes. Comprendre par l\u00e0 : vous allez danser !<\/p>\n<blockquote class=\"instagram-media\" data-instgrm-captioned=\"\" data-instgrm-permalink=\"https:\/\/www.instagram.com\/p\/DTifcA4j7a5\/?utm_source=ig_embed&amp;utm_campaign=loading\" data-instgrm-version=\"14\" style=\" background:#FFF; border:0; border-radius:3px; box-shadow:0 0 1px 0 rgba(0,0,0,0.5),0 1px 10px 0 rgba(0,0,0,0.15); margin: 1px; max-width:540px; min-width:326px; padding:0; width:99.375%; width:-webkit-calc(100% - 2px); width:calc(100% - 2px);\"\/><p> La m\u00eame \u00e9quipe gagnante<\/p>\n<p class=\"content-paragraph\"> Aux manettes du projet, on retrouve Kid Harpoon, producteur anglais et ami proche de l&rsquo;artiste qui oeuvrait d\u00e9j\u00e0 sur le premier album de Harry Styles, et notamment la chanson <a href=\"https:\/\/www.chartsinfrance.net\/Harry-Styles\/news-104164.html\" class=\"articlepage-link\" target=\"_blank\" rel=\"noopener\">\u00ab\u00a0Sweet Creature\u00a0\u00bb<\/a>, et l&rsquo;a suivi jusqu&rsquo;\u00e0 \u00ab\u00a0At Is Was\u00a0\u00bb. Le disque s&rsquo;inscrira donc dans la m\u00eame lign\u00e9e avec une \u00e9quipe identique. Comme l&rsquo;indique le label Columbia, \u00ab\u00a0Kiss All the Time. Disco, Occasionally\u00a0\u00bb renfermera 12 pistes dont on ignore encore le nom. Aucun extrait n&rsquo;est pour le moment disponible mais il est d&rsquo;ores et d\u00e9j\u00e0 possible pour les fans de pr\u00e9commander cet opus sous diff\u00e9rents formats (CD, cassette, vinyle&#8230;) avec un 33 tours simple propos\u00e9 \u00e0 34,99 euros sur son site officiel. Un coffret regroupant l&rsquo;ensemble des format est aussi propos\u00e9 \u00e0 118,99 euros. Il est m\u00eame possible de faire l&rsquo;acquisition d&rsquo;un t-shirt, d&rsquo;une sacoche et d&rsquo;un appareil photo 35mm aux couleurs du projet ! Il ne manque plus qu&rsquo;une annonce de tourn\u00e9e pour compl\u00e9ter ce retour \u00e9v\u00e9nementiel&#8230;<\/p>\n<p>                <img loading=\"lazy\" decoding=\"async\" src=\"https:\/\/www.europesays.com\/fr\/wp-content\/uploads\/2025\/10\/favicon.png\" class=\"author-article-picture\" width=\"35\" height=\"35\"\/><\/p>\n<p>                    Par<\/p>\n<p>                                            <a class=\"author-article-bio-link\" href=\"https:\/\/www.chartsinfrance.net\/auteur\/125\/\" target=\"_blank\" rel=\"noopener\">Yohann RUELLE<\/a><\/p>\n<p>                    |<\/p>\n<p>                                            Journaliste<\/p>\n<p>\n                Branch\u00e9 en permanence sur ses playlists, il sait aussi bien parler du dernier album de Kim Petras que du set de techno underground berlinois qu&rsquo;il a regard\u00e9 hier soir sur TikTok. Sa collection de peluches et figurines t\u00e9moigne de son amour pour les grandes ic\u00f4nes de la pop culture.\n            <\/p>\n<p>            <script async src=\"\/\/www.instagram.com\/embed.js\"><\/script><\/p>\n","protected":false},"excerpt":{"rendered":"Enfin ! Apr\u00e8s des mois de silence et de myst\u00e9rieuses affiches, Harry Styles confirme l&rsquo;arriv\u00e9e de son quatri\u00e8me&hellip;\n","protected":false},"author":2,"featured_media":667818,"comment_status":"","ping_status":"","sticky":false,"template":"","format":"standard","meta":{"footnotes":""},"categories":[1355],"tags":[58,59,1011,27,1361,873],"class_list":{"0":"post-667817","1":"post","2":"type-post","3":"status-publish","4":"format-standard","5":"has-post-thumbnail","7":"category-musique","8":"tag-divertissement","9":"tag-entertainment","10":"tag-fr","11":"tag-france","12":"tag-music","13":"tag-musique"},"share_on_mastodon":{"url":"https:\/\/pubeurope.com\/@fr\/115905123310187249","error":""},"_links":{"self":[{"href":"https:\/\/www.europesays.com\/fr\/wp-json\/wp\/v2\/posts\/667817","targetHints":{"allow":["GET"]}}],"collection":[{"href":"https:\/\/www.europesays.com\/fr\/wp-json\/wp\/v2\/posts"}],"about":[{"href":"https:\/\/www.europesays.com\/fr\/wp-json\/wp\/v2\/types\/post"}],"author":[{"embeddable":true,"href":"https:\/\/www.europesays.com\/fr\/wp-json\/wp\/v2\/users\/2"}],"replies":[{"embeddable":true,"href":"https:\/\/www.europesays.com\/fr\/wp-json\/wp\/v2\/comments?post=667817"}],"version-history":[{"count":0,"href":"https:\/\/www.europesays.com\/fr\/wp-json\/wp\/v2\/posts\/667817\/revisions"}],"wp:featuredmedia":[{"embeddable":true,"href":"https:\/\/www.europesays.com\/fr\/wp-json\/wp\/v2\/media\/667818"}],"wp:attachment":[{"href":"https:\/\/www.europesays.com\/fr\/wp-json\/wp\/v2\/media?parent=667817"}],"wp:term":[{"taxonomy":"category","embeddable":true,"href":"https:\/\/www.europesays.com\/fr\/wp-json\/wp\/v2\/categories?post=667817"},{"taxonomy":"post_tag","embeddable":true,"href":"https:\/\/www.europesays.com\/fr\/wp-json\/wp\/v2\/tags?post=667817"}],"curies":[{"name":"wp","href":"https:\/\/api.w.org\/{rel}","templated":true}]}}