{"id":66782,"date":"2025-05-01T11:35:10","date_gmt":"2025-05-01T11:35:10","guid":{"rendered":"https:\/\/www.europesays.com\/fr\/66782\/"},"modified":"2025-05-01T11:35:10","modified_gmt":"2025-05-01T11:35:10","slug":"lhumanite-a-vif-de-la-serie-postapocalyptique-the-last-of-us","status":"publish","type":"post","link":"https:\/\/www.europesays.com\/fr\/66782\/","title":{"rendered":"L\u2019humanit\u00e9 \u00e0 vif de la s\u00e9rie postapocalyptique The Last of Us"},"content":{"rendered":"<p data-module=\"fig-standfirst\" data-context=\"@media (min-width:48em)\"><strong>\u00c0 LA UNE &#8211;<\/strong> La cr\u00e9ation de Craig Mazin est le mod\u00e8le de ce qu\u2019une \u00e9criture audacieuse peut apporter \u00e0 un grand spectacle. La dystopie place la barre encore plus haut pour cette saison 2, en diffusion depuis mi-avril sur Max.<\/p>\n<p class=\"fig-paragraph fig-paragraph--dropped\">Mai 2019. Neil Druckmann, cr\u00e9ateur du jeu vid\u00e9o apocalyptique \u00e0 succ\u00e8s\u00a0<a href=\"https:\/\/www.lefigaro.fr\/tag\/the-last-of-us\" target=\"_blank\" rel=\"noopener\" data-gtm-custom-categorie=\"navigation\" data-gtm-custom-action=\"crossclick\" data-gtm-custom-label=\"Contextuel\" data-gtm-event=\"customEventSPE\"><strong>The Last of Us<\/strong> <\/a>, est estomaqu\u00e9 par Chernobyl, s\u00e9rie HBO\u00a0<a href=\"https:\/\/tvmag.lefigaro.fr\/programme-tv\/chernobyl-que-vaut-la-miniserie-de-hbo_4645bb88-70a2-11e9-ab57-047a9f55f6d7\" data-fig-type=\"Article\" data-gtm-custom-categorie=\"navigation\" data-gtm-custom-action=\"crossclick\" data-gtm-custom-label=\"Contextuel\" data-gtm-event=\"customEventSPE\" data-fig-domain=\"TVMAG\" target=\"_blank\" rel=\"noopener\">qui d\u00e9peint la course contre la montre et le sacrifice des pompiers<\/a>\u00a0et des \u00ab d\u00e9contaminateurs\u00a0\u00bb sovi\u00e9tiques apr\u00e8s la catastrophe. Il contacte son sc\u00e9nariste, Craig Mazin. Une curiosit\u00e9 d\u2019auteur \u00e0 auteur. \u00ab\u200aJe voulais savoir comment il avait assembl\u00e9 les pi\u00e8ces de ce puzzle et combien de temps il y avait consacr\u00e9\u00a0\u00bb.<\/p>\n<p class=\"fig-paragraph fig-paragraph--dropped\">\u00c0 sa grande surprise, il d\u00e9couvre que <strong>Craig Mazin<\/strong>, jusque-l\u00e0 connu pour ses com\u00e9dies grasses sur grand \u00e9cran (Very Bad Trip, Scary Movie), est un fervent adepte de The Last of Us. Le courant passe si bien que <strong>Neil Druckmann<\/strong> envisage d\u2019adapter avec lui son jeu culte (quelque 17 millions d\u2019exemplaires vendus) d\u00e9peignant une humanit\u00e9 d\u00e9vast\u00e9e par un champignon parasitaire qui transforme ses h\u00f4tes en morts-vivants v\u00e9g\u00e9talis\u00e9s.<\/p>\n<p>Impact \u00e9motionnel<\/p>\n<p class=\"fig-paragraph fig-paragraph--dropped\">Protecteur de son \u0153uvre, Neil Druckmann avait en effet \u00e9t\u00e9 \u00e9chaud\u00e9 par les pr\u00e9c\u00e9dents cin\u00e9matographiques\u00a0: Mortal Kombat<\/p>\n<p class=\"fig-premium-paywall__infos\">\n        Cet article est r\u00e9serv\u00e9 aux abonn\u00e9s.        Il vous reste 90% \u00e0 d\u00e9couvrir.\n    <\/p>\n<p>                <img  data- alt=\"Le Figaro\" class=\"fig-img--complete fig-img\"\/><\/p>\n<p class=\"fig-premium-paywall__title\">Je m&rsquo;informe, je m&rsquo;inspire, je m&rsquo;abonne.<\/p>\n<p class=\"fig-premium-paywall__subtitle\">D\u00e9couvrez notre offre de bienvenue.<\/p>\n<p class=\"fig-premium-paywall__connect\">\n                D\u00e9j\u00e0 abonn\u00e9\u00a0?                <a class=\"fig-premium-paywall__connect-link\" href=\"https:\/\/connect.lefigaro.fr\/login?client=tvmag_web&amp;type=main&amp;redirect_uri=https%3A%2F%2Ftvmag.lefigaro.fr%2Fprogramme-tv%2Fseries%2Fl-humanite-a-vif-de-the-last-of-us-20250501\" data-js-gtm=\"{&quot;customCategorie&quot;: &quot;conversion&quot;, &quot;customAction&quot;: &quot;before_Landing_Connexion_paywall_auto&quot;, &quot;customLabel&quot;: &quot;dHZtYWcubGVmaWdhcm8uZnJfXzFmMDI1OTFkLTBjOGYtNjVhNC1hZmFkLTJiZjhjY2QyNzgyNl9fQXJ0aWNsZQ==_L\u2019humanit\u00e9 \u00e0 vif de la s\u00e9rie postapocalyptique &lt;i&gt;The Last of Us&lt;\/i&gt;_121&quot;, &quot;customIDSPE&quot;: &quot;dHZtYWcubGVmaWdhcm8uZnJfXzFmMDI1OTFkLTBjOGYtNjVhNC1hZmFkLTJiZjhjY2QyNzgyNl9fQXJ0aWNsZQ==&quot;, &quot;event&quot;: &quot;customEventSPE&quot;}\" target=\"_blank\" rel=\"noopener\"><br \/>\n                    Connectez-vous<br \/>\n                <\/a>\n            <\/p>\n","protected":false},"excerpt":{"rendered":"\u00c0 LA UNE &#8211; La cr\u00e9ation de Craig Mazin est le mod\u00e8le de ce qu\u2019une \u00e9criture audacieuse peut&hellip;\n","protected":false},"author":2,"featured_media":66783,"comment_status":"","ping_status":"","sticky":false,"template":"","format":"standard","meta":{"footnotes":""},"categories":[1356],"tags":[1320,1321,1322,1323,58,59,1011,27,5371,1036,10167,1319,502,1315,595,1314,1316,129,1317,1318,252,1364,16750],"class_list":{"0":"post-66782","1":"post","2":"type-post","3":"status-publish","4":"format-standard","5":"has-post-thumbnail","7":"category-television","8":"tag-actu-serie","9":"tag-actualite-serie","10":"tag-avis-serie","11":"tag-critiques-serie","12":"tag-divertissement","13":"tag-entertainment","14":"tag-fr","15":"tag-france","16":"tag-hbo-max","17":"tag-jeux-video","18":"tag-pedro-pascal","19":"tag-programme-serie","20":"tag-programme-tv","21":"tag-serie-tele","22":"tag-serie-tv","23":"tag-series","24":"tag-series-televisees","25":"tag-svod","26":"tag-telenovela","27":"tag-telenovelas","28":"tag-television","29":"tag-tv","30":"tag-zombies"},"share_on_mastodon":{"url":"https:\/\/pubeurope.com\/@fr\/114432371864224720","error":""},"_links":{"self":[{"href":"https:\/\/www.europesays.com\/fr\/wp-json\/wp\/v2\/posts\/66782","targetHints":{"allow":["GET"]}}],"collection":[{"href":"https:\/\/www.europesays.com\/fr\/wp-json\/wp\/v2\/posts"}],"about":[{"href":"https:\/\/www.europesays.com\/fr\/wp-json\/wp\/v2\/types\/post"}],"author":[{"embeddable":true,"href":"https:\/\/www.europesays.com\/fr\/wp-json\/wp\/v2\/users\/2"}],"replies":[{"embeddable":true,"href":"https:\/\/www.europesays.com\/fr\/wp-json\/wp\/v2\/comments?post=66782"}],"version-history":[{"count":0,"href":"https:\/\/www.europesays.com\/fr\/wp-json\/wp\/v2\/posts\/66782\/revisions"}],"wp:featuredmedia":[{"embeddable":true,"href":"https:\/\/www.europesays.com\/fr\/wp-json\/wp\/v2\/media\/66783"}],"wp:attachment":[{"href":"https:\/\/www.europesays.com\/fr\/wp-json\/wp\/v2\/media?parent=66782"}],"wp:term":[{"taxonomy":"category","embeddable":true,"href":"https:\/\/www.europesays.com\/fr\/wp-json\/wp\/v2\/categories?post=66782"},{"taxonomy":"post_tag","embeddable":true,"href":"https:\/\/www.europesays.com\/fr\/wp-json\/wp\/v2\/tags?post=66782"}],"curies":[{"name":"wp","href":"https:\/\/api.w.org\/{rel}","templated":true}]}}