{"id":667823,"date":"2026-01-16T13:58:10","date_gmt":"2026-01-16T13:58:10","guid":{"rendered":"https:\/\/www.europesays.com\/fr\/667823\/"},"modified":"2026-01-16T13:58:10","modified_gmt":"2026-01-16T13:58:10","slug":"asse-un-coup-mercato-a-0-e","status":"publish","type":"post","link":"https:\/\/www.europesays.com\/fr\/667823\/","title":{"rendered":"ASSE, un coup mercato \u00e0 0 \u20ac !"},"content":{"rendered":"<p><strong>Pas de recrue cet hiver, mais<br \/>\nSaint-\u00c9tienne r\u00e9cup\u00e8re Chico Lamba. Le d\u00e9fenseur revient juste \u00e0<br \/>\ntemps pour renforcer la d\u00e9fense des Verts.<\/strong><\/p>\n<p>L\u2019ASSE reste fid\u00e8le \u00e0 sa ligne : aucun renfort cet hiver. Alors<br \/>\nque Troyes, leader de Ligue 2, compte sept points d\u2019avance,<br \/>\nSaint-\u00c9tienne, candidat s\u00e9rieux \u00e0 la mont\u00e9e, ne veut pas d\u00e9penser<br \/>\nle moindre euro lors de ce mercato. Aucun nouveau visage, aucun<br \/>\nch\u00e8que sign\u00e9, mais un sentiment de renfort se dessine d\u00e9j\u00e0 gr\u00e2ce<br \/>\naux retours de blessure.<\/p>\n<p>Face \u00e0 Clermont ce samedi, les Verts se pr\u00e9senteront sans<br \/>\nrecrue, mais pas sans solutions. Eirik Horneland assume ce choix,<br \/>\npr\u00e9f\u00e9rant que l\u2019infirmerie se vide plut\u00f4t que de remplir son carnet<br \/>\nde contacts. Conscient des besoins d\u00e9fensifs de son \u00e9quipe, le<br \/>\ntechnicien norv\u00e9gien se r\u00e9jouit du retour imminent de Chico Lamba,<br \/>\nabsent depuis octobre suite \u00e0 une blessure aux adducteurs.<\/p>\n<blockquote class=\"twitter-tweet\"><p><a class=\"twitter-link\" rel=\"noindex, nofollow noopener\" href=\"https:\/\/twitter.com\/football_fr\/status\/2012123116701471163\" target=\"_blank\"><\/p><\/blockquote>\n<p>\u00ab\u00a0Notre meilleur mercato\u2026\u00a0\u00bb<\/p>\n<p>En conf\u00e9rence de presse, Eirik Horneland a expliqu\u00e9 au sujet du<br \/>\nPortugais de 22 ans, cit\u00e9 par Foot01 : \u00ab\u00a0Notre<br \/>\nmeilleur mercato, ce sera d\u2019enregistrer le retour des joueurs qui<br \/>\nn\u2019\u00e9taient pas disponibles. (\u2026) Lamba ? Tout va bien pour lui, il a<br \/>\nretrouv\u00e9 ses pleines capacit\u00e9s, on le voit aff\u00fbt\u00e9 \u00e0<br \/>\nl\u2019entra\u00eenement.\u00a0\u00bb<\/p>\n<p>Le Norv\u00e9gien a ajout\u00e9 : \u00ab\u00a0On est tr\u00e8s contents de le<br \/>\nretrouver. C\u2019est un joueur sur lequel on a beaucoup investi cet \u00e9t\u00e9<br \/>\net \u00e7a a \u00e9t\u00e9 dur de se passer de lui pendant trois mois. Maintenant,<br \/>\nje touche du bois pour qu\u2019il fasse le reste de la saison avec nous.<br \/>\nC\u2019est un vrai d\u00e9fenseur qui aime d\u00e9fendre et prot\u00e9ger le but. Il a<br \/>\naussi de l\u2019exp\u00e9rience du haut niveau avec l\u2019Euro espoirs et en<br \/>\nclub.\u00a0\u00bb Pour Saint-\u00c9tienne, qui flirte avec le podium, ce<br \/>\nretour sonne comme une vraie promesse pour la deuxi\u00e8me partie de<br \/>\nsaison.<\/p>\n<p><script async src=\"https:\/\/platform.twitter.com\/widgets.js\" charset=\"utf-8\"><\/script><\/p>\n","protected":false},"excerpt":{"rendered":"Pas de recrue cet hiver, mais Saint-\u00c9tienne r\u00e9cup\u00e8re Chico Lamba. Le d\u00e9fenseur revient juste \u00e0 temps pour renforcer&hellip;\n","protected":false},"author":2,"featured_media":667824,"comment_status":"","ping_status":"","sticky":false,"template":"","format":"standard","meta":{"footnotes":""},"categories":[9],"tags":[1011,27,60],"class_list":{"0":"post-667823","1":"post","2":"type-post","3":"status-publish","4":"format-standard","5":"has-post-thumbnail","7":"category-sports","8":"tag-fr","9":"tag-france","10":"tag-sports"},"share_on_mastodon":{"url":"https:\/\/pubeurope.com\/@fr\/115905134983661083","error":""},"_links":{"self":[{"href":"https:\/\/www.europesays.com\/fr\/wp-json\/wp\/v2\/posts\/667823","targetHints":{"allow":["GET"]}}],"collection":[{"href":"https:\/\/www.europesays.com\/fr\/wp-json\/wp\/v2\/posts"}],"about":[{"href":"https:\/\/www.europesays.com\/fr\/wp-json\/wp\/v2\/types\/post"}],"author":[{"embeddable":true,"href":"https:\/\/www.europesays.com\/fr\/wp-json\/wp\/v2\/users\/2"}],"replies":[{"embeddable":true,"href":"https:\/\/www.europesays.com\/fr\/wp-json\/wp\/v2\/comments?post=667823"}],"version-history":[{"count":0,"href":"https:\/\/www.europesays.com\/fr\/wp-json\/wp\/v2\/posts\/667823\/revisions"}],"wp:featuredmedia":[{"embeddable":true,"href":"https:\/\/www.europesays.com\/fr\/wp-json\/wp\/v2\/media\/667824"}],"wp:attachment":[{"href":"https:\/\/www.europesays.com\/fr\/wp-json\/wp\/v2\/media?parent=667823"}],"wp:term":[{"taxonomy":"category","embeddable":true,"href":"https:\/\/www.europesays.com\/fr\/wp-json\/wp\/v2\/categories?post=667823"},{"taxonomy":"post_tag","embeddable":true,"href":"https:\/\/www.europesays.com\/fr\/wp-json\/wp\/v2\/tags?post=667823"}],"curies":[{"name":"wp","href":"https:\/\/api.w.org\/{rel}","templated":true}]}}