{"id":667827,"date":"2026-01-16T14:00:12","date_gmt":"2026-01-16T14:00:12","guid":{"rendered":"https:\/\/www.europesays.com\/fr\/667827\/"},"modified":"2026-01-16T14:00:12","modified_gmt":"2026-01-16T14:00:12","slug":"il-se-passe-quelque-chose-de-tres-important-dans-votre-cerveau-a-9-32-66-et-83-ans","status":"publish","type":"post","link":"https:\/\/www.europesays.com\/fr\/667827\/","title":{"rendered":"Il se passe quelque chose de tr\u00e8s important dans votre cerveau \u00e0 9, 32, 66 et 83 ans"},"content":{"rendered":"<p class=\"font-claude-response-body whitespace-normal break-words\"><strong>Nous c\u00e9l\u00e9brons nos anniversaires comme des jalons arbitraires du temps qui passe, mais notre cerveau, lui, ne compte pas de la m\u00eame mani\u00e8re. Une \u00e9tude r\u00e9volutionnaire publi\u00e9e dans <a href=\"https:\/\/www.nature.com\/articles\/s41467-025-65974-8\" target=\"_blank\" rel=\"noopener\">Nature Communications<\/a>\u00a0d\u00e9voile que notre organe le plus complexe traverse exactement cinq grandes \u00e9poques au cours d\u2019une vie, ponctu\u00e9es par quatre moments charni\u00e8res o\u00f9 tout bascule. Et ces transitions ne correspondent pas du tout \u00e0 ce que vous imaginez.<\/strong><\/p>\n<p>Quand Shakespeare rencontre les neurosciences<\/p>\n<p class=\"font-claude-response-body whitespace-normal break-words\">Dans sa pi\u00e8ce \u00ab\u00a0Comme il vous plaira\u00a0\u00bb, William Shakespeare d\u00e9crivait l\u2019existence humaine comme une succession de sept \u00e2ges, du <a href=\"https:\/\/sciencepost.fr\/un-nourrisson-de-2-ans-sur-un-terrain-de-chasse-la-decouverte-qui-reecrit-lhistoire-des-neandertaliens\/\" target=\"_blank\" rel=\"noopener\">nourrisson<\/a> vagissant au vieillard retomb\u00e9 en enfance. Quatre si\u00e8cles plus tard, des neuroscientifiques de l\u2019Universit\u00e9 de Cambridge viennent de lui donner partiellement raison, avec une pr\u00e9cision scientifique stup\u00e9fiante.<\/p>\n<p class=\"font-claude-response-body whitespace-normal break-words\">L\u2019\u00e9quipe dirig\u00e9e par la docteure Alexa Mousley a analys\u00e9 les scanners c\u00e9r\u00e9braux de pr\u00e8s de 4 000 personnes, couvrant l\u2019int\u00e9gralit\u00e9 du spectre de la vie humaine, des premiers jours apr\u00e8s la naissance jusqu\u2019\u00e0 90 ans. Leur objectif : cartographier l\u2019\u00e9volution du c\u00e2blage c\u00e9r\u00e9bral pour comprendre comment notre architecture neuronale se transforme au fil du temps.<\/p>\n<p>Quatre dates qui red\u00e9finissent votre vie<\/p>\n<p class=\"font-claude-response-body whitespace-normal break-words\">Les r\u00e9sultats ont identifi\u00e9 quatre points de basculement majeurs, des moments o\u00f9 le cerveau subit des transformations profondes et rapides. Ces transitions surviennent \u00e0 9 ans, 32 ans, 66 ans et 83 ans. Entre ces seuils s\u2019\u00e9tendent cinq p\u00e9riodes distinctes, chacune caract\u00e9ris\u00e9e par son propre mode de fonctionnement c\u00e9r\u00e9bral.<\/p>\n<p class=\"font-claude-response-body whitespace-normal break-words\">Durant la petite enfance, le cerveau ressemble \u00e0 un sculpteur fr\u00e9n\u00e9tique. Il cr\u00e9e des millions de connexions entre neurones, les fameuses synapses, avant d\u2019entamer un processus d\u2019\u00e9lagage drastique pour ne conserver que les circuits les plus efficaces. Simultan\u00e9ment, les volumes de mati\u00e8re grise et blanche augmentent, tandis que les plis caract\u00e9ristiques du cortex se forment et se figent progressivement.<\/p>\n<p><img loading=\"lazy\" data-lazyloaded=\"1\" decoding=\"async\" class=\"aligncenter size-full wp-image-316223\" src=\"https:\/\/www.europesays.com\/fr\/wp-content\/uploads\/2025\/10\/iStock-1130655268-scaled.jpg\" alt=\"cerveau\" width=\"2048\" height=\"1152\"  data-\/>Cr\u00e9dit : Paul Campbell\/istock<\/p>\n<p>L\u2019adolescence ne s\u2019arr\u00eate pas \u00e0 18 ans<\/p>\n<p class=\"font-claude-response-body whitespace-normal break-words\">Le premier grand tournant survient \u00e0 9 ans, marquant l\u2019entr\u00e9e dans une adolescence qui, surprise, ne prend pas fin \u00e0 la majorit\u00e9 l\u00e9gale. Cette longue p\u00e9riode voit la mati\u00e8re blanche continuer son expansion, perfectionnant la communication entre les diff\u00e9rentes r\u00e9gions du cerveau. Les capacit\u00e9s cognitives s\u2019affinent, mais c\u2019est aussi le moment o\u00f9 les risques de d\u00e9velopper des troubles mentaux grimpent en fl\u00e8che. Les bouleversements hormonaux de la pubert\u00e9 impriment leur marque directement sur la structure neuronale.<\/p>\n<p class=\"font-claude-response-body whitespace-normal break-words\">Cette phase atteint son apog\u00e9e aux alentours de 32 ans, dans ce que les chercheurs qualifient de \u00ab\u00a0point de basculement topologique le plus important\u00a0\u00bb. Autrement dit, si vous avez pass\u00e9 la trentaine, votre cerveau vient tout juste de terminer son adolescence structurelle. La notion sociale de maturit\u00e9 et la r\u00e9alit\u00e9 biologique ne co\u00efncident absolument pas.<\/p>\n<p>L\u2019\u00e2ge adulte, cette longue stabilit\u00e9<\/p>\n<p class=\"font-claude-response-body whitespace-normal break-words\">Entre 32 et 66 ans s\u2019\u00e9tend la p\u00e9riode la plus longue de votre vie c\u00e9r\u00e9brale : l\u2019\u00e2ge adulte proprement dit. Durant ces trois d\u00e9cennies et demie, votre intelligence et votre personnalit\u00e9 atteignent un plateau de stabilit\u00e9. Le cerveau a trouv\u00e9 son \u00e9quilibre optimal, ses r\u00e9seaux fonctionnent de mani\u00e8re harmonieuse et efficace.<\/p>\n<p class=\"font-claude-response-body whitespace-normal break-words\">Mais \u00e0 66 ans, sans changement structurel majeur visible, quelque chose se r\u00e9organise en profondeur. Les r\u00e9seaux neuronaux commencent \u00e0 se reconfigurer, probablement en r\u00e9ponse au vieillissement naturel. La connectivit\u00e9 diminue graduellement tandis que la mati\u00e8re blanche entame sa d\u00e9g\u00e9n\u00e9rescence. C\u2019est \u00e9galement l\u2019\u00e2ge o\u00f9 certains probl\u00e8mes de sant\u00e9 comme l\u2019hypertension peuvent commencer \u00e0 affecter le fonctionnement c\u00e9r\u00e9bral.<\/p>\n<p>Le dernier chapitre<\/p>\n<p class=\"font-claude-response-body whitespace-normal break-words\">Vers 83 ans survient le dernier basculement. La connectivit\u00e9 globale du cerveau d\u00e9cline davantage, et les diff\u00e9rentes r\u00e9gions tendent \u00e0 fonctionner de mani\u00e8re plus isol\u00e9e, comme si les autoroutes neuronales se transformaient en chemins de campagne.<\/p>\n<p>Pourquoi c\u2019est crucial<\/p>\n<p class=\"font-claude-response-body whitespace-normal break-words\">Cette d\u00e9couverte d\u00e9passe largement le cadre de l\u2019anecdote scientifique fascinante. Comprendre ces \u00e9poques c\u00e9r\u00e9brales permet d\u2019identifier pr\u00e9cis\u00e9ment quand et comment notre c\u00e2blage neuronal devient vuln\u00e9rable aux perturbations. De nombreux troubles neurod\u00e9veloppementaux, psychiatriques et neurologiques sont directement li\u00e9s \u00e0 la fa\u00e7on dont le cerveau est connect\u00e9.<\/p>\n<p class=\"font-claude-response-body whitespace-normal break-words\">Comme le souligne le professeur Duncan Astle, co-auteur de l\u2019\u00e9tude, les diff\u00e9rences dans le c\u00e2blage c\u00e9r\u00e9bral permettent de pr\u00e9dire des difficult\u00e9s d\u2019attention, de langage, de m\u00e9moire et toute une palette de comportements. Identifier ces fen\u00eatres critiques ouvre des perspectives th\u00e9rapeutiques enti\u00e8rement nouvelles.<\/p>\n<p class=\"font-claude-response-body whitespace-normal break-words\">Finalement, nous avons peut-\u00eatre tous intuitivement ressenti ces transitions dans nos vies. Il s\u2019av\u00e8re que ce n\u2019\u00e9tait pas une simple impression : notre cerveau traverse r\u00e9ellement des saisons distinctes, chacune avec ses r\u00e8gles et ses d\u00e9fis propres.<\/p>\n","protected":false},"excerpt":{"rendered":"Nous c\u00e9l\u00e9brons nos anniversaires comme des jalons arbitraires du temps qui passe, mais notre cerveau, lui, ne compte&hellip;\n","protected":false},"author":2,"featured_media":667828,"comment_status":"","ping_status":"","sticky":false,"template":"","format":"standard","meta":{"footnotes":""},"categories":[7],"tags":[1011,27,56,43,40,41,39,42,44],"class_list":{"0":"post-667827","1":"post","2":"type-post","3":"status-publish","4":"format-standard","5":"has-post-thumbnail","7":"category-sciences-et-technologies","8":"tag-fr","9":"tag-france","10":"tag-push","11":"tag-science","12":"tag-science-and-technology","13":"tag-sciences","14":"tag-sciences-et-technologies","15":"tag-technologies","16":"tag-technology"},"share_on_mastodon":{"url":"https:\/\/pubeurope.com\/@fr\/115905145115057863","error":""},"_links":{"self":[{"href":"https:\/\/www.europesays.com\/fr\/wp-json\/wp\/v2\/posts\/667827","targetHints":{"allow":["GET"]}}],"collection":[{"href":"https:\/\/www.europesays.com\/fr\/wp-json\/wp\/v2\/posts"}],"about":[{"href":"https:\/\/www.europesays.com\/fr\/wp-json\/wp\/v2\/types\/post"}],"author":[{"embeddable":true,"href":"https:\/\/www.europesays.com\/fr\/wp-json\/wp\/v2\/users\/2"}],"replies":[{"embeddable":true,"href":"https:\/\/www.europesays.com\/fr\/wp-json\/wp\/v2\/comments?post=667827"}],"version-history":[{"count":0,"href":"https:\/\/www.europesays.com\/fr\/wp-json\/wp\/v2\/posts\/667827\/revisions"}],"wp:featuredmedia":[{"embeddable":true,"href":"https:\/\/www.europesays.com\/fr\/wp-json\/wp\/v2\/media\/667828"}],"wp:attachment":[{"href":"https:\/\/www.europesays.com\/fr\/wp-json\/wp\/v2\/media?parent=667827"}],"wp:term":[{"taxonomy":"category","embeddable":true,"href":"https:\/\/www.europesays.com\/fr\/wp-json\/wp\/v2\/categories?post=667827"},{"taxonomy":"post_tag","embeddable":true,"href":"https:\/\/www.europesays.com\/fr\/wp-json\/wp\/v2\/tags?post=667827"}],"curies":[{"name":"wp","href":"https:\/\/api.w.org\/{rel}","templated":true}]}}