{"id":667832,"date":"2026-01-16T14:03:11","date_gmt":"2026-01-16T14:03:11","guid":{"rendered":"https:\/\/www.europesays.com\/fr\/667832\/"},"modified":"2026-01-16T14:03:11","modified_gmt":"2026-01-16T14:03:11","slug":"jai-vrille-declare-lex-compagnon-de-chloe-quil-a-tente-de-tuer-en-2022","status":"publish","type":"post","link":"https:\/\/www.europesays.com\/fr\/667832\/","title":{"rendered":"\u00abJ&rsquo;ai vrill\u00e9\u00bb, d\u00e9clare l&rsquo;ex-compagnon de Chlo\u00e9, qu\u2019il a tent\u00e9 de tuer en 2022"},"content":{"rendered":"<p>\n    Marvin J. est jug\u00e9 \u00e0 la cour d\u2019assises du Loir-et-Cher pour tentative de meurtre sur son ex-compagne. Il nie avoir eu l\u2019intention de la tuer.<\/p>\n<p class=\"fig-paragraph\">L&rsquo;ex-compagnon de Chlo\u00e9 P.,\u00a0<a href=\"http:\/\/www.lefigaro.fr\/faits-divers\/tentative-de-meurtre-a-blois-chloe-violemment-agressee-par-son-ex-compagnon-devrait-garder-des-sequelles-definitives-20230221\" data-fig-type=\"NewsFlash\" data-gtm-custom-categorie=\"navigation\" data-gtm-custom-action=\"crossclick\" data-gtm-custom-label=\"Contextuel\" data-gtm-event=\"customEventSPE\" data-fig-domain=\"LEFIGARO\" target=\"_blank\" rel=\"noopener\">victime d&rsquo;une violente agression en 2022<\/a>\u00a0dont elle garde de profondes s\u00e9quelles, a d\u00e9clar\u00e9 vendredi 16 janvier avoir \u00abvrill\u00e9\u00bb, devant la cour d&rsquo;assises du Loir-et-Cher, o\u00f9 il est jug\u00e9 pour tentative de meurtre sur son ex-compagne. \u00abJ&rsquo;ai vrill\u00e9 (&#8230;) C&rsquo;est comme si ma force avait \u00e9t\u00e9 d\u00e9cupl\u00e9e\u00bb, a d\u00e9clar\u00e9 Marvin J., 30 ans, cr\u00e2ne ras\u00e9 et en jogging, au deuxi\u00e8me jour de son proc\u00e8s.<\/p>\n<p class=\"fig-paragraph\">Durant plus d&rsquo;une heure, il a d\u00e9crit de mani\u00e8re confuse et d\u00e9tach\u00e9e la relation qu&rsquo;il a partag\u00e9e pendant quatre mois avec Chlo\u00e9 P., rencontr\u00e9e sur internet en ao\u00fbt 2022, minimisant les violences et menaces d\u00e9crites par les proches de la jeune femme. Il est aussi revenu sur la journ\u00e9e du 13 d\u00e9cembre 2022, au cours de laquelle la victime s&rsquo;est pr\u00e9sent\u00e9e au commissariat de Blois pour porter plainte contre lui, avant d&rsquo;\u00eatre invit\u00e9e \u00e0 revenir le lendemain.<\/p>\n<p>                                            <a class=\"fig-a11y-skip\" href=\"#fig-a11y-skip-main-inarticle\" data-module=\"a11y-skip\" data-context=\"was @visible\"><br \/>\n    Passer la publicit\u00e9<br \/>\n<\/a>            <\/p>\n<p class=\"fig-paragraph\">Deux heures plus tard, elle est retrouv\u00e9e\u00a0<a href=\"http:\/\/www.lefigaro.fr\/marseille\/je-vais-mourir-la-lente-agonie-de-sylvia-laissee-seule-par-les-secours-apres-avoir-ete-battue-a-mort-par-son-compagnon-20251020\" data-fig-type=\"NewsFlash\" data-gtm-custom-categorie=\"navigation\" data-gtm-custom-action=\"crossclick\" data-gtm-custom-label=\"Contextuel\" data-gtm-event=\"customEventSPE\" data-fig-domain=\"LEFIGARO\" target=\"_blank\" rel=\"noopener\">laiss\u00e9e pour morte<\/a>\u00a0dans les parties communes de son immeuble. Le jour des faits, alors que Chlo\u00e9 P. avait rompu avec lui, l&rsquo;accus\u00e9 a expliqu\u00e9 \u00eatre revenu \u00e0 Blois pour r\u00e9cup\u00e9rer la jeune femme, qui \u00e9tait tomb\u00e9e enceinte au cours de leur relation et qui avait\u00a0<a href=\"http:\/\/www.lefigaro.fr\/international\/israel-avortement-complotisme-ces-fractures-qui-menacent-la-fragile-unite-derriere-donald-trump-20251222\" data-fig-type=\"Article\" data-gtm-custom-categorie=\"navigation\" data-gtm-custom-action=\"crossclick\" data-gtm-custom-label=\"Contextuel\" data-gtm-event=\"customEventSPE\" data-fig-domain=\"LEFIGARO\" target=\"_blank\" rel=\"noopener\">avort\u00e9\u00a0<\/a>avant l&rsquo;agression. \u00abElle m&rsquo;a dit avoir d\u00e9cid\u00e9 d&rsquo;interrompre la grossesse. J&rsquo;ai \u00e9t\u00e9 pris pour un con, j&rsquo;\u00e9tais triste et en col\u00e8re\u00bb, a-t-il dit, agit\u00e9, depuis le box.<\/p>\n<p>                                            \u00abDix secondes top chrono\u00bb<\/p>\n<p class=\"fig-paragraph\">Marvin J. a alors racont\u00e9 ces \u00abdix secondes top chrono\u00bb, o\u00f9 tout a bascul\u00e9, alors qu&rsquo;elle s&rsquo;appr\u00eatait \u00e0 sortir pour appeler \u00e0 l&rsquo;aide. \u00abJe l&rsquo;ai attrap\u00e9e par les \u00e9paules, tir\u00e9e vers l&rsquo;int\u00e9rieur de l&rsquo;immeuble, puis j&rsquo;ai port\u00e9 deux \u00e0 trois coups de pied dans la t\u00eate\u00bb, a d\u00e9crit l&rsquo;accus\u00e9, qui risque la perp\u00e9tuit\u00e9, indiquant ne pas avoir imagin\u00e9 \u00abque c&rsquo;\u00e9tait aussi grave\u00bb. Il a ni\u00e9 avoir voulu la tuer.<\/p>\n<p class=\"fig-paragraph\">Sur le banc, Chlo\u00e9 P., entour\u00e9e de ses parents, n&rsquo;a pas montr\u00e9 de r\u00e9action. La veille, elle avait momentan\u00e9ment quitt\u00e9 la salle en d\u00e9couvrant les images de son visage tum\u00e9fi\u00e9 par les violences. Les s\u00e9quelles de la jeune femme, qui a notamment pass\u00e9 deux mois dans le coma, sont nombreuses. Outre la perte de son \u0153il droit, les s\u00e9quelles neurologiques sont irr\u00e9versibles. Jeudi \u00e0 la barre, la m\u00e8re de la victime a d\u00e9taill\u00e9 la perte des \u00absouvenirs\u00bb, du \u00abgo\u00fbt\u00bb, de \u00abl&rsquo;odorat\u00bb dont souffre d\u00e9sormais sa fille.<\/p>\n<p class=\"fig-paragraph\">Chaque jour en France, plus de trois femmes sont victimes de f\u00e9minicide ou tentative de f\u00e9minicide conjugal, un chiffre en hausse sur un an selon les donn\u00e9es 2024 de la Mission interminist\u00e9rielle pour la protection des femmes (Miprof). Le verdict est attendu vendredi soir.<\/p>\n","protected":false},"excerpt":{"rendered":"Marvin J. est jug\u00e9 \u00e0 la cour d\u2019assises du Loir-et-Cher pour tentative de meurtre sur son ex-compagne. Il&hellip;\n","protected":false},"author":2,"featured_media":667833,"comment_status":"","ping_status":"","sticky":false,"template":"","format":"standard","meta":{"footnotes":""},"categories":[4],"tags":[11,1011,27,303,12,25,5118],"class_list":{"0":"post-667832","1":"post","2":"type-post","3":"status-publish","4":"format-standard","5":"has-post-thumbnail","7":"category-france","8":"tag-actualites","9":"tag-fr","10":"tag-france","11":"tag-justice","12":"tag-news","13":"tag-republique-francaise","14":"tag-tentative-de-meurtre"},"share_on_mastodon":{"url":"https:\/\/pubeurope.com\/@fr\/115905154516837359","error":""},"_links":{"self":[{"href":"https:\/\/www.europesays.com\/fr\/wp-json\/wp\/v2\/posts\/667832","targetHints":{"allow":["GET"]}}],"collection":[{"href":"https:\/\/www.europesays.com\/fr\/wp-json\/wp\/v2\/posts"}],"about":[{"href":"https:\/\/www.europesays.com\/fr\/wp-json\/wp\/v2\/types\/post"}],"author":[{"embeddable":true,"href":"https:\/\/www.europesays.com\/fr\/wp-json\/wp\/v2\/users\/2"}],"replies":[{"embeddable":true,"href":"https:\/\/www.europesays.com\/fr\/wp-json\/wp\/v2\/comments?post=667832"}],"version-history":[{"count":0,"href":"https:\/\/www.europesays.com\/fr\/wp-json\/wp\/v2\/posts\/667832\/revisions"}],"wp:featuredmedia":[{"embeddable":true,"href":"https:\/\/www.europesays.com\/fr\/wp-json\/wp\/v2\/media\/667833"}],"wp:attachment":[{"href":"https:\/\/www.europesays.com\/fr\/wp-json\/wp\/v2\/media?parent=667832"}],"wp:term":[{"taxonomy":"category","embeddable":true,"href":"https:\/\/www.europesays.com\/fr\/wp-json\/wp\/v2\/categories?post=667832"},{"taxonomy":"post_tag","embeddable":true,"href":"https:\/\/www.europesays.com\/fr\/wp-json\/wp\/v2\/tags?post=667832"}],"curies":[{"name":"wp","href":"https:\/\/api.w.org\/{rel}","templated":true}]}}